{"id":10014,"date":"2021-08-04T16:54:52","date_gmt":"2021-08-04T14:54:52","guid":{"rendered":"https:\/\/www.culturalusa.com\/news\/?p=10014"},"modified":"2021-08-04T16:56:42","modified_gmt":"2021-08-04T14:56:42","slug":"climat-pollution-de-lair-letat-condamne-a-payer-10-millions-deuros","status":"publish","type":"post","link":"https:\/\/www.culturalusa.com\/news\/actualite\/climat-pollution-de-lair-letat-condamne-a-payer-10-millions-deuros\/","title":{"rendered":"Climat : pollution de l&rsquo;air, l&rsquo;Etat condamn\u00e9 \u00e0 payer 10 millions d&rsquo;euros"},"content":{"rendered":"<p>France: <strong>l&rsquo;Etat a \u00e9t\u00e9 condamn\u00e9 \u00e0 payer 10 millions d&rsquo;euros pour ne pas avoir renforc\u00e9 suffisamment son dispositif contre la pollution de l&rsquo;air<\/strong>, une somme record pour une d\u00e9cision qualifi\u00e9e \u00e0 l&rsquo;avance d'\u00a0\u00bbhistorique\u00a0\u00bb par les ONG.<\/p>\n<blockquote><p>La somme, la plus \u00e9lev\u00e9e jamais impos\u00e9e pour contraindre l&rsquo;Etat \u00e0 appliquer une d\u00e9cision de la justice administrative, refl\u00e8te le manquement r\u00e9p\u00e9t\u00e9 des gouvernements successifs \u00e0 ex\u00e9cuter enti\u00e8rement les injonctions de la plus haute juridiction administrative fran\u00e7aise.<\/p><\/blockquote>\n<p>La premi\u00e8re d\u00e9cision dans cette affaire, embl\u00e9matique d&rsquo;un fl\u00e9au qui fait 40.000 morts par an en France, remonte \u00e0 juillet 2017.<\/p>\n<p>Le Conseil d&rsquo;Etat avait alors enjoint l&rsquo;Etat de mettre en oeuvre des plans de r\u00e9duction des niveaux de particules PM10 (diam\u00e8tre inf\u00e9rieur ou \u00e9gal \u00e0 10 microns) et\/ou de dioxyde d&rsquo;azote (NO2, notamment associ\u00e9 au trafic routier) dans treize zones.<\/p>\n<p>Mais trois ans plus tard, malgr\u00e9 les feuilles de route adopt\u00e9es, la justice constatait des valeurs toujours d\u00e9pass\u00e9es pour 8 d&rsquo;entre elles, et donnait six mois \u00e0 l&rsquo;Etat pour durcir ses mesures.<\/p>\n<p>Fin janvier 2021, le Conseil d&rsquo;Etat a lanc\u00e9 une analyse pour \u00e9valuer les nouvelles politiques, notamment la g\u00e9n\u00e9ralisation pr\u00e9vue des zones \u00e0 faibles \u00e9missions limitant la circulation dans les grandes villes, mise en avant par l&rsquo;Etat.<\/p>\n<blockquote><p>Mais si les juges constatent bien une am\u00e9lioration dans plusieurs des zones concern\u00e9es, ils pointent du doigt un d\u00e9passement des seuils limites de pollution ou un retour \u00ab\u00a0non consolid\u00e9\u00a0\u00bb sous ces seuils dans cinq agglom\u00e9rations pour le NO2 (Paris, Lyon, Marseille-Aix, Toulouse et Grenoble) et \u00e0 Paris pour les PM10.<\/p><\/blockquote>\n<p>\u00ab\u00a0L\u2019Etat ne peut \u00eatre regard\u00e9 comme ayant pris des mesures suffisantes propres \u00e0 assurer l\u2019ex\u00e9cution compl\u00e8te des d\u00e9cisions\u00a0\u00bb de 2017 et 2020, estiment-ils.<\/p>\n<p>\u00ab\u00a0Si l&rsquo;ensemble des mesures mises en avant par la ministre (de la Transition \u00e9cologique) devraient avoir pour effet de poursuivre l&rsquo;am\u00e9lioration de la situation constat\u00e9e \u00e0 ce jour, les incertitudes entourant l&rsquo;adoption ou les conditions de mise en \u0153uvre de certaines d&rsquo;entre elles ainsi que l&rsquo;absence d&rsquo;\u00e9valuation fiable de leurs effets dans les zones concern\u00e9es ne permettent pas, en l&rsquo;\u00e9tat de l&rsquo;instruction, de consid\u00e9rer qu&rsquo;elles seront de nature \u00e0 mettre un terme aux d\u00e9passements encore constat\u00e9s ou de consolider la situation de non-d\u00e9passement\u00a0\u00bb, insiste la d\u00e9cision.<\/p>\n<h3>Renouvelable<\/h3>\n<p><strong>Cette somme de 10 millions d&rsquo;euros concerne le premier semestre 2021.<\/strong><\/p>\n<p>Le Conseil d\u2019Etat r\u00e9examinera d\u00e9but 2022 les actions du gouvernement pour le second semestre et pourra \u00ab\u00a0\u00e0 nouveau ordonner le paiement d\u2019une nouvelle astreinte de 10 millions d&rsquo;euros, qui pourra \u00e9ventuellement \u00eatre major\u00e9e ou minor\u00e9e\u00a0\u00bb, a pr\u00e9cis\u00e9 dans un communiqu\u00e9 la plus haute juridiction administrative fran\u00e7aise, de plus en plus active en mati\u00e8re environnementale.<\/p>\n<p>D\u00e8s les recommandations du rapporteur public mi-juillet, qui avait demand\u00e9 la m\u00eame somme, les ONG requ\u00e9rantes avaient pari\u00e9 sur une d\u00e9cision \u00ab\u00a0historique\u00a0\u00bb.<\/p>\n<h3>\u00ab\u00a0Si le Conseil d\u2019\u00c9tat suit les conclusions du rapporteur public, cette astreinte sera historique et renforcera le r\u00f4le cl\u00e9 jou\u00e9 par la justice administrative dans la lutte contre le changement climatique\u00a0\u00bb, avaient alors d\u00e9clar\u00e9 les Amis de la Terre, \u00e0 l&rsquo;origine de cette action, et Greenpeace.<\/h3>\n<p>En g\u00e9n\u00e9ral les astreintes sont vers\u00e9es au budget de l&rsquo;Etat, mais l&rsquo;Etat \u00e9tant lui-m\u00eame le d\u00e9biteur dans cette affaire, les juges ont innov\u00e9 en mati\u00e8re de b\u00e9n\u00e9ficiaires.<\/p>\n<p>Le Conseil d&rsquo;Etat a ainsi attribu\u00e9 100.000 euros aux Amis de la Terre.<\/p>\n<p>Le reste est divis\u00e9 entre plusieurs organismes publics engag\u00e9s dans la lutte contre la pollution de l&rsquo;air (Ademe, Cerema, Anses, Ineris) et quatre associations r\u00e9gionales de surveillance de la qualit\u00e9 de l&rsquo;air.<\/p>\n<p>Alors que certains requ\u00e9rants r\u00e9clamaient la mise en place d&rsquo;un fonds sp\u00e9cifique pouvant financer des projets d\u00e9di\u00e9s \u00e0 la lutte contre la pollution de l&rsquo;air, les ONG s&rsquo;inqui\u00e8tent que l&rsquo;Etat r\u00e9duise ensuite d&rsquo;autant le budget de ces organismes.<\/p>\n<blockquote><p>Cette condamnation fait suite \u00e0 une autre d\u00e9cision \u00ab\u00a0historique\u00a0\u00bb du Conseil d&rsquo;Etat, refl\u00e9tant la multiplication des actions en justice \u00e0 travers le monde pour demander aux Etats et aux entreprises \u00e0 en faire plus pour prot\u00e9ger la plan\u00e8te.<\/p><\/blockquote>\n<p>Le 1er juillet, les juges ont ainsi donn\u00e9 \u00e0 l&rsquo;Etat neuf mois pour prendre des mesures suppl\u00e9mentaires contre le r\u00e9chauffement. A l&rsquo;issue de cette p\u00e9riode, s&rsquo;ils estimaient que les mesures sont toujours insuffisantes, ils pourraient l\u00e0 aussi imposer une astreinte financi\u00e8re.<\/p>\n","protected":false},"excerpt":{"rendered":"<p>France: l&rsquo;Etat a \u00e9t\u00e9 condamn\u00e9 \u00e0 payer 10 millions d&rsquo;euros pour ne pas avoir renforc\u00e9 suffisamment son dispositif contre la pollution de l&rsquo;air, une somme record pour une d\u00e9cision qualifi\u00e9e \u00e0 l&rsquo;avance d&rsquo;\u00a0\u00bbhistorique\u00a0\u00bb par les ONG. La somme, la plus \u00e9lev\u00e9e jamais impos\u00e9e pour contraindre l&rsquo;Etat \u00e0 appliquer une d\u00e9cision de la justice administrative, refl\u00e8te [&hellip;]<\/p>\n","protected":false},"author":1,"featured_media":10015,"comment_status":"open","ping_status":"closed","sticky":false,"template":"","format":"standard","meta":{"footnotes":""},"categories":[30],"tags":[208,1293,621,987],"class_list":["post-10014","post","type-post","status-publish","format-standard","has-post-thumbnail","hentry","category-actualite","tag-climat","tag-france","tag-paris","tag-pollution-de-lair"],"aioseo_notices":[],"_links":{"self":[{"href":"https:\/\/www.culturalusa.com\/news\/wp-json\/wp\/v2\/posts\/10014","targetHints":{"allow":["GET"]}}],"collection":[{"href":"https:\/\/www.culturalusa.com\/news\/wp-json\/wp\/v2\/posts"}],"about":[{"href":"https:\/\/www.culturalusa.com\/news\/wp-json\/wp\/v2\/types\/post"}],"author":[{"embeddable":true,"href":"https:\/\/www.culturalusa.com\/news\/wp-json\/wp\/v2\/users\/1"}],"replies":[{"embeddable":true,"href":"https:\/\/www.culturalusa.com\/news\/wp-json\/wp\/v2\/comments?post=10014"}],"version-history":[{"count":0,"href":"https:\/\/www.culturalusa.com\/news\/wp-json\/wp\/v2\/posts\/10014\/revisions"}],"wp:featuredmedia":[{"embeddable":true,"href":"https:\/\/www.culturalusa.com\/news\/wp-json\/wp\/v2\/media\/10015"}],"wp:attachment":[{"href":"https:\/\/www.culturalusa.com\/news\/wp-json\/wp\/v2\/media?parent=10014"}],"wp:term":[{"taxonomy":"category","embeddable":true,"href":"https:\/\/www.culturalusa.com\/news\/wp-json\/wp\/v2\/categories?post=10014"},{"taxonomy":"post_tag","embeddable":true,"href":"https:\/\/www.culturalusa.com\/news\/wp-json\/wp\/v2\/tags?post=10014"}],"curies":[{"name":"wp","href":"https:\/\/api.w.org\/{rel}","templated":true}]}}