{"id":10222,"date":"2021-08-15T11:27:15","date_gmt":"2021-08-15T09:27:15","guid":{"rendered":"https:\/\/www.culturalusa.com\/news\/?p=10222"},"modified":"2021-08-15T11:29:06","modified_gmt":"2021-08-15T09:29:06","slug":"la-france-va-boycotter-la-conference-de-lonu-sur-le-racisme-cette-annee","status":"publish","type":"post","link":"https:\/\/www.culturalusa.com\/news\/politique\/la-france-va-boycotter-la-conference-de-lonu-sur-le-racisme-cette-annee\/","title":{"rendered":"La France va boycotter la conf\u00e9rence de l&rsquo;ONU sur le racisme cette ann\u00e9e"},"content":{"rendered":"<p>Le pr\u00e9sident Emmanuel Macron ne participera pas cette ann\u00e9e \u00e0 la conf\u00e9rence de l&rsquo;Onu sur le racisme, dite \u00ab\u00a0<strong>conf\u00e9rence de Durban IV<\/strong>\u00ab\u00a0, a fait savoir l&rsquo;Elys\u00e9e vendredi.<\/p>\n<blockquote><p>\u00ab\u00a0Pr\u00e9occup\u00e9 par l&rsquo;historique des d\u00e9clarations antis\u00e9mites prononc\u00e9es dans le cadre de la conf\u00e9rence des Nations unies sur le racisme, dite conf\u00e9rence de Durban, le Pr\u00e9sident de la R\u00e9publique a d\u00e9cid\u00e9 que la France ne participerait pas \u00e0 la conf\u00e9rence de suivi qui aura lieu cette ann\u00e9e\u00a0\u00bb, a pr\u00e9cis\u00e9 la pr\u00e9sidence de la R\u00e9publique.<\/p><\/blockquote>\n<p>En septembre 2021, dans le cadre de l&rsquo;Assembl\u00e9e g\u00e9n\u00e9rale des Nations Unies \u00e0 New York, une journ\u00e9e doit \u00eatre consacr\u00e9e \u00e0 une s\u00e9ance marquant le 20e anniversaire de la Conf\u00e9rence mondiale contre le racisme, la discrimination raciale, la x\u00e9nophobie et l&rsquo;intol\u00e9rance qui s&rsquo;est tenue \u00e0 Durban (Afrique du Sud) en 2001.<\/p>\n<h3>La premi\u00e8re \u00e9dition de ce forum avait \u00e9t\u00e9 marqu\u00e9e par le retrait d&rsquo;Isra\u00ebl et des Etats-Unis, apr\u00e8s que des pays arabes ont tent\u00e9 d&rsquo;y assimiler le sionisme au racisme.<\/h3>\n<p>La seconde \u00e9dition, en 2011 \u00e0 Gen\u00e8ve, d\u00e9j\u00e0 boycott\u00e9e par plusieurs pays, avait vu les repr\u00e9sentants des pays europ\u00e9ens quitter la salle de conf\u00e9rence lors d&rsquo;un discours anti-isra\u00e9lien prononc\u00e9 \u00e0 la tribune par le pr\u00e9sident iranien de l&rsquo;\u00e9poque, Mahmoud Ahmadinejad.<\/p>\n<blockquote><p>Plusieurs pays ont d\u00e9j\u00e0 annonc\u00e9 qu&rsquo;ils ne comptaient pas participer \u00e0 la prochaine session, dont l&rsquo;Australie, l&rsquo;Autriche, le Canada, les Etats-Unis, la Hongrie, Isra\u00ebl, les Pays-Bas, la R\u00e9publique tch\u00e8que et le Royaume-Uni.<\/p><\/blockquote>\n<p>(Reportage Elizabeth Pineau, avec la contribution de Myriam Rivet, \u00e9dit\u00e9 par Blandine H\u00e9nault)<br \/>\n(Reuters)<\/p>\n","protected":false},"excerpt":{"rendered":"<p>Le pr\u00e9sident Emmanuel Macron ne participera pas cette ann\u00e9e \u00e0 la conf\u00e9rence de l&rsquo;Onu sur le racisme, dite \u00ab\u00a0conf\u00e9rence de Durban IV\u00ab\u00a0, a fait savoir l&rsquo;Elys\u00e9e vendredi. \u00ab\u00a0Pr\u00e9occup\u00e9 par l&rsquo;historique des d\u00e9clarations antis\u00e9mites prononc\u00e9es dans le cadre de la conf\u00e9rence des Nations unies sur le racisme, dite conf\u00e9rence de Durban, le Pr\u00e9sident de la R\u00e9publique [&hellip;]<\/p>\n","protected":false},"author":1,"featured_media":10223,"comment_status":"open","ping_status":"closed","sticky":false,"template":"","format":"standard","meta":{"footnotes":""},"categories":[1494],"tags":[2013,1293,553,838,2014],"class_list":["post-10222","post","type-post","status-publish","format-standard","has-post-thumbnail","hentry","category-politique","tag-conference-de-durban-iv","tag-france","tag-onu","tag-pape-et-macron","tag-pays-arabes"],"aioseo_notices":[],"_links":{"self":[{"href":"https:\/\/www.culturalusa.com\/news\/wp-json\/wp\/v2\/posts\/10222","targetHints":{"allow":["GET"]}}],"collection":[{"href":"https:\/\/www.culturalusa.com\/news\/wp-json\/wp\/v2\/posts"}],"about":[{"href":"https:\/\/www.culturalusa.com\/news\/wp-json\/wp\/v2\/types\/post"}],"author":[{"embeddable":true,"href":"https:\/\/www.culturalusa.com\/news\/wp-json\/wp\/v2\/users\/1"}],"replies":[{"embeddable":true,"href":"https:\/\/www.culturalusa.com\/news\/wp-json\/wp\/v2\/comments?post=10222"}],"version-history":[{"count":0,"href":"https:\/\/www.culturalusa.com\/news\/wp-json\/wp\/v2\/posts\/10222\/revisions"}],"wp:featuredmedia":[{"embeddable":true,"href":"https:\/\/www.culturalusa.com\/news\/wp-json\/wp\/v2\/media\/10223"}],"wp:attachment":[{"href":"https:\/\/www.culturalusa.com\/news\/wp-json\/wp\/v2\/media?parent=10222"}],"wp:term":[{"taxonomy":"category","embeddable":true,"href":"https:\/\/www.culturalusa.com\/news\/wp-json\/wp\/v2\/categories?post=10222"},{"taxonomy":"post_tag","embeddable":true,"href":"https:\/\/www.culturalusa.com\/news\/wp-json\/wp\/v2\/tags?post=10222"}],"curies":[{"name":"wp","href":"https:\/\/api.w.org\/{rel}","templated":true}]}}