{"id":10252,"date":"2021-08-27T18:18:53","date_gmt":"2021-08-27T16:18:53","guid":{"rendered":"https:\/\/www.culturalusa.com\/news\/?p=10252"},"modified":"2021-08-27T18:26:57","modified_gmt":"2021-08-27T16:26:57","slug":"afghanistan-attentat-les-dernieres-evacuations-reprennent-a-laeroport-apres-lattentat-sanglant","status":"publish","type":"post","link":"https:\/\/www.culturalusa.com\/news\/monde\/afghanistan-attentat-les-dernieres-evacuations-reprennent-a-laeroport-apres-lattentat-sanglant\/","title":{"rendered":"Afghanistan attentat : les derni\u00e8res \u00e9vacuations reprennent \u00e0 l&rsquo;a\u00e9roport apr\u00e8s l&rsquo;attentat sanglant"},"content":{"rendered":"<p>Le bilan de l&rsquo;attentat \u00e0 l&rsquo;a\u00e9roport de Kaboul, monte d&rsquo;au moins \u00e0 72 morts et plus de 160 bless\u00e9s<\/p>\n<p>Les \u00e9vacuations d&rsquo;\u00e9trangers et d&rsquo;Afghans fuyant le nouveau r\u00e9gime taliban ont repris vendredi \u00e0 <strong>l&rsquo;a\u00e9roport de Kaboul<\/strong>, au lendemain de <strong>l&rsquo;attentat du groupe jihadiste Etat islamique<\/strong> (EI) qui a tu\u00e9 au moins 85 personnes, dont treize soldats am\u00e9ricains, au milieu de la foule des candidats au d\u00e9part.<\/p>\n<blockquote><p>L&rsquo;attentat, commis jeudi \u00e0 la tomb\u00e9e de la nuit, \u00e9t\u00e9 <span style=\"color: #800000;\">condamn\u00e9 par le pouvoir taliban<\/span> et de nombreux pays dont les <span style=\"color: #800000;\">Etats-Unis et leurs alli\u00e9s ainsi que la Russie et la Chine<\/span>.<\/p><\/blockquote>\n<p>Il a fait monter la tension d&rsquo;un cran suppl\u00e9mentaire, \u00e0 quelques jours de la date-butoir du 31 ao\u00fbt pr\u00e9vue pour le retrait des soldats am\u00e9ricains du pays apr\u00e8s 20 ans de guerre, synonyme de fin des \u00e9vacuations.<\/p>\n<p>L&rsquo;attaque, un double attentat-suicide, a vis\u00e9 les Etats-Unis qui organisent les \u00e9vacuations et des Afghans parmi les milliers de ceux qui campent depuis des jours devant l&rsquo;a\u00e9roport, dans l&rsquo;espoir d&rsquo;y entrer et de prendre un des innombrables vols pr\u00e9vus pour les \u00e9trangers et les Afghans potentiellement menac\u00e9s par le nouveau r\u00e9gime.<\/p>\n<p>Elle a foudroy\u00e9 ses victimes, certaines projet\u00e9es aux alentours jusque dans les eaux sales d&rsquo;un canal d&rsquo;\u00e9gout bordant l&rsquo;entr\u00e9e de l&rsquo;a\u00e9roport. Et sem\u00e9 la panique chez les autres, hommes, femmes et enfants courant dans tous les sens pour quitter la zone au plus vite.<\/p>\n<blockquote><p>\u00ab\u00a0<span style=\"color: #800000;\">Il y a beaucoup de femmes et d&rsquo;enfants parmi les victimes. la plupart des gens sont choqu\u00e9s, traumatis\u00e9s<\/span>\u00ab\u00a0, a d\u00e9clar\u00e9 un responsable de l&rsquo;ancien gouvernement renvers\u00e9 mi ao\u00fbt par les talibans, en annon\u00e7ant \u00e0 l&rsquo;AFP le nouveau bilan d&rsquo;au moins <span style=\"color: #800000;\">72 morts et 150 bless\u00e9s<\/span> \u00e0 partir des informations recueillies dans les h\u00f4pitaux locaux.<\/p><\/blockquote>\n<p>Mais nombre de sources craignaient que le bilan ne s&rsquo;alourdisse encore, alors que les h\u00f4pitaux locaux \u00e9taient assaillis vendredi de personnes cherchant leurs proches disparus depuis la veille \u00e0 l&rsquo;a\u00e9roport.<\/p>\n<p>La double explosion a \u00e9galement tu\u00e9 au moins treize soldats am\u00e9ricains et en a bless\u00e9 dix-huit autres, selon le Pentagone, ce qui en fait l&rsquo;attaque la plus meurtri\u00e8re contre l&rsquo;arm\u00e9e am\u00e9ricaine en Afghanistan depuis 2011.<\/p>\n<h3>Joe Biden a r\u00e9agi en promettant de \u00ab\u00a0pourchasser\u00a0\u00bb et de \u00ab\u00a0faire payer\u00a0\u00bb les auteurs de l&rsquo;attaque<\/h3>\n<p>Confront\u00e9 \u00e0 la plus grave crise depuis le d\u00e9but de son mandat et visiblement secou\u00e9, le pr\u00e9sident am\u00e9ricain Joe Biden a r\u00e9agi en promettant de \u00ab\u00a0pourchasser\u00a0\u00bb et de \u00ab\u00a0faire payer\u00a0\u00bb les auteurs de l&rsquo;attaque. \u00ab\u00a0Nous ne pardonnerons pas. L&rsquo;Am\u00e9rique ne se laissera pas intimider\u00a0\u00bb, a-t-il lanc\u00e9 d&rsquo;un ton martial.<\/p>\n<p>M. Biden n&rsquo;en reste pas moins d\u00e9termin\u00e9 \u00e0 mettre fin \u00e0 deux d\u00e9cennies d&rsquo;une guerre longue, lointaine et sanglante pour son pays, et a fait savoir que les Etats-Unis allaient poursuivre les \u00e9vacuations en cours jusqu&rsquo;\u00e0 leur d\u00e9part pr\u00e9vu le 31 ao\u00fbt.<\/p>\n<p>Vendredi, la situation semblait calme \u00e0 Kaboul, notamment autour de l&rsquo;a\u00e9roport o\u00f9 les vols affr\u00e9t\u00e9s par les Occidentaux ont repris sur le tarmac de l&rsquo;a\u00e9roport, derni\u00e8re enclave occup\u00e9e par les forces occidentales en Afghanistan.<\/p>\n<p>L&rsquo;Otan et l&rsquo;Union europ\u00e9enne avaient appel\u00e9 apr\u00e8s l&rsquo;attentat \u00e0 poursuivre les \u00e9vacuations malgr\u00e9 tout.<\/p>\n<p>La France, via le secr\u00e9taire d&rsquo;Etat aux Affaires europ\u00e9ennes Cl\u00e9ment Beaune, a indiqu\u00e9 qu&rsquo;elle pourrait les poursuivre \u00ab\u00a0au-del\u00e0\u00a0\u00bb de vendredi soir, tout en se voulant prudent au vu du contexte s\u00e9curitaire incertain.<\/p>\n<p>L&rsquo;Espagne et la Su\u00e8de ont annonc\u00e9 vendredi avoir termin\u00e9 leurs vols d&rsquo;\u00e9vacuation, comme notamment l&rsquo;Allemagne, les Pays-Bas, le Canada et l&rsquo;Australie avant elles. Celles des Britanniques s&rsquo;ach\u00e8veront \u00ab\u00a0dans quelques heures\u00a0\u00bb, a pr\u00e9cis\u00e9 Londres vendredi matin.<\/p>\n<p>Le gigantesque pont a\u00e9rien mis en place par les Occidentaux apr\u00e8s la soudaine prise du pouvoir par les talibans \u00e0 la mi-ao\u00fbt a jusqu&rsquo;ici permis l&rsquo;\u00e9vacuation de plus de 100.000 \u00e9trangers et Afghans.<\/p>\n<p>Le pr\u00e9sident turc Recep Tayyip Erdogan a de son c\u00f4t\u00e9 annonc\u00e9 vendredi que son pays avait tenu de premi\u00e8res discussions avec les talibans \u00e0 Kaboul, et qu&rsquo;il \u00e9tudiait une proposition des nouveaux ma\u00eetres de l&rsquo;Afghanistan pour g\u00e9rer l&rsquo;a\u00e9roport de la capitale apr\u00e8s le retrait am\u00e9ricain.<\/p>\n<h3>\u00ab\u00a0Plus jamais\u00a0\u00bb<\/h3>\n<p>Les talibans se sont efforc\u00e9s depuis leur retour d&rsquo;afficher une image ouverte et mod\u00e9r\u00e9e.<\/p>\n<p>Mais <span style=\"color: #800000;\"><strong>beaucoup d&rsquo;Afghans, souvent urbains et \u00e9duqu\u00e9s, craignent que les islamistes n&rsquo;instaurent le m\u00eame type de r\u00e9gime fondamentaliste et brutal<\/strong><\/span> que lorsqu&rsquo;ils \u00e9taient au pouvoir entre 1996 et 2001.<\/p>\n<p>Ceux qui travaill\u00e9 ces derni\u00e8res ann\u00e9es avec les \u00e9trangers ou le gouvernement pro-occidental d\u00e9chu, notamment, craignent d&rsquo;\u00eatre r\u00e9duits au silence voire traqu\u00e9s et ont nourri le flot des nombreux candidats au d\u00e9part.<\/p>\n<p>Les talibans, qui ont permis aux Etats-Unis de finir de g\u00e9rer les \u00e9vacuations, travaillent \u00e0 la formation du gouvernement qu&rsquo;ils comptent mettre en place apr\u00e8s le d\u00e9part am\u00e9ricains.<\/p>\n<p>Mais leurs rivaux jihadistes de l&rsquo;EI, responsables eux aussi de sanglantes attaques dans le pays ces derni\u00e8res ann\u00e9es, semblaient vouloir capitaliser sur l&rsquo;atmosph\u00e8re de f\u00e9brilit\u00e9 et de chaos \u00e0 Kaboul, notamment autour de l&rsquo;a\u00e9roport.<\/p>\n<p>Un t\u00e9moin afghan de l&rsquo;attentat, pr\u00e9nomm\u00e9 Milad, a d\u00e9crit \u00e0 l&rsquo;AFP \u00ab\u00a0une \u00e9norme explosion au milieu de la foule qui attendait devant une des portes de l\u2019a\u00e9roport\u00a0\u00bb, o\u00f9 entrent des gens qui se font \u00e9vacuer par les Occidentaux.<\/p>\n<p>Choqu\u00e9 par ces \u00ab\u00a0corps et fragments humains projet\u00e9s\u00a0\u00bb tout autour, il dit avoir, dans la confusion, perdu les documents avec lesquels il esp\u00e9rait embarquer sur un vol avec sa femme et ses trois enfants. \u00ab\u00a0Je ne veux plus jamais aller (\u00e0 l&rsquo;a\u00e9roport). Mort \u00e0 l&rsquo;Am\u00e9rique, son \u00e9vacuation et ses visas\u00a0\u00bb, a-t-il ajout\u00e9, \u00e9c\u0153ur\u00e9.<\/p>\n<p>Les bless\u00e9s \u00ab\u00a0ne pouvaient pas parler, beaucoup \u00e9taient terrifi\u00e9s, leurs yeux perdus dans le vague, leur regard vide\u00a0\u00bb, a tweet\u00e9 le coordinateur m\u00e9dical de l&rsquo;h\u00f4pital g\u00e9r\u00e9 par l&rsquo;ONG italienne Emergency, Alberto Zanin.<\/p>\n<p>Le nouveau r\u00e9gime taliban, via son porte-parole Zabihullah Mujahid, a \u00ab\u00a0fermement condamn\u00e9\u00a0\u00bb ces attentats, tout en soulignant qu&rsquo;ils \u00e9taient survenus dans une zone plac\u00e9e sous la responsabilit\u00e9 de l&rsquo;arm\u00e9e am\u00e9ricaine.<\/p>\n<p>Apr\u00e8s l&rsquo;attentat, le secr\u00e9taire g\u00e9n\u00e9ral de l&rsquo;ONU Antonio Guterres a convoqu\u00e9 les membres permanents du Conseil de S\u00e9curit\u00e9 pour une r\u00e9union lundi sur la situation en Afghanistan. (AFP)<\/p>\n","protected":false},"excerpt":{"rendered":"<p>Le bilan de l&rsquo;attentat \u00e0 l&rsquo;a\u00e9roport de Kaboul, monte d&rsquo;au moins \u00e0 72 morts et plus de 160 bless\u00e9s Les \u00e9vacuations d&rsquo;\u00e9trangers et d&rsquo;Afghans fuyant le nouveau r\u00e9gime taliban ont repris vendredi \u00e0 l&rsquo;a\u00e9roport de Kaboul, au lendemain de l&rsquo;attentat du groupe jihadiste Etat islamique (EI) qui a tu\u00e9 au moins 85 personnes, dont treize [&hellip;]<\/p>\n","protected":false},"author":1,"featured_media":10253,"comment_status":"open","ping_status":"closed","sticky":false,"template":"","format":"standard","meta":{"footnotes":""},"categories":[1372],"tags":[2025,412,1357,2026],"class_list":["post-10252","post","type-post","status-publish","format-standard","has-post-thumbnail","hentry","category-monde","tag-afghanistan-attentat","tag-etat-islamique","tag-joe-biden","tag-kaboul"],"aioseo_notices":[],"_links":{"self":[{"href":"https:\/\/www.culturalusa.com\/news\/wp-json\/wp\/v2\/posts\/10252","targetHints":{"allow":["GET"]}}],"collection":[{"href":"https:\/\/www.culturalusa.com\/news\/wp-json\/wp\/v2\/posts"}],"about":[{"href":"https:\/\/www.culturalusa.com\/news\/wp-json\/wp\/v2\/types\/post"}],"author":[{"embeddable":true,"href":"https:\/\/www.culturalusa.com\/news\/wp-json\/wp\/v2\/users\/1"}],"replies":[{"embeddable":true,"href":"https:\/\/www.culturalusa.com\/news\/wp-json\/wp\/v2\/comments?post=10252"}],"version-history":[{"count":0,"href":"https:\/\/www.culturalusa.com\/news\/wp-json\/wp\/v2\/posts\/10252\/revisions"}],"wp:featuredmedia":[{"embeddable":true,"href":"https:\/\/www.culturalusa.com\/news\/wp-json\/wp\/v2\/media\/10253"}],"wp:attachment":[{"href":"https:\/\/www.culturalusa.com\/news\/wp-json\/wp\/v2\/media?parent=10252"}],"wp:term":[{"taxonomy":"category","embeddable":true,"href":"https:\/\/www.culturalusa.com\/news\/wp-json\/wp\/v2\/categories?post=10252"},{"taxonomy":"post_tag","embeddable":true,"href":"https:\/\/www.culturalusa.com\/news\/wp-json\/wp\/v2\/tags?post=10252"}],"curies":[{"name":"wp","href":"https:\/\/api.w.org\/{rel}","templated":true}]}}