{"id":10260,"date":"2021-08-29T11:42:09","date_gmt":"2021-08-29T09:42:09","guid":{"rendered":"https:\/\/www.culturalusa.com\/news\/?p=10260"},"modified":"2021-08-29T11:49:26","modified_gmt":"2021-08-29T09:49:26","slug":"jazz-a-la-villette-edition-2021-avec-tout-ladn-du-festival","status":"publish","type":"post","link":"https:\/\/www.culturalusa.com\/news\/culture\/jazz-a-la-villette-edition-2021-avec-tout-ladn-du-festival\/","title":{"rendered":"Jazz \u00e0 La Villette: \u00e9dition 2021 avec \u00ab\u00a0tout l&rsquo;ADN du festival\u00a0\u00bb"},"content":{"rendered":"<p>Concerts: \u00ab\u00a0Tout l&rsquo;ADN de <strong>Jazz \u00e0 La Villette<\/strong> est l\u00e0\u00a0\u00bb, affirme Frank Piquard, programmateur du festival parisien qui retrouvera, <span style=\"color: #800000;\"><strong>du 1er au 12 septembre<\/strong><\/span> dans les diverses salles du <strong>Parc de La Villette<\/strong>, son format d&rsquo;avant Covid.<\/p>\n<p>Contrairement \u00e0 de nombreux spectacles vivants, annul\u00e9s en raison de la pand\u00e9mie, le festival avait pu se d\u00e9rouler l&rsquo;an dernier mais dans un format resserr\u00e9 sur deux week-end.<\/p>\n<p>\u00ab\u00a0Cette fois, on a quelque chose qui ressemble \u00e0 Jazz \u00e0 la Villette\u00a0\u00bb, s&rsquo;est f\u00e9licit\u00e9 Frank Piquard, l&rsquo;un des deux programmateurs du festival avec Vincent Anglade. Il a salu\u00e9 la \u00ab\u00a0c\u00e9l\u00e9bration de la musique afro-am\u00e9ricaine, cette ouverture sur les musiques du monde, \u00e9videmment la sc\u00e8ne fran\u00e7aise\u00a0\u00bb qui r\u00e9sonneront au nord-est de Paris.<\/p>\n<h3>C\u00e9l\u00e9bration des musiques afro-am\u00e9ricaines<\/h3>\n<p>D\u00e8s la soir\u00e9e d&rsquo;ouverture, le 1er septembre \u00e0 l&rsquo;Espace Charlie-Parker sous la Grande Halle, on sera dans le vif du sujet avec la chanteuse Jeanne Added et le chanteur Jos\u00e9 James, l&rsquo;un des rares Afro-am\u00e9ricains \u00e0 l&rsquo;affiche cette ann\u00e9e, qui avait offert au public du festival en 2019 un vibrant concert consacr\u00e9 aux chansons de la l\u00e9gende soul Bill Withers.<\/p>\n<p>Jeanne Added a pr\u00e9vu de rendre un vibrant hommage \u00e0 Prince, cinq ans apr\u00e8s sa disparition. \u00ab\u00a0Jeanne Added, c&rsquo;est vraiment une grande fan de Prince, dont elle reprenait des chansons d\u00e9j\u00e0 bien avant sa carri\u00e8re pop\u00a0\u00bb, confie Frank Piquard. Sur son premier EP, en 2011, la musicienne offrait ainsi une version de \u00ab\u00a0Little Red Corvette\u00a0\u00bb du musicien funk de Minneapolis, seule \u00e0 la guitare.<\/p>\n<p>Elle sera accompagn\u00e9e sur sc\u00e8ne par Bruno Ruder, le pianiste de Magma. Les deux musiciens se connaissent \u00ab\u00a0depuis tr\u00e8s longtemps puisqu&rsquo;ils \u00e9taient d\u00e9j\u00e0 dans le groupe +Yes is a pleasant country+ il y a une quinzaine d&rsquo;ann\u00e9es, en clavier-voix\u00a0\u00bb, rappelle Frank Piquard qui \u00e9voque \u00ab\u00a0un contrepied hyper intelligent\u00a0\u00bb.<\/p>\n<h3>Ouverture aux musiques du monde<\/h3>\n<p>La rencontre des musiques du monde, qu&rsquo;elles soient africaines ou afro-cubaines, et du jazz, seront c\u00e9l\u00e9br\u00e9es au cours de plusieurs soir\u00e9es.<\/p>\n<p>Le 2 septembre, \u00e0 la Philharmonie, hommage sera rendu \u00e0 Manu Dibango, c\u00e9l\u00e8bre saxophoniste alto camerounais disparu le 24 mars 2020 \u00e0 l&rsquo;h\u00f4pital \u00e0 l&rsquo;\u00e2ge de 86 ans, victime indirecte du Covid.<\/p>\n<p>Pour honorer la musique de l&rsquo;auteur du tube plan\u00e9taire \u00ab\u00a0Soul Makossa\u00a0\u00bb, inventeur d&rsquo;un jazz m\u00e2tin\u00e9 d&rsquo;influences africaines, funk et reggae, ont \u00e9t\u00e9 sollicit\u00e9s le Collectif MDO, qui \u00e9tait le groupe de Manu, et quelques invit\u00e9s tels la chanteuse b\u00e9ninoise Ang\u00e9lique Kidjo ou le chanteur camerounais Blick Bassy.<\/p>\n<p>Le festival a aussi construit une soir\u00e9e, le 11 septembre \u00e0 l&rsquo;Espace Charlie-Parker, autour de Dizzy Gillespie dans la version afro-cubaine du trompettiste, qui fut le premier musicien be-bop \u00e0 aller se mesurer aux musiques et rythmes de Cuba.<\/p>\n<h3>La rencontre des musiques du monde<\/h3>\n<p>La rencontre des musiques du monde, qu&rsquo;elles soient africaines ou afro-cubaines, et du jazz, seront c\u00e9l\u00e9br\u00e9es au cours de plusieurs soir\u00e9es.<\/p>\n<p>Le 2 septembre, \u00e0 la Philharmonie, hommage sera rendu \u00e0 Manu Dibango, c\u00e9l\u00e8bre saxophoniste alto camerounais disparu le 24 mars 2020 \u00e0 l&rsquo;h\u00f4pital \u00e0 l&rsquo;\u00e2ge de 86 ans, victime indirecte du Covid.<\/p>\n<p>Pour honorer la musique de l&rsquo;auteur du tube plan\u00e9taire \u00ab\u00a0Soul Makossa\u00a0\u00bb, inventeur d&rsquo;un jazz m\u00e2tin\u00e9 d&rsquo;influences africaines, funk et reggae, ont \u00e9t\u00e9 sollicit\u00e9s le Collectif MDO, qui \u00e9tait le groupe de Manu, et quelques invit\u00e9s tels la chanteuse b\u00e9ninoise Ang\u00e9lique Kidjo ou le chanteur camerounais Blick Bassy.<\/p>\n<p>Le festival a aussi construit une soir\u00e9e, le 11 septembre \u00e0 l&rsquo;Espace Charlie-Parker, autour de Dizzy Gillespie dans la version afro-cubaine du trompettiste, qui fut le premier musicien be-bop \u00e0 aller se mesurer aux musiques et rythmes de Cuba.<\/p>\n<h3>La sc\u00e8ne fran\u00e7aise<\/h3>\n<p>La sc\u00e8ne fran\u00e7aise est tr\u00e8s pr\u00e9sente, dans des esth\u00e9tiques tr\u00e8s diverses, avec le jazz cin\u00e9matographique, c\u00e9leste, psych\u00e9d\u00e9lique et planant du saxophoniste Thomas de Pourquery et son ensemble Supersonic.<\/p>\n<p>On trouvera aussi celui plus classique de la chanteuse C\u00e9cile McLorin Salvant, qui d\u00e9terre des vieux airs m\u00e9connus du jazz auxquels elle donne une nouvelle patine. Ou encore celui du saxophoniste t\u00e9nor Julien Lourau, qui s&rsquo;immerge dans un jazz ouvert \u00e0 la soul, au groove et \u00e0 la musique br\u00e9silienne des seventies, celui du mythique label ind\u00e9pendant am\u00e9ricain de cette \u00e9poque, CTI.<\/p>\n<p>Le festival garde aussi un oeil sur la sc\u00e8ne carib\u00e9enne, hyper dynamique, dont Anthony Joseph est un des fleurons.<\/p>\n<p>Ce chanteur trinit\u00e9en bas\u00e9 \u00e0 Londres d\u00e9clamera sa po\u00e9sie engag\u00e9e dans le style \u00ab\u00a0spoken word\u00a0\u00bb cher \u00e0 ses a\u00een\u00e9s Gil Scott-Heron et Linton Kwesi Johnson, sur fond d&rsquo;une \u00ab\u00a0Great Black Music\u00a0\u00bb hypnotique et lancinante.<\/p>\n<p>Jazz \u00e0 La Villette proposera aussi un festival bis, \u00ab\u00a0Under the Radar\u00a0\u00bb, consacr\u00e9 \u00e0 une sc\u00e8ne plus underground dans plusieurs petites salles aux alentours du Parc de La Villette.<\/p>\n","protected":false},"excerpt":{"rendered":"<p>Concerts: \u00ab\u00a0Tout l&rsquo;ADN de Jazz \u00e0 La Villette est l\u00e0\u00a0\u00bb, affirme Frank Piquard, programmateur du festival parisien qui retrouvera, du 1er au 12 septembre dans les diverses salles du Parc de La Villette, son format d&rsquo;avant Covid. Contrairement \u00e0 de nombreux spectacles vivants, annul\u00e9s en raison de la pand\u00e9mie, le festival avait pu se d\u00e9rouler [&hellip;]<\/p>\n","protected":false},"author":1,"featured_media":10261,"comment_status":"open","ping_status":"closed","sticky":false,"template":"","format":"standard","meta":{"footnotes":""},"categories":[4],"tags":[2034,2033,2032],"class_list":["post-10260","post","type-post","status-publish","format-standard","has-post-thumbnail","hentry","category-culture","tag-festival-jazz","tag-jazz","tag-jazz-a-la-villette"],"aioseo_notices":[],"_links":{"self":[{"href":"https:\/\/www.culturalusa.com\/news\/wp-json\/wp\/v2\/posts\/10260","targetHints":{"allow":["GET"]}}],"collection":[{"href":"https:\/\/www.culturalusa.com\/news\/wp-json\/wp\/v2\/posts"}],"about":[{"href":"https:\/\/www.culturalusa.com\/news\/wp-json\/wp\/v2\/types\/post"}],"author":[{"embeddable":true,"href":"https:\/\/www.culturalusa.com\/news\/wp-json\/wp\/v2\/users\/1"}],"replies":[{"embeddable":true,"href":"https:\/\/www.culturalusa.com\/news\/wp-json\/wp\/v2\/comments?post=10260"}],"version-history":[{"count":0,"href":"https:\/\/www.culturalusa.com\/news\/wp-json\/wp\/v2\/posts\/10260\/revisions"}],"wp:featuredmedia":[{"embeddable":true,"href":"https:\/\/www.culturalusa.com\/news\/wp-json\/wp\/v2\/media\/10261"}],"wp:attachment":[{"href":"https:\/\/www.culturalusa.com\/news\/wp-json\/wp\/v2\/media?parent=10260"}],"wp:term":[{"taxonomy":"category","embeddable":true,"href":"https:\/\/www.culturalusa.com\/news\/wp-json\/wp\/v2\/categories?post=10260"},{"taxonomy":"post_tag","embeddable":true,"href":"https:\/\/www.culturalusa.com\/news\/wp-json\/wp\/v2\/tags?post=10260"}],"curies":[{"name":"wp","href":"https:\/\/api.w.org\/{rel}","templated":true}]}}