{"id":10270,"date":"2021-09-03T11:14:39","date_gmt":"2021-09-03T09:14:39","guid":{"rendered":"https:\/\/www.culturalusa.com\/news\/?p=10270"},"modified":"2021-09-03T11:14:39","modified_gmt":"2021-09-03T09:14:39","slug":"climat-linexorable-recul-et-leur-eventuelle-disparition-des-glaciers-suisses","status":"publish","type":"post","link":"https:\/\/www.culturalusa.com\/news\/technologie\/climat-linexorable-recul-et-leur-eventuelle-disparition-des-glaciers-suisses\/","title":{"rendered":"Climat : l&rsquo;inexorable recul et leur \u00e9ventuelle disparition des glaciers suisses"},"content":{"rendered":"<p>Le glaciologue <strong>Matthias Huss<\/strong>, sur la vaste mer gel\u00e9e du glacier d&rsquo;Aletsch, le plus grand des Alpes, recueille les donn\u00e9es de sa station de mesures.<\/p>\n<blockquote><p>Elles lui permettent d&rsquo;analyser l&rsquo;impact du <span style=\"color: #800000;\">changement climatique<\/span> sur le mastodonte: depuis dix ans, il a perdu chaque ann\u00e9e 1,50 m d&rsquo;\u00e9paisseur et au total, sur la p\u00e9riode, c&rsquo;est un kilom\u00e8tre cube de glace qui a disparu.<\/p><\/blockquote>\n<p>A 41 ans, M. Huss dirige Glamos (Glacier Monitoring Switzerland), le r\u00e9seau de relev\u00e9s glaciologiques suisses, et se trouve donc en premi\u00e8re ligne pour documenter le recul des glaciers suisses d\u00fb au r\u00e9chauffement de la plan\u00e8te.<\/p>\n<p>\u00ab\u00a0Les glaciers sont vraiment un thermom\u00e8tre super grand et visuel\u00a0\u00bb, explique \u00e0 l&rsquo;AFP le scientifique, ajoutant: \u00ab\u00a0c&rsquo;est beaucoup plus parlant de voir un glacier qui perd en volume, en \u00e9paisseur, qu&rsquo;une courbe de temp\u00e9ratures qui monte\u00a0\u00bb.<\/p>\n<p>Un graphique restera toujours un graphique tandis que \u00ab\u00a0le glacier, c&rsquo;est beau et beaucoup de gens sont sensibles \u00e0 cette beaut\u00e9\u00a0\u00bb, d&rsquo;o\u00f9 l&rsquo;\u00e9moi suscit\u00e9 par leur recul et leur \u00e9ventuelle disparition.<\/p>\n<p>Matthias Huss n&rsquo;a donc de cesse de collecter et d&rsquo;analyser les milliers de mesures qu&rsquo;il va chercher au c\u0153ur des masses gel\u00e9es de son pays pour faire passer le message simple v\u00e9hicul\u00e9 par ces donn\u00e9es: \u00ab\u00a0<span style=\"color: #800000;\"><strong>le changement est vraiment tr\u00e8s, tr\u00e8s rapide<\/strong><\/span>\u00ab\u00a0.<\/p>\n<p>Ce que dit notamment la vingtaine de glaciers t\u00e9moins analys\u00e9s chaque ann\u00e9e par le Glamos, c&rsquo;est par exemple que depuis 2010, la fr\u00e9quence des ann\u00e9es extr\u00eames en termes de perte de masse des glaciers suisses n&rsquo;a cess\u00e9 de s&rsquo;acc\u00e9l\u00e9rer. 2011, 2015 puis 2017, 2018 et 2019 ont \u00e9t\u00e9 des ann\u00e9es record.<\/p>\n<h3>Fun\u00e9railles symboliques<\/h3>\n<p>En 2020, les glaciers ont encore perdu 2% de leur volume total et 2021 devrait aussi \u00eatre une ann\u00e9e n\u00e9gative, malgr\u00e9 de bonnes chutes de neige en hiver et un \u00e9t\u00e9 relativement froid, explique le scientifique.<\/p>\n<blockquote><p>Le r\u00e9chauffement global va tellement vite que certains petits glaciers ont m\u00eame d\u00e9j\u00e0 disparu. En septembre 2019, Matthias Huss a ainsi particip\u00e9, avec diff\u00e9rentes ONG, aux fun\u00e9railles symboliques du glacier du Pizol, \u00e0 2.700 m d&rsquo;altitude non loin des fronti\u00e8res du Liechtenstein et de l&rsquo;Autriche.<\/p><\/blockquote>\n<p>\u00ab\u00a0Depuis, on a arr\u00eat\u00e9 la surveillance active du Pizol, \u00e7a n&rsquo;a plus de sens, il y a toujours deux balises que je vais aller collecter dans quelques semaines et apr\u00e8s ce sera vraiment fini\u00a0\u00bb, dit le glaciologue.<\/p>\n<p>\u00ab\u00a0Dans les dix \u00e0 vingt prochaines ann\u00e9es, il y aura s\u00fbrement plus de glaciers connus qui vont dispara\u00eetre\u00a0\u00bb, compl\u00e8te-t-il.<\/p>\n<p>Depuis l&rsquo;enfance et ce jour o\u00f9 il posa pour la premi\u00e8re fois le pied sur le sol blanc et craquant du glacier du Gorner, pr\u00e8s de Zermatt, 3e plus grand glacier de Suisse, Matthias Huss est fascin\u00e9 par ces g\u00e9ants.<\/p>\n<h3>Plaisir d&rsquo;enfant<\/h3>\n<p>\u00ab\u00a0A chaque fois que je reviens sur un glacier, j&rsquo;ai ce sentiment sp\u00e9cial et je repense \u00e0 cette premi\u00e8re fois\u00a0\u00bb, raconte-t-il.<\/p>\n<p>A voir sa silhouette longiligne mais athl\u00e9tique se jouer des crevasses bleut\u00e9es qui jalonnent son chemin dans l&rsquo;immensit\u00e9 des 80 km2 de glace et de rocaille d&rsquo;Aletsch (20% du volume total de glace de l&rsquo;ensemble des glaciers suisses), ce plaisir d&rsquo;enfant est encore bien perceptible.<\/p>\n<p>Documenter le recul inexorable de ces merveilles de la nature devrait donc le rendre triste. \u00ab\u00a0C&rsquo;est vrai qu&rsquo;en tant qu&rsquo;\u00eatre humain, \u00e7a me d\u00e9prime de voir \u00e7a\u00a0\u00bb, conc\u00e8de-t-il. \u00ab\u00a0Mais d&rsquo;un autre point de vue, en tant que scientifique, c&rsquo;est aussi tr\u00e8s int\u00e9ressant de voir et d&rsquo;analyser des changements aussi rapides\u00a0\u00bb.<\/p>\n<p>Il esp\u00e8re en tout cas que la communication scientifique sur l&rsquo;\u00e9tat des glaciers pourra faire avancer la discussion sur le r\u00e9chauffement climatique. \u00ab\u00a0Depuis quelques temps, j&rsquo;ai l&rsquo;impression qu&rsquo;il y a vraiment un changement dans la mani\u00e8re de penser des politiques\u00a0\u00bb, constate-t-il. \u00ab\u00a0Beaucoup se disent maintenant qu&rsquo;il faut agir, il y a des plans d&rsquo;action. Apr\u00e8s, il faut qu&rsquo;\u00e0 un moment donn\u00e9, ils se transforment en quelque chose de r\u00e9el\u00a0\u00bb. (AFP)<\/p>\n","protected":false},"excerpt":{"rendered":"<p>Le glaciologue Matthias Huss, sur la vaste mer gel\u00e9e du glacier d&rsquo;Aletsch, le plus grand des Alpes, recueille les donn\u00e9es de sa station de mesures. Elles lui permettent d&rsquo;analyser l&rsquo;impact du changement climatique sur le mastodonte: depuis dix ans, il a perdu chaque ann\u00e9e 1,50 m d&rsquo;\u00e9paisseur et au total, sur la p\u00e9riode, c&rsquo;est un [&hellip;]<\/p>\n","protected":false},"author":1,"featured_media":10271,"comment_status":"open","ping_status":"closed","sticky":false,"template":"","format":"standard","meta":{"footnotes":""},"categories":[6],"tags":[394,208,2037,2038],"class_list":["post-10270","post","type-post","status-publish","format-standard","has-post-thumbnail","hentry","category-technologie","tag-changement-climatique","tag-climat","tag-glaciers-suisses","tag-matthias-huss"],"aioseo_notices":[],"_links":{"self":[{"href":"https:\/\/www.culturalusa.com\/news\/wp-json\/wp\/v2\/posts\/10270","targetHints":{"allow":["GET"]}}],"collection":[{"href":"https:\/\/www.culturalusa.com\/news\/wp-json\/wp\/v2\/posts"}],"about":[{"href":"https:\/\/www.culturalusa.com\/news\/wp-json\/wp\/v2\/types\/post"}],"author":[{"embeddable":true,"href":"https:\/\/www.culturalusa.com\/news\/wp-json\/wp\/v2\/users\/1"}],"replies":[{"embeddable":true,"href":"https:\/\/www.culturalusa.com\/news\/wp-json\/wp\/v2\/comments?post=10270"}],"version-history":[{"count":0,"href":"https:\/\/www.culturalusa.com\/news\/wp-json\/wp\/v2\/posts\/10270\/revisions"}],"wp:featuredmedia":[{"embeddable":true,"href":"https:\/\/www.culturalusa.com\/news\/wp-json\/wp\/v2\/media\/10271"}],"wp:attachment":[{"href":"https:\/\/www.culturalusa.com\/news\/wp-json\/wp\/v2\/media?parent=10270"}],"wp:term":[{"taxonomy":"category","embeddable":true,"href":"https:\/\/www.culturalusa.com\/news\/wp-json\/wp\/v2\/categories?post=10270"},{"taxonomy":"post_tag","embeddable":true,"href":"https:\/\/www.culturalusa.com\/news\/wp-json\/wp\/v2\/tags?post=10270"}],"curies":[{"name":"wp","href":"https:\/\/api.w.org\/{rel}","templated":true}]}}