{"id":10278,"date":"2021-09-07T16:37:24","date_gmt":"2021-09-07T14:37:24","guid":{"rendered":"https:\/\/www.culturalusa.com\/news\/?p=10278"},"modified":"2021-09-07T16:37:24","modified_gmt":"2021-09-07T14:37:24","slug":"france-hommage-national-a-jean-paul-belmondo","status":"publish","type":"post","link":"https:\/\/www.culturalusa.com\/news\/culture\/france-hommage-national-a-jean-paul-belmondo\/","title":{"rendered":"France : hommage national \u00e0 Jean-Paul Belmondo"},"content":{"rendered":"<p>La France rendra un hommage national jeudi \u00e0 <strong>Jean-Paul Belmondo<\/strong>, une des figures les plus populaires du <strong>cin\u00e9ma<\/strong>, au terme d&rsquo;une carri\u00e8re qui a laiss\u00e9 des souvenirs \u00e0 tous les spectateurs, des amoureux de la Nouvelle vague aux amateurs de <strong>films d&rsquo;action<\/strong>.<\/p>\n<blockquote><p>La mort de l&rsquo;acteur, lundi, \u00e0 88 ans, a plong\u00e9 dans le deuil un pays qui perd une figure famili\u00e8re, incarnant le talent, l&rsquo;audace et l&rsquo;insouciance.<\/p><\/blockquote>\n<p>L&rsquo;Elys\u00e9e a annonc\u00e9 mardi la tenue de cette c\u00e9r\u00e9monie aux Invalides. Elle \u00e9tait \u00e0 l&rsquo;origine pr\u00e9vue pour les militaires, mais a \u00e9t\u00e9 \u00e9tendue aux civils qui ont marqu\u00e9 leur temps.<\/p>\n<p>Le pr\u00e9sident de la R\u00e9publique Emmanuel Macron avait qualifi\u00e9 lundi ce com\u00e9dien extr\u00eamement aim\u00e9 de \u00ab\u00a0tr\u00e9sor national, tout en panache et en \u00e9clats de rire, le verbe haut et le corps leste\u00a0\u00bb.<\/p>\n<p>\u00ab\u00a0Il restera \u00e0 jamais Le Magnifique (&#8230;) En lui, nous nous retrouvions tous\u00a0\u00bb, \u00e9crivait-il sur Twitter.<\/p>\n<p>La ministre de la Culture Roselyne Bachelot indiquait d\u00e8s lundi soir que la famille Belmondo discutait avec la pr\u00e9sidence des modalit\u00e9s de cet hommage. \u00ab\u00a0Je ne pense pas qu&rsquo;il y ait un acteur qui ait suscit\u00e9 une telle proximit\u00e9 entre lui et les Fran\u00e7ais\u00a0\u00bb, disait-elle sur BFMTV.<\/p>\n<p>La presse s&rsquo;incline mardi devant cette figure qui faisait l&rsquo;unanimit\u00e9, gr\u00e2ce \u00e0 l&rsquo;\u00e9tendue de son r\u00e9pertoire, \u00e0 son sourire communicatif et \u00e0 son aisance dans tous les r\u00f4les possibles.<\/p>\n<h3>\u00ab\u00a0Se donner sans compter\u00a0\u00bb<\/h3>\n<p>Laurent Bodin, \u00e9ditorialiste de L&rsquo;Alsace, le qualifie d'\u00a0\u00bb\u00e9ternel fianc\u00e9 de Marianne\u00a0\u00bb. Selon lui, \u00ab\u00a0du drame \u00e0 la com\u00e9die, du film d&rsquo;action au thriller, Jean-Paul Belmondo rebondissait avec l&rsquo;aisance du cascadeur. C&rsquo;est parce qu&rsquo;il a su se donner sans compter\u00a0\u00bb.<\/p>\n<p>\u00ab\u00a0Ce flic et voyou gouailleur et sentimental dont le visage repr\u00e9sente la Nouvelle Vague comme le cin\u00e9ma populaire a servi de portemanteau \u00e0 tous les costumes du r\u00e9pertoire\u00a0\u00bb, commente Lib\u00e9ration. En une, sa photo en noir et blanc, cigarillo au bec: \u00ab\u00a0La vie B\u00e9bel\u00a0\u00bb.<\/p>\n<p>Le Parisien, avec une photo en couleur, salue \u00ab\u00a0Le Magnifique\u00a0\u00bb. \u00ab\u00a0Il aura donn\u00e9 de sa personne. Les h\u00e9licos, les filins, les bagnoles, le toit du m\u00e9tro&#8230; rien n&rsquo;aura jamais emp\u00each\u00e9 cet oiseau d&rsquo;aller plus vite et plus fort dans le risque\u00a0\u00bb, se souvient le quotidien.<\/p>\n<p>\u00ab\u00a0Il aura durant pr\u00e8s de soixante ans offert au cin\u00e9ma fran\u00e7ais de genre un corps, une trogne et une voix \u2013 une pr\u00e9sence sans \u00e9quivalent\u00a0\u00bb, d&rsquo;apr\u00e8s Le Monde.<\/p>\n<h3>\u00ab\u00a0Une partie de ma vie\u00a0\u00bb<\/h3>\n<p>Eternel jeune premier, amateur de cascades qui a connu quelques p\u00e9pins physiques, Jean-Paul Belmondo \u00e9tait le dernier des acteurs de la \u00ab\u00a0bande du Conservatoire\u00a0\u00bb, des \u00e9l\u00e8ves frondeurs du Conservatoire des ann\u00e9es 50 qui ont disparu tour \u00e0 tour ces quatre derni\u00e8res ann\u00e9es: Jean Rochefort, Claude Rich, Jean-Pierre Marielle, Jean-Pierre Mocky, Guy Bedos.<\/p>\n<p>Autre acteur mythique, plus jeune de trois ans, Alain Delon se disait lundi \u00ab\u00a0compl\u00e8tement an\u00e9anti\u00a0\u00bb d&rsquo;avoir perdu cet ami: \u00ab\u00a0C&rsquo;est une partie de ma vie, on a d\u00e9but\u00e9 ensemble il y a 60 ans\u00a0\u00bb.<\/p>\n<p>Belmondo fut pendant des d\u00e9cennies une t\u00eate d&rsquo;affiche qui garantissait le succ\u00e8s en salles, apr\u00e8s des d\u00e9buts retentissants dans \u00ab\u00a0\u00c0 bout de souffle\u00a0\u00bb en 1960, un film l\u00e9gendaire de la Nouvelle Vague.<\/p>\n<p>Le grand public retient ses r\u00f4les dans des films d&rsquo;action et des polars r\u00e9guli\u00e8rement rediffus\u00e9s \u00e0 la t\u00e9l\u00e9vision, comme \u00ab\u00a0L&rsquo;Homme de Rio\u00a0\u00bb (1963), \u00ab\u00a0Peur sur la ville\u00a0\u00bb (1975) ou \u00ab\u00a0Le Professionnel\u00a0\u00bb (1981), programm\u00e9 sur France 2 mardi soir.<\/p>\n<p>\u00ab\u00a0Maintenant, quand je regarde ces cascades, je me dis que j&rsquo;\u00e9tais inconscient\u00a0\u00bb, confiait-il en 2017. Mais il profitait de chaque instant, lui qui avait d&rsquo;abord cru devoir faire carri\u00e8re au th\u00e9\u00e2tre: \u00ab\u00a0J&rsquo;ai toujours travaill\u00e9 pour le plaisir (&#8230;) Je n&rsquo;aurais jamais imagin\u00e9 devenir une vedette de films\u00a0\u00bb.<\/p>\n","protected":false},"excerpt":{"rendered":"<p>La France rendra un hommage national jeudi \u00e0 Jean-Paul Belmondo, une des figures les plus populaires du cin\u00e9ma, au terme d&rsquo;une carri\u00e8re qui a laiss\u00e9 des souvenirs \u00e0 tous les spectateurs, des amoureux de la Nouvelle vague aux amateurs de films d&rsquo;action. La mort de l&rsquo;acteur, lundi, \u00e0 88 ans, a plong\u00e9 dans le deuil [&hellip;]<\/p>\n","protected":false},"author":1,"featured_media":10279,"comment_status":"open","ping_status":"closed","sticky":false,"template":"","format":"standard","meta":{"footnotes":""},"categories":[4],"tags":[413,2040,1293,2041,2039],"class_list":["post-10278","post","type-post","status-publish","format-standard","has-post-thumbnail","hentry","category-culture","tag-cinema","tag-films-daction","tag-france","tag-hommage-jean-paul-belmondo","tag-jean-paul-belmondo"],"aioseo_notices":[],"_links":{"self":[{"href":"https:\/\/www.culturalusa.com\/news\/wp-json\/wp\/v2\/posts\/10278","targetHints":{"allow":["GET"]}}],"collection":[{"href":"https:\/\/www.culturalusa.com\/news\/wp-json\/wp\/v2\/posts"}],"about":[{"href":"https:\/\/www.culturalusa.com\/news\/wp-json\/wp\/v2\/types\/post"}],"author":[{"embeddable":true,"href":"https:\/\/www.culturalusa.com\/news\/wp-json\/wp\/v2\/users\/1"}],"replies":[{"embeddable":true,"href":"https:\/\/www.culturalusa.com\/news\/wp-json\/wp\/v2\/comments?post=10278"}],"version-history":[{"count":0,"href":"https:\/\/www.culturalusa.com\/news\/wp-json\/wp\/v2\/posts\/10278\/revisions"}],"wp:featuredmedia":[{"embeddable":true,"href":"https:\/\/www.culturalusa.com\/news\/wp-json\/wp\/v2\/media\/10279"}],"wp:attachment":[{"href":"https:\/\/www.culturalusa.com\/news\/wp-json\/wp\/v2\/media?parent=10278"}],"wp:term":[{"taxonomy":"category","embeddable":true,"href":"https:\/\/www.culturalusa.com\/news\/wp-json\/wp\/v2\/categories?post=10278"},{"taxonomy":"post_tag","embeddable":true,"href":"https:\/\/www.culturalusa.com\/news\/wp-json\/wp\/v2\/tags?post=10278"}],"curies":[{"name":"wp","href":"https:\/\/api.w.org\/{rel}","templated":true}]}}