{"id":10281,"date":"2021-09-07T17:22:37","date_gmt":"2021-09-07T15:22:37","guid":{"rendered":"https:\/\/www.culturalusa.com\/news\/?p=10281"},"modified":"2021-09-07T17:30:53","modified_gmt":"2021-09-07T15:30:53","slug":"emmanuel-macron-insiste-sur-lautonomie-strategique-de-lue-face-a-des-eurodeputes","status":"publish","type":"post","link":"https:\/\/www.culturalusa.com\/news\/politique\/emmanuel-macron-insiste-sur-lautonomie-strategique-de-lue-face-a-des-eurodeputes\/","title":{"rendered":"Emmanuel Macron insiste sur \u00ab\u00a0l&rsquo;autonomie strat\u00e9gique\u00a0\u00bb de l&rsquo;UE face \u00e0 des eurod\u00e9put\u00e9s"},"content":{"rendered":"<p>Le pr\u00e9sident E. Macron a insist\u00e9 sur la n\u00e9cessit\u00e9 pour l&rsquo;<strong>Union europ\u00e9enne<\/strong> de renforcer son \u00ab\u00a0<span style=\"color: #800000;\">autonomie strat\u00e9gique<\/span>\u00ab\u00a0, \u00e0 la lumi\u00e8re de la <strong>crise afghane<\/strong>, en rencontrant une centaine d&rsquo;<strong>eurod\u00e9put\u00e9s<\/strong> du groupe politique <a href=\"https:\/\/fr.wikipedia.org\/wiki\/Renew_Europe\" target=\"_blank\" rel=\"noopener\">Renew Europe<\/a>, li\u00e9 \u00e0 <strong>LREM<\/strong>.<\/p>\n<p>\u00ab\u00a0Le post-<strong>Afghanistan<\/strong> va acc\u00e9l\u00e9rer cet agenda de l&rsquo;autonomie strat\u00e9gique avec tout ce qui doit en d\u00e9couler\u00a0\u00bb, a d\u00e9clar\u00e9 le pr\u00e9sident, selon des propos rapport\u00e9s par un participant.<\/p>\n<p><strong>Renew Europe<\/strong> est un groupe politique du Parlement europ\u00e9en constitu\u00e9 en juin 2019 et destin\u00e9 \u00e0 \u00e9tendre le groupe Alliance des d\u00e9mocrates et des lib\u00e9raux pour l&rsquo;Europe (ADLE) aux partis qui ne souhaitent pas la mention du lib\u00e9ralisme dans leur nom, notamment \u00ab\u00a0La R\u00e9publique en marche\u00a0\u00bb. ( <a href=\"https:\/\/www.lecho.be\/economie-politique\/europe\/general\/renew-europe-le-groupe-centriste-europeen-n-est-plus-liberal\/10135742.html\" target=\"_blank\" rel=\"noopener\">savoir plus<\/a> )<\/p>\n<blockquote><p>\u00ab\u00a0Cet agenda d&rsquo;une Europe plus souveraine est clef. Nous serons de plus en plus sollicit\u00e9s sur ce sujet\u00a0\u00bb, a-t-il ajout\u00e9, au cours de cette rencontre \u00e0 l&rsquo;Elys\u00e9e qui n&rsquo;\u00e9tait pas ouverte \u00e0 la presse.<\/p><\/blockquote>\n<p>Cette r\u00e9union \u00e9tait la premi\u00e8re entre le chef de l&rsquo;Etat et les d\u00e9put\u00e9s europ\u00e9ens lib\u00e9raux depuis les \u00e9lections europ\u00e9ennes de 2019, o\u00f9 la liste Renaissance, branche fran\u00e7aise de Renew, avait obtenu 23 si\u00e8ges (22,4 %), arrivant deuxi\u00e8me apr\u00e8s le <strong>RN<\/strong>.<\/p>\n<p>Elle s&rsquo;est tenue \u00e0 l&rsquo;issue du s\u00e9minaire de rentr\u00e9e de Renew &#8211; dont les 98 membres viennent de 22 des 27 pays de l&rsquo;UE &#8211; qui s&rsquo;est tenu lundi \u00e0 Paris, \u00ab\u00a0une premi\u00e8re pour une rentr\u00e9e europ\u00e9enne\u00a0\u00bb, selon St\u00e9phane S\u00e9journ\u00e9, chef des \u00e9lus fran\u00e7ais du groupe.<\/p>\n<p>Dans son intervention, Emmanuel Macron a salu\u00e9 \u00ab\u00a0la solidit\u00e9\u00a0\u00bb de Renew, \u00ab\u00a0la troisi\u00e8me force politique sans laquelle il est impossible d&rsquo;avoir un Parlement europ\u00e9en qui avance\u00a0\u00bb, alors que, en 2019, beaucoup pr\u00e9disaient qu&rsquo;elle \u00ab\u00a0ne durerait pas\u00a0\u00bb.<\/p>\n<p>\u00ab\u00a0Il nous a appel\u00e9 \u00e0 d\u00e9fendre et valoriser le bilan europ\u00e9en\u00a0\u00bb depuis son discours de La Sorbonne en 2017, et \u00e0 la lumi\u00e8re de la r\u00e9ponse de l&rsquo;UE \u00e0 la crise du Covid-19, notamment du plan de relance de 750 milliards d&rsquo;euros, a indiqu\u00e9 St\u00e9phane S\u00e9journ\u00e9 \u00e0 l&rsquo;AFP \u00e0 l&rsquo;issue de la r\u00e9union.<\/p>\n<h3>Concernant la pr\u00e9sidence fran\u00e7aise de l&rsquo;UE qui d\u00e9bute en janvier, Emmanuel Macron a soulign\u00e9 l&rsquo;importance de promouvoir une \u00ab\u00a0Europe plus d\u00e9mocratique\u00a0\u00bb, qui \u00ab\u00a0assume\u00a0\u00bb ses valeurs et \u00ab\u00a0les fait respecter\u00a0\u00bb.<\/h3>\n<blockquote><p>\u00ab\u00a0L&rsquo;heure de v\u00e9rit\u00e9 approche avec certains \u00c9tats membres\u00a0\u00bb, a-t-il pr\u00e9venu, alors que la Pologne et la Hongrie sont menac\u00e9es de sanctions par Bruxelles sur le respect de l&rsquo;\u00e9tat de droit.<\/p><\/blockquote>\n<p>\u00ab\u00a0Les populistes, les illib\u00e9raux, les mouvements extr\u00e9mistes ont beau jeu de vouloir exploiter les crises et les faiblesses de l&rsquo;Union europ\u00e9enne. Cela ne nous d\u00e9stabilise en rien, bien au contraire\u00a0\u00bb, a averti avant la r\u00e9union le pr\u00e9sident de Renew, Dacian Ciolos, dans le quotidien L&rsquo;Opinion. (AFP)<\/p>\n","protected":false},"excerpt":{"rendered":"<p>Le pr\u00e9sident E. Macron a insist\u00e9 sur la n\u00e9cessit\u00e9 pour l&rsquo;Union europ\u00e9enne de renforcer son \u00ab\u00a0autonomie strat\u00e9gique\u00ab\u00a0, \u00e0 la lumi\u00e8re de la crise afghane, en rencontrant une centaine d&rsquo;eurod\u00e9put\u00e9s du groupe politique Renew Europe, li\u00e9 \u00e0 LREM. \u00ab\u00a0Le post-Afghanistan va acc\u00e9l\u00e9rer cet agenda de l&rsquo;autonomie strat\u00e9gique avec tout ce qui doit en d\u00e9couler\u00a0\u00bb, a d\u00e9clar\u00e9 [&hellip;]<\/p>\n","protected":false},"author":1,"featured_media":10282,"comment_status":"open","ping_status":"closed","sticky":false,"template":"","format":"standard","meta":{"footnotes":""},"categories":[1494],"tags":[2015,642,2042,1585,2043,1024,815,173],"class_list":["post-10281","post","type-post","status-publish","format-standard","has-post-thumbnail","hentry","category-politique","tag-afghanistan","tag-emmanuel-macron","tag-eurodeputes","tag-lrem","tag-renew-europe","tag-rn","tag-ue","tag-union-europeenne"],"aioseo_notices":[],"_links":{"self":[{"href":"https:\/\/www.culturalusa.com\/news\/wp-json\/wp\/v2\/posts\/10281","targetHints":{"allow":["GET"]}}],"collection":[{"href":"https:\/\/www.culturalusa.com\/news\/wp-json\/wp\/v2\/posts"}],"about":[{"href":"https:\/\/www.culturalusa.com\/news\/wp-json\/wp\/v2\/types\/post"}],"author":[{"embeddable":true,"href":"https:\/\/www.culturalusa.com\/news\/wp-json\/wp\/v2\/users\/1"}],"replies":[{"embeddable":true,"href":"https:\/\/www.culturalusa.com\/news\/wp-json\/wp\/v2\/comments?post=10281"}],"version-history":[{"count":0,"href":"https:\/\/www.culturalusa.com\/news\/wp-json\/wp\/v2\/posts\/10281\/revisions"}],"wp:featuredmedia":[{"embeddable":true,"href":"https:\/\/www.culturalusa.com\/news\/wp-json\/wp\/v2\/media\/10282"}],"wp:attachment":[{"href":"https:\/\/www.culturalusa.com\/news\/wp-json\/wp\/v2\/media?parent=10281"}],"wp:term":[{"taxonomy":"category","embeddable":true,"href":"https:\/\/www.culturalusa.com\/news\/wp-json\/wp\/v2\/categories?post=10281"},{"taxonomy":"post_tag","embeddable":true,"href":"https:\/\/www.culturalusa.com\/news\/wp-json\/wp\/v2\/tags?post=10281"}],"curies":[{"name":"wp","href":"https:\/\/api.w.org\/{rel}","templated":true}]}}