{"id":1030,"date":"2013-05-05T13:33:26","date_gmt":"2013-05-05T11:33:26","guid":{"rendered":"http:\/\/www.culturalusa.com\/news\/?p=1030"},"modified":"2013-05-05T13:33:26","modified_gmt":"2013-05-05T11:33:26","slug":"le-gouvernement-portugais-annonce-des-coupes-severes-dans-les-depenses-publiques","status":"publish","type":"post","link":"https:\/\/www.culturalusa.com\/news\/economie\/le-gouvernement-portugais-annonce-des-coupes-severes-dans-les-depenses-publiques\/","title":{"rendered":"Le gouvernement portugais annonce des coupes s\u00e9v\u00e8res dans les d\u00e9penses publiques"},"content":{"rendered":"<p><img loading=\"lazy\" decoding=\"async\" src=\"http:\/\/www.culturalusa.com\/news\/wp-content\/uploads\/2012\/04\/passoscoelho-discurso.jpg\" alt=\"Passos Coelho\" width=\"460\" height=\"263\" class=\"aligncenter size-full wp-image-356\" srcset=\"https:\/\/www.culturalusa.com\/news\/wp-content\/uploads\/2012\/04\/passoscoelho-discurso.jpg 460w, https:\/\/www.culturalusa.com\/news\/wp-content\/uploads\/2012\/04\/passoscoelho-discurso-275x157.jpg 275w\" sizes=\"auto, (max-width: 460px) 100vw, 460px\" \/>Le Premier ministre portugais Pedro Passos Coelho a annonc\u00e9 une s\u00e9rie de nouvelles mesures d&rsquo;aust\u00e9rit\u00e9 pour r\u00e9duire les d\u00e9penses publiques de fa\u00e7on permanente, afin de satisfaire aux exigences des cr\u00e9anciers internationaux du Portugal.<\/p>\n<p>Dans un discours \u00e0 la nation, le chef du gouvernement de centre droit a annonc\u00e9 notamment le report de l&rsquo;\u00e2ge du d\u00e9part \u00e0 la retraite \u00e0 taux plein de 65 \u00e0 66 ans et un projet de contribution sp\u00e9ciale sur les pensions de retraite qui \u00e9pargnera les plus modestes.<\/p>\n<p>M. Passos Coelho a \u00e9galement affirm\u00e9 son intention d&rsquo;allonger le temps de travail des fonctionnaires de 35 aux 40 heures en vigueur dans le secteur priv\u00e9. Le gouvernement souhaite aussi le d\u00e9part volontaire de quelque 30.000 fonctionnaires dans ce pays qui en compte pr\u00e8s de 700.000.<\/p>\n<p>Les mesures que je viens d&rsquo;annoncer repr\u00e9sentent, dans leur ensemble, environ 4,8 milliards d&rsquo;euros \u00e0 l&rsquo;horizon 2015, a-t-il pr\u00e9cis\u00e9.<\/p>\n<p>H\u00e9siter maintenant porterait un coup \u00e0 la cr\u00e9dibilit\u00e9 que nous avons d\u00e9j\u00e0 reconquise, a soulign\u00e9 le Premier ministre, affirmant que ces mesures visaient \u00e0 \u00e9viter un deuxi\u00e8me plan de sauvetage financier.<\/p>\n<p>En mai 2011, le Portugal s&rsquo;est engag\u00e9 \u00e0 mettre en oeuvre un programme de rigueur et de r\u00e9formes exigeant sur trois ans, en \u00e9change d&rsquo;un pr\u00eat de 78 milliards d&rsquo;euros accord\u00e9 par l&rsquo;Union europ\u00e9enne et le Fonds mon\u00e9taire international.<\/p>\n<p>L&rsquo;adoption de ces mesures est n\u00e9cessaire pour que le Portugal obtienne une nouvelle tranche d&rsquo;aide de deux milliards d&rsquo;euros de ses bailleurs de fonds, repr\u00e9sent\u00e9s par la tro\u00efka UE-BCE-FMI.<\/p>\n<p>Le gouvernement avait d\u00e9j\u00e0 pr\u00e9sent\u00e9 les grandes lignes de son plan, pr\u00e9cisant en particulier qu&rsquo;il entendait r\u00e9aliser 4,7 milliards d&rsquo;euros d&rsquo;\u00e9conomies entre 2014 et 2016. Il entend \u00e9galement remplacer les mesures d&rsquo;un montant de 1,3 milliard d&rsquo;euros rejet\u00e9es d\u00e9but avril par la Cour constitutionnelle.<\/p>\n<p>Nous n&rsquo;allons pas augmenter les imp\u00f4ts pour corriger le probl\u00e8me budg\u00e9taire d\u00e9coulant de la d\u00e9cision de la Cour constitutionnelle, a assur\u00e9 M. Passos Coelho, avant de conclure que le chemin doit passer par la r\u00e9duction structurelle des d\u00e9penses publiques.<\/p>\n<p>Les plans d&rsquo;aust\u00e9rit\u00e9 successifs adopt\u00e9s jusqu&rsquo;ici ont plong\u00e9 l&rsquo;\u00e9conomie portugaise dans la r\u00e9cession et pouss\u00e9 le ch\u00f4mage \u00e0 des taux record, suscitant un fort m\u00e9contentement populaire et un isolement croissant de la coalition au pouvoir depuis deux ans. (AFP) <\/p>\n<p style=\"text-align:center;\"><script type=\"text\/javascript\"><!--\ngoogle_ad_client = \"ca-pub-2727717456356200\";\n\/* CulturaLusa 468x60 *\/\ngoogle_ad_slot = \"2785499263\";\ngoogle_ad_width = 468;\ngoogle_ad_height = 60;\n\/\/-->\n<\/script><br \/>\n<script type=\"text\/javascript\"\nsrc=\"http:\/\/pagead2.googlesyndication.com\/pagead\/show_ads.js\">\n<\/script><\/p>\n","protected":false},"excerpt":{"rendered":"<p>Le Premier ministre portugais Pedro Passos Coelho a annonc\u00e9 une s\u00e9rie de nouvelles mesures d&rsquo;aust\u00e9rit\u00e9 pour r\u00e9duire les d\u00e9penses publiques de fa\u00e7on permanente, afin de satisfaire aux exigences des cr\u00e9anciers internationaux du Portugal. Dans un discours \u00e0 la nation, le chef du gouvernement de centre droit a annonc\u00e9 notamment le report de l&rsquo;\u00e2ge du d\u00e9part [&hellip;]<\/p>\n","protected":false},"author":1,"featured_media":0,"comment_status":"open","ping_status":"closed","sticky":false,"template":"","format":"standard","meta":{"footnotes":""},"categories":[1],"tags":[],"class_list":["post-1030","post","type-post","status-publish","format-standard","hentry","category-economie"],"aioseo_notices":[],"_links":{"self":[{"href":"https:\/\/www.culturalusa.com\/news\/wp-json\/wp\/v2\/posts\/1030","targetHints":{"allow":["GET"]}}],"collection":[{"href":"https:\/\/www.culturalusa.com\/news\/wp-json\/wp\/v2\/posts"}],"about":[{"href":"https:\/\/www.culturalusa.com\/news\/wp-json\/wp\/v2\/types\/post"}],"author":[{"embeddable":true,"href":"https:\/\/www.culturalusa.com\/news\/wp-json\/wp\/v2\/users\/1"}],"replies":[{"embeddable":true,"href":"https:\/\/www.culturalusa.com\/news\/wp-json\/wp\/v2\/comments?post=1030"}],"version-history":[{"count":0,"href":"https:\/\/www.culturalusa.com\/news\/wp-json\/wp\/v2\/posts\/1030\/revisions"}],"wp:attachment":[{"href":"https:\/\/www.culturalusa.com\/news\/wp-json\/wp\/v2\/media?parent=1030"}],"wp:term":[{"taxonomy":"category","embeddable":true,"href":"https:\/\/www.culturalusa.com\/news\/wp-json\/wp\/v2\/categories?post=1030"},{"taxonomy":"post_tag","embeddable":true,"href":"https:\/\/www.culturalusa.com\/news\/wp-json\/wp\/v2\/tags?post=1030"}],"curies":[{"name":"wp","href":"https:\/\/api.w.org\/{rel}","templated":true}]}}