{"id":10301,"date":"2021-09-17T12:02:01","date_gmt":"2021-09-17T10:02:01","guid":{"rendered":"https:\/\/www.culturalusa.com\/news\/?p=10301"},"modified":"2021-09-17T12:06:03","modified_gmt":"2021-09-17T10:06:03","slug":"climat-defis-securitaires-au-menu-du-sommet-du-sud-de-lue-a-athenes","status":"publish","type":"post","link":"https:\/\/www.culturalusa.com\/news\/actualite\/climat-defis-securitaires-au-menu-du-sommet-du-sud-de-lue-a-athenes\/","title":{"rendered":"Climat : \u00ab\u00a0d\u00e9fis s\u00e9curitaires\u00a0\u00bb au menu du sommet du sud de l&rsquo;UE \u00e0 Ath\u00e8nes"},"content":{"rendered":"<p><strong>Changement climatique<\/strong>: la Gr\u00e8ce accueille le 8e sommet des pays du sud de l&rsquo;UE, o\u00f9 l&rsquo;accent sera mis sur le \u00ab\u00a0changement climatique\u00a0\u00bb et les \u00ab\u00a0<strong>d\u00e9fis s\u00e9curitaires en M\u00e9diterran\u00e9e<\/strong>\u00ab\u00a0, dont la crise afghane et une \u00e9ventuelle <strong>vague migratoire<\/strong>.<\/p>\n<blockquote><p>Les dignitaires de neuf pays europ\u00e9ens, r\u00e9unis \u00e0 Ath\u00e8nes, avec la participation de la pr\u00e9sidente de la Commission europ\u00e9enne Ursula von der Leyen, aborderont les risques pouvant \u00ab\u00a0<span style=\"color: #800000;\">compromettre la s\u00e9curit\u00e9 et la stabilit\u00e9 en M\u00e9diterran\u00e9e<\/span>\u00ab\u00a0, a d\u00e9clar\u00e9 le porte-parole du gouvernement grec, Yiannis Economou.<\/p><\/blockquote>\n<p>L&rsquo;ordre du jour comprend la question migratoire et la situation en Afghanistan apr\u00e8s la prise de Kaboul par les talibans, mais Ath\u00e8nes a l&rsquo;intention de mettre particuli\u00e8rement l&rsquo;accent sur \u00ab\u00a0la n\u00e9cessit\u00e9 d&rsquo;une action commune\u00a0\u00bb pour lutter contre le changement climatique, a annonc\u00e9 M. Economou jeudi lors d&rsquo;un point presse.<\/p>\n<p>Le Premier ministre grec Kyriakos Mitsotakis a d&rsquo;ores-et-d\u00e9j\u00e0 estim\u00e9 que le sommet de vendredi serait une \u00ab\u00a0poursuite du d\u00e9bat sur la protection de la biodiversit\u00e9\u00a0\u00bb et sur \u00ab\u00a0la n\u00e9cessit\u00e9 d&rsquo;une meilleure coop\u00e9ration en termes de protection civile, notamment pour les incendies\u00a0\u00bb.<\/p>\n<blockquote><p>La Gr\u00e8ce a \u00e9t\u00e9 s\u00e9v\u00e8rement frapp\u00e9e par les feux de for\u00eat, qui ont d\u00e9vast\u00e9 plus de 100.000 hectares de son territoire cet \u00e9t\u00e9. Mais les temp\u00e9ratures caniculaires ont \u00e9galement favoris\u00e9 d&rsquo;importants incendies en Espagne, en Italie, en Croatie, en France et \u00e0 Chypre, parmi les pays membres du sommet de vendredi.<\/p><\/blockquote>\n<p>Selon l&rsquo;Elys\u00e9e, la r\u00e9union sera l&rsquo;occasion d&rsquo;une \u00ab\u00a0forme de retour d&rsquo;exp\u00e9rience\u00a0\u00bb sur le m\u00e9canisme europ\u00e9en de protection civile et \u00ab\u00a0la n\u00e9cessit\u00e9 d&rsquo;avoir d\u00e9sormais recours plus directement \u00e0 ce dispositif\u00a0\u00bb mis en place il y a deux ans pour \u00ab\u00a0renforcer notre force de frappe collective\u00a0\u00bb contre les incendies.<\/p>\n<p>Le <strong>sommet d&rsquo;Ath\u00e8nes<\/strong> devrait \u00e9galement d\u00e9boucher sur la r\u00e9affirmation \u00ab\u00a0d&rsquo;engagements sur la lutte contre la d\u00e9forestation et sur la gestion des for\u00eats en M\u00e9diterran\u00e9e et en mati\u00e8re de protection civile\u00a0\u00bb, selon la m\u00eame source.<\/p>\n<h3>Cette rencontre connue sous le nom de Med7 (France, Gr\u00e8ce, Italie, Espagne, Chypre, Malte, Portugal) a \u00e9t\u00e9 rebaptis\u00e9e UE MED, en raison de son \u00e9largissement \u00e0 la Croatie et \u00e0 la Slov\u00e9nie.<\/h3>\n<p>L&rsquo;an dernier en Corse, le pr\u00e9sident fran\u00e7ais Emmanuel Macron et ses homologues des pays m\u00e9diterran\u00e9ens de l&rsquo;UE avaient exhort\u00e9 la Turquie \u00e0 cesser sa politique de \u00ab\u00a0confrontation\u00a0\u00bb en M\u00e9diterran\u00e9e orientale.<\/p>\n<p>Alors que les tensions avec la Turquie sont depuis apais\u00e9es, les Europ\u00e9ens doivent \u00ab\u00a0parler avec Ankara des questions migratoires\u00a0\u00bb, dans le contexte afghan, selon l&rsquo;Elys\u00e9e.<\/p>\n<h3>Crainte d&rsquo;une nouvelle vague migratoire<\/h3>\n<p>Cette ann\u00e9e, l&rsquo;UE cherche d\u00e9sesp\u00e9r\u00e9ment \u00e0 emp\u00eacher un flux massif de r\u00e9fugi\u00e9s venu d&rsquo;Afghanistan, qui pourrait \u00eatre comparable \u00e0 la crise des migrants d\u00e9clench\u00e9e en 2015 par la guerre en Syrie. <strong>Plus d&rsquo;un million de r\u00e9fugi\u00e9s \u00e9taient alors arriv\u00e9s dans l&rsquo;Union europ\u00e9enne surtout par la Gr\u00e8ce et l&rsquo;Italie<\/strong>.<\/p>\n<p>Alors que les Afghans comptent pour 45% des arriv\u00e9es de migrants sur le sol grec depuis janvier 2021, la Gr\u00e8ce a d\u00e9j\u00e0 affirm\u00e9 qu&rsquo;elle ne serait plus une \u00ab\u00a0porte d&rsquo;entr\u00e9e de l&rsquo;Europe\u00a0\u00bb.<\/p>\n<p>Pour M. Mitsotakis, \u00ab\u00a0le meilleur signe de la solidarit\u00e9 europ\u00e9enne serait que nous ayons des r\u00e8gles d&rsquo;asile communes et que chaque pays contribue \u00e0 sa mani\u00e8re \u00e0 la gestion d&rsquo;un probl\u00e8me qui n&rsquo;est pas seulement grec, ou italien\u00a0\u00bb.<\/p>\n<p>Les dirigeants europ\u00e9ens se pencheront sur le pacte europ\u00e9en sur la migration et l&rsquo;asile, dont les n\u00e9gociations sont arr\u00eat\u00e9es \u00e0 cause de la pand\u00e9mie.<\/p>\n<p>\u00ab\u00a0Le pacte Asile et migration n&rsquo;est pas au point mort. Il y a eu des progr\u00e8s\u00a0\u00bb, selon l&rsquo;Elys\u00e9e, mais la crise afghane \u00ab\u00a0relance n\u00e9cessairement la question de l&rsquo;adaptation de notre dispositif \u00e0 la fois op\u00e9rationnel et l\u00e9gislatif de gestion humaine ordonn\u00e9e des migrations\u00a0\u00bb.<\/p>\n<p>Mme von der Leyen avait annonc\u00e9 qu&rsquo;un sommet sur la d\u00e9fense serait organis\u00e9 par la pr\u00e9sidence fran\u00e7aise de l&rsquo;UE au premier semestre de 2022, alors que le retrait d&rsquo;Afghanistan a relanc\u00e9 la r\u00e9flexion sur l&rsquo;autonomie des Europ\u00e9ens. (AFP)<\/p>\n","protected":false},"excerpt":{"rendered":"<p>Changement climatique: la Gr\u00e8ce accueille le 8e sommet des pays du sud de l&rsquo;UE, o\u00f9 l&rsquo;accent sera mis sur le \u00ab\u00a0changement climatique\u00a0\u00bb et les \u00ab\u00a0d\u00e9fis s\u00e9curitaires en M\u00e9diterran\u00e9e\u00ab\u00a0, dont la crise afghane et une \u00e9ventuelle vague migratoire. Les dignitaires de neuf pays europ\u00e9ens, r\u00e9unis \u00e0 Ath\u00e8nes, avec la participation de la pr\u00e9sidente de la Commission [&hellip;]<\/p>\n","protected":false},"author":1,"featured_media":10302,"comment_status":"open","ping_status":"closed","sticky":false,"template":"","format":"standard","meta":{"footnotes":""},"categories":[30],"tags":[394,208,2048,815,173,2047],"class_list":["post-10301","post","type-post","status-publish","format-standard","has-post-thumbnail","hentry","category-actualite","tag-changement-climatique","tag-climat","tag-securite-mediterranee","tag-ue","tag-union-europeenne","tag-vague-migratoire"],"aioseo_notices":[],"_links":{"self":[{"href":"https:\/\/www.culturalusa.com\/news\/wp-json\/wp\/v2\/posts\/10301","targetHints":{"allow":["GET"]}}],"collection":[{"href":"https:\/\/www.culturalusa.com\/news\/wp-json\/wp\/v2\/posts"}],"about":[{"href":"https:\/\/www.culturalusa.com\/news\/wp-json\/wp\/v2\/types\/post"}],"author":[{"embeddable":true,"href":"https:\/\/www.culturalusa.com\/news\/wp-json\/wp\/v2\/users\/1"}],"replies":[{"embeddable":true,"href":"https:\/\/www.culturalusa.com\/news\/wp-json\/wp\/v2\/comments?post=10301"}],"version-history":[{"count":0,"href":"https:\/\/www.culturalusa.com\/news\/wp-json\/wp\/v2\/posts\/10301\/revisions"}],"wp:featuredmedia":[{"embeddable":true,"href":"https:\/\/www.culturalusa.com\/news\/wp-json\/wp\/v2\/media\/10302"}],"wp:attachment":[{"href":"https:\/\/www.culturalusa.com\/news\/wp-json\/wp\/v2\/media?parent=10301"}],"wp:term":[{"taxonomy":"category","embeddable":true,"href":"https:\/\/www.culturalusa.com\/news\/wp-json\/wp\/v2\/categories?post=10301"},{"taxonomy":"post_tag","embeddable":true,"href":"https:\/\/www.culturalusa.com\/news\/wp-json\/wp\/v2\/tags?post=10301"}],"curies":[{"name":"wp","href":"https:\/\/api.w.org\/{rel}","templated":true}]}}