{"id":10324,"date":"2021-09-27T18:08:59","date_gmt":"2021-09-27T16:08:59","guid":{"rendered":"https:\/\/www.culturalusa.com\/news\/?p=10324"},"modified":"2021-09-27T18:17:22","modified_gmt":"2021-09-27T16:17:22","slug":"allemagne-sous-une-periode-dincertitude-apres-les-legislatives","status":"publish","type":"post","link":"https:\/\/www.culturalusa.com\/news\/actualite\/allemagne-sous-une-periode-dincertitude-apres-les-legislatives\/","title":{"rendered":"Allemagne : sous une p\u00e9riode d&rsquo;incertitude apr\u00e8s les l\u00e9gislatives"},"content":{"rendered":"<p>P\u00f4le de stabilit\u00e9 sous l&rsquo;\u00e8re Merkel, l&rsquo;Allemagne entre dans une phase plus impr\u00e9visible \u00e0 la suite des \u00e9lections l\u00e9gislatives serr\u00e9es, qui pourrait la mettre aux abonn\u00e9s absents sur la sc\u00e8ne internationale pendant de longs mois.<\/p>\n<p><em><span style=\"color: #800000;\">Photo<\/span>: De gauche \u00e0 droite, <strong>Olaf Scholz<\/strong> social-d\u00e9mocrate, candidat du SPD, <strong>Annalena Baerbock<\/strong> cheffe de file et candidate des Verts et <strong>Armin Laschet<\/strong>, candidat de la CDU<\/em>.<\/p>\n<blockquote><p>Selon les r\u00e9sultats provisoires annonc\u00e9s lundi, le centre gauche du SPD avec son chef de file Olaf Scholz a remport\u00e9 d&rsquo;une courte t\u00eate ce scrutin qui referme l&rsquo;\u00e8re Angela Merkel, avec 25,7% des suffrages.<\/p><\/blockquote>\n<p>Il devance les conservateurs de la CDU, parti de la chanceli\u00e8re, emmen\u00e9s par Armin Laschet. Ces derniers accusent un score historiquement bas de 24,1%.<\/p>\n<p>Jamais les conservateurs n&rsquo;\u00e9taient tomb\u00e9s sous le seuil de 30%. Il s&rsquo;agit d&rsquo;un cuisant revers pour le camp d&rsquo;Angela Merkel au moment o\u00f9 la chanceli\u00e8re doit prendre sa retraite politique.<\/p>\n<p>Probl\u00e8me: les deux camps revendiquent de former le futur gouvernement et entendent, chacun de leur c\u00f4t\u00e9, tenter de trouver une majorit\u00e9 au Bundestag.<\/p>\n<p>Olaf Scholz, \u00e9galement ministre des Finances et vice-chancelier sortant, a tenu \u00e0 rassurer ses partenaires internationaux.<\/p>\n<p>\u00ab\u00a0Vous devriez savoir que l&rsquo;Allemagne a toujours eu des coalitions et a toujours \u00e9t\u00e9 stable\u00a0\u00bb, a d\u00e9clar\u00e9 le ministre des Finances en anglais, r\u00e9pondant \u00e0 une journaliste britannique lors d&rsquo;une conf\u00e9rence de presse.<\/p>\n<h3>Pression sur les conservateurs<\/h3>\n<p>Parall\u00e8lement, il a accentu\u00e9 la pression sur l&rsquo;union conservatrice. La droite a \u00ab\u00a0re\u00e7u le message des citoyens qu&rsquo;elle ne devrait plus \u00eatre au gouvernement mais dans l&rsquo;opposition\u00a0\u00bb, a-t-il estim\u00e9 alors que les directions des diff\u00e9rents partis susceptibles d&rsquo;entrer dans une future coalition se r\u00e9unissent \u00e0 Berlin.<\/p>\n<p>Tout reste \u00e0 faire dans le pays car en Allemagne le chef du gouvernement est d\u00e9sign\u00e9 par les d\u00e9put\u00e9s, une fois constitu\u00e9e une majorit\u00e9.<\/p>\n<p>Cette derni\u00e8re est cette fois particuli\u00e8rement compliqu\u00e9e \u00e0 constituer car elle devra probablement r\u00e9unir trois partis &#8211; du jamais-vu depuis les ann\u00e9es 1950 &#8211; du fait d&rsquo;un \u00e9miettement des suffrages.<\/p>\n<p>\u00ab\u00a0La partie de poker commence\u00a0\u00bb, constate le magazine Der Spiegel.<\/p>\n<p>A l&rsquo;issue du pr\u00e9c\u00e9dent scrutin de 2017, il avait d\u00e9j\u00e0 fallu six mois aux partis pour trouver un gouvernement droite-gauche, entra\u00eenant dans l&rsquo;intervalle une paralysie politique, notamment sur les questions europ\u00e9ennes.<\/p>\n<p>Tant le SPD que le centre droit ont dit viser une conclusion cette fois avant No\u00ebl. Y parviendront-ils?<\/p>\n<p>\u00ab\u00a0L&rsquo;Allemagne prendra la pr\u00e9sidence du G7 en 2022\u00a0\u00bb, a mis en garde M. Laschet, et c&rsquo;est pourquoi un nouveau gouvernement doit \u00ab\u00a0venir tr\u00e8s rapidement\u00a0\u00bb.<\/p>\n<h3>Crainte d&rsquo;immobilisme<\/h3>\n<p>La perspective d&rsquo;une longue p\u00e9riode d&rsquo;immobilisme inqui\u00e8te les partenaires europ\u00e9ens de Berlin au moment o\u00f9 le Vieux continent redoute une marginalisation g\u00e9politique face aux rivalit\u00e9s entre Etats-Unis, Chine et Russie.<\/p>\n<p>Elle pr\u00e9occupe particuli\u00e8rement la France, qui assurera en janvier la pr\u00e9sidence semestrielle de l&rsquo;Union europ\u00e9enne et compte sur son partenaire le plus important pour faire avancer ses priorit\u00e9s sur une Europe plus \u00ab\u00a0souveraine\u00a0\u00bb.<\/p>\n<p>La France esp\u00e8re avoir \u00ab\u00a0vite\u00a0\u00bb un chancelier allemand \u00ab\u00a0fort\u00a0\u00bb \u00e0 ses c\u00f4t\u00e9s, a d\u00e9clar\u00e9 lundi le secr\u00e9taire d&rsquo;Etat fran\u00e7ais aux Affaires europ\u00e9ennes, Cl\u00e9ment Beaune.<\/p>\n<p>\u00ab\u00a0Nous comptons bien s\u00fbr sur la continuit\u00e9 dans nos relations bilat\u00e9rales. Nous avons int\u00e9r\u00eat \u00e0 ce que cette relation se poursuive et se d\u00e9veloppe encore davantage\u00a0\u00bb, a d\u00e9clar\u00e9 de son c\u00f4t\u00e9 le porte-parole du Kremlin Dmitri Peskov.<\/p>\n<p>Angela Merkel a toujours men\u00e9 une politique de dialogue et de coop\u00e9ration avec Moscou en d\u00e9pit de plusieurs affaires d&rsquo;espionnage pr\u00e9sum\u00e9es et de la tentative d&#8217;empoisonnement de l&rsquo;opposant Alexe\u00ef Navalny.<\/p>\n<p>Moscou et Berlin ont ainsi d\u00e9fendu contre vents et mar\u00e9es leur projet controvers\u00e9 de gazoduc, Nord Stream 2, qui va relier les deux pays en d\u00e9pit des critiques des Etats-Unis.<\/p>\n<p>Durant les tractations de coalition, Angela Merkel n&rsquo;aura pas son mot \u00e0 dire, et se contentera de g\u00e9rer les affaires courantes.<\/p>\n<p>Selon un sondage de YouGov , une majorit\u00e9 des \u00e9lecteurs favorise une coalition entre centre gauche, \u00e9cologistes et lib\u00e9raux. Et 43% estiment qu&rsquo;Olaf Scholz doit devenir le prochain chancelier de la premi\u00e8re \u00e9conomie europ\u00e9enne.<\/p>\n<p>M. Scholz a clairement d\u00e9clar\u00e9 vouloir travailler avec les Verts et les lib\u00e9raux. Tout d\u00e9pendra donc du bon vouloir de ces deux petits partis, qualifi\u00e9s lundi par le quotidien Bild de \u00ab\u00a0faiseurs de roi\u00a0\u00bb.<\/p>\n<p>Le chef des lib\u00e9raux du FDP Christian Lindner a d&rsquo;ailleurs estim\u00e9 dimanche qu&rsquo;il serait \u00ab\u00a0souhaitable\u00a0\u00bb pour son parti et les \u00e9cologistes \u00ab\u00a0de discuter d&rsquo;abord entre eux\u00a0\u00bb avant de d\u00e9cider s&rsquo;ils s&rsquo;allient avec les conservateurs ou les sociaux-d\u00e9mocrates. (AFP)<\/p>\n","protected":false},"excerpt":{"rendered":"<p>P\u00f4le de stabilit\u00e9 sous l&rsquo;\u00e8re Merkel, l&rsquo;Allemagne entre dans une phase plus impr\u00e9visible \u00e0 la suite des \u00e9lections l\u00e9gislatives serr\u00e9es, qui pourrait la mettre aux abonn\u00e9s absents sur la sc\u00e8ne internationale pendant de longs mois. Photo: De gauche \u00e0 droite, Olaf Scholz social-d\u00e9mocrate, candidat du SPD, Annalena Baerbock cheffe de file et candidate des Verts [&hellip;]<\/p>\n","protected":false},"author":1,"featured_media":10325,"comment_status":"open","ping_status":"closed","sticky":false,"template":"","format":"standard","meta":{"footnotes":""},"categories":[30],"tags":[615,2060],"class_list":["post-10324","post","type-post","status-publish","format-standard","has-post-thumbnail","hentry","category-actualite","tag-allemagne","tag-elections-legislatives-allemagne"],"aioseo_notices":[],"_links":{"self":[{"href":"https:\/\/www.culturalusa.com\/news\/wp-json\/wp\/v2\/posts\/10324","targetHints":{"allow":["GET"]}}],"collection":[{"href":"https:\/\/www.culturalusa.com\/news\/wp-json\/wp\/v2\/posts"}],"about":[{"href":"https:\/\/www.culturalusa.com\/news\/wp-json\/wp\/v2\/types\/post"}],"author":[{"embeddable":true,"href":"https:\/\/www.culturalusa.com\/news\/wp-json\/wp\/v2\/users\/1"}],"replies":[{"embeddable":true,"href":"https:\/\/www.culturalusa.com\/news\/wp-json\/wp\/v2\/comments?post=10324"}],"version-history":[{"count":0,"href":"https:\/\/www.culturalusa.com\/news\/wp-json\/wp\/v2\/posts\/10324\/revisions"}],"wp:featuredmedia":[{"embeddable":true,"href":"https:\/\/www.culturalusa.com\/news\/wp-json\/wp\/v2\/media\/10325"}],"wp:attachment":[{"href":"https:\/\/www.culturalusa.com\/news\/wp-json\/wp\/v2\/media?parent=10324"}],"wp:term":[{"taxonomy":"category","embeddable":true,"href":"https:\/\/www.culturalusa.com\/news\/wp-json\/wp\/v2\/categories?post=10324"},{"taxonomy":"post_tag","embeddable":true,"href":"https:\/\/www.culturalusa.com\/news\/wp-json\/wp\/v2\/tags?post=10324"}],"curies":[{"name":"wp","href":"https:\/\/api.w.org\/{rel}","templated":true}]}}