{"id":10349,"date":"2021-10-06T11:37:17","date_gmt":"2021-10-06T09:37:17","guid":{"rendered":"https:\/\/www.culturalusa.com\/news\/?p=10349"},"modified":"2021-10-06T11:40:34","modified_gmt":"2021-10-06T09:40:34","slug":"lunion-europeenne-en-quete-dinfluence-face-a-washington-et-pekin","status":"publish","type":"post","link":"https:\/\/www.culturalusa.com\/news\/politique\/lunion-europeenne-en-quete-dinfluence-face-a-washington-et-pekin\/","title":{"rendered":"L&rsquo;Union Europ\u00e9enne en qu\u00eate d&rsquo;influence face \u00e0 Washington et P\u00e9kin"},"content":{"rendered":"<p>Quelle place pour les dirigeants de l&rsquo;Europe face aux deux superpuissances rivales que sont les Etats-Unis et la Chine ? Apr\u00e8s l&rsquo;Afghanistan et la crise des sous-marins, les dirigeants de l&rsquo;UE se sont r\u00e9unis mardi en Slov\u00e9nie pour tenter de renforcer leur influence.<\/p>\n<blockquote><p>Les 27 chefs d&rsquo;Etat et de gouvernement sont arriv\u00e9s avant 19H00 (17H00 GMT) au ch\u00e2teau de Brdo, non loin de la capitale Ljubljana, afin d&rsquo;\u00e9changer autour d&rsquo;un d\u00eener, \u00e0 la veille d&rsquo;un sommet informel consacr\u00e9 \u00e0 l&rsquo;\u00e9largissement aux pays des <strong>Balkans occidentaux<\/strong>.<\/p><\/blockquote>\n<p>Si aucune d\u00e9cision concr\u00e8te n&rsquo;est attendue, \u00ab\u00a0c&rsquo;est la premi\u00e8re fois qu&rsquo;ils se retrouvent depuis juin, autant dire une \u00e9ternit\u00e9\u00a0\u00bb au vu des remous de ces derniers mois, commente un haut diplomate.<br \/>\nDans sa lettre d&rsquo;invitation en Slov\u00e9nie, qui exerce la pr\u00e9sidence semestrielle de l&rsquo;UE, le pr\u00e9sident du Conseil europ\u00e9en <strong>Charles Michel<\/strong> a appel\u00e9 \u00e0 \u00ab\u00a0<strong>une discussion strat\u00e9gique sur le r\u00f4le de l&rsquo;Union sur la sc\u00e8ne internationale<\/strong>\u00ab\u00a0.<\/p>\n<p>Ce d\u00eener est \u00ab\u00a0l&rsquo;occasion, apr\u00e8s les r\u00e9cents \u00e9v\u00e9nements g\u00e9opolitiques &#8211; l&rsquo;Afghanistan, les relations avec la Chine, la situation dans la r\u00e9gion indo-Pacifique &#8211; de voir comment on peut veiller \u00e0 ce que l&rsquo;Union europ\u00e9enne exerce davantage d&rsquo;influence\u00a0\u00bb, a-t-il r\u00e9sum\u00e9 \u00e0 son arriv\u00e9e.<\/p>\n<h3>\u00ab\u00a0Ne pas se refermer\u00a0\u00bb<\/h3>\n<p>Nul doute que le pr\u00e9sident fran\u00e7ais Emmanuel Macron, encore \u00e9branl\u00e9 par la rupture par Canberra d&rsquo;un m\u00e9gacontrat d&rsquo;achat de sous-marins fran\u00e7ais, va tenter de convaincre ses partenaires europ\u00e9ens de r\u00e9it\u00e9rer leur solidarit\u00e9 envers Paris et de s&rsquo;\u00e9manciper de l&rsquo;alli\u00e9 am\u00e9ricain.<\/p>\n<p>\u00ab\u00a0Le grand avantage de ce type de d\u00eener, avec un spectre large de discussions, est de permettre un d\u00e9bat libre\u00a0\u00bb, souligne un conseiller de l&rsquo;Elys\u00e9e.<\/p>\n<p>Avant de partir pour la Slov\u00e9nie, M. Macron a pu s&rsquo;expliquer avec le secr\u00e9taire d&rsquo;Etat am\u00e9ricain Antony Blinken, de passage \u00e0 Paris.<\/p>\n<p>Au sein de l&rsquo;Union europ\u00e9enne, les pays nordiques et baltes exhortent toutefois \u00e0 la prudence, insistant sur la pr\u00e9servation de la relation transatlantique.<\/p>\n<p>\u00ab\u00a0L&rsquo;UE ne peut pas se refermer sur elle-m\u00eame\u00a0\u00bb, a comment\u00e9 le Premier ministre su\u00e9dois Stefan L\u00f6fven, cit\u00e9 par l&rsquo;agence de presse nationale, souhaitant \u00ab\u00a0d\u00e9velopper la coop\u00e9ration \u00e0 la fois avec la Chine et les Etats-Unis\u00a0\u00bb.<\/p>\n<p>Le pr\u00e9sident am\u00e9ricain Joe Biden, soucieux de donner des gages apr\u00e8s cet \u00e9pisode, a qualifi\u00e9 l&rsquo;UE de \u00ab\u00a0partenaire fondamental\u00a0\u00bb dans une conversation t\u00e9l\u00e9phonique lundi avec la pr\u00e9sidente de la Commission europ\u00e9enne, Ursula von der Leyen, selon la Maison Blanche.<\/p>\n<h3>Vers plus d&rsquo;autonomie<\/h3>\n<p>L&rsquo;affaire des sous-marins est intervenue quelques semaines apr\u00e8s le retrait chaotique de l&rsquo;arm\u00e9e am\u00e9ricaine d&rsquo;Afghanistan en ao\u00fbt, qui a relanc\u00e9 la r\u00e9flexion sur l&rsquo;autonomie des Europ\u00e9ens.<\/p>\n<p>La cr\u00e9ation d&rsquo;une force europ\u00e9enne de r\u00e9action rapide de 5.000 militaires est en discussion depuis plusieurs mois et le r\u00e9cent fiasco afghan a relanc\u00e9 le d\u00e9bat en soulignant les carences militaires du Vieux Continent, la France menant la charge.<\/p>\n<p>Ce sera l&rsquo;un des derniers rendez-vous au sommet pour la chanceli\u00e8re allemande Angela Merkel, figure centrale de l&rsquo;UE depuis 15 ans, \u00e0 un moment o\u00f9 de difficiles tractations ont commenc\u00e9 en Allemagne pour tenter de former un nouveau gouvernement.<\/p>\n<p>Son d\u00e9part laissera le champ libre \u00e0 d&rsquo;autres dirigeants, comme M. Macron, l&rsquo;Italien Mario Draghi et le N\u00e9erlandais Mark Rutte, d\u00e9sireux d&rsquo;imprimer leur marque.<\/p>\n<h3>L&rsquo;\u00e9nergie aussi au menu<\/h3>\n<p>A l&rsquo;\u00e9gard de la Chine, un march\u00e9 convoit\u00e9 par les puissantes industries allemandes, Mme Merkel a oeuvr\u00e9 \u00e0 un rapprochement, mais l&rsquo;accord sur les investissements conclu fin 2020 entre Bruxelles et P\u00e9kin a \u00e9t\u00e9 suspendu sine die sur fond de tensions autour des droits humains.<\/p>\n<p>Autre th\u00e8me du d\u00eener, selon la pr\u00e9sidence fran\u00e7aise, \u00ab\u00a0la hausse des prix de l&rsquo;\u00e9nergie\u00a0\u00bb, un sujet de pr\u00e9occupation de plusieurs pays europ\u00e9ens comme l&rsquo;Espagne, la Gr\u00e8ce et la Pologne.<\/p>\n<p>Face \u00e0 cette flamb\u00e9e redout\u00e9e pour ses cons\u00e9quences sociales, la Commission europ\u00e9enne devrait proposer la semaine prochaine des solutions de court terme, avec une discussion plus approfondie au sommet de l&rsquo;UE des 21 et 22 octobre.<\/p>\n<p>En marge de la r\u00e9union, les opposants \u00e0 la vaccination contre le Covid-19 ont fait entendre leur voix : plusieurs milliers de personnes se sont rassembl\u00e9es dans le centre de Ljubljana, la police usant de canons \u00e0 eau et de gaz lacrymog\u00e8ne pour les disperser. (AFP)<\/p>\n","protected":false},"excerpt":{"rendered":"<p>Quelle place pour les dirigeants de l&rsquo;Europe face aux deux superpuissances rivales que sont les Etats-Unis et la Chine ? Apr\u00e8s l&rsquo;Afghanistan et la crise des sous-marins, les dirigeants de l&rsquo;UE se sont r\u00e9unis mardi en Slov\u00e9nie pour tenter de renforcer leur influence. Les 27 chefs d&rsquo;Etat et de gouvernement sont arriv\u00e9s avant 19H00 (17H00 [&hellip;]<\/p>\n","protected":false},"author":1,"featured_media":10350,"comment_status":"open","ping_status":"closed","sticky":false,"template":"","format":"standard","meta":{"footnotes":""},"categories":[1494],"tags":[2071,752,173,803],"class_list":["post-10349","post","type-post","status-publish","format-standard","has-post-thumbnail","hentry","category-politique","tag-balkans-occidentaux","tag-pekin","tag-union-europeenne","tag-washington"],"aioseo_notices":[],"_links":{"self":[{"href":"https:\/\/www.culturalusa.com\/news\/wp-json\/wp\/v2\/posts\/10349","targetHints":{"allow":["GET"]}}],"collection":[{"href":"https:\/\/www.culturalusa.com\/news\/wp-json\/wp\/v2\/posts"}],"about":[{"href":"https:\/\/www.culturalusa.com\/news\/wp-json\/wp\/v2\/types\/post"}],"author":[{"embeddable":true,"href":"https:\/\/www.culturalusa.com\/news\/wp-json\/wp\/v2\/users\/1"}],"replies":[{"embeddable":true,"href":"https:\/\/www.culturalusa.com\/news\/wp-json\/wp\/v2\/comments?post=10349"}],"version-history":[{"count":0,"href":"https:\/\/www.culturalusa.com\/news\/wp-json\/wp\/v2\/posts\/10349\/revisions"}],"wp:featuredmedia":[{"embeddable":true,"href":"https:\/\/www.culturalusa.com\/news\/wp-json\/wp\/v2\/media\/10350"}],"wp:attachment":[{"href":"https:\/\/www.culturalusa.com\/news\/wp-json\/wp\/v2\/media?parent=10349"}],"wp:term":[{"taxonomy":"category","embeddable":true,"href":"https:\/\/www.culturalusa.com\/news\/wp-json\/wp\/v2\/categories?post=10349"},{"taxonomy":"post_tag","embeddable":true,"href":"https:\/\/www.culturalusa.com\/news\/wp-json\/wp\/v2\/tags?post=10349"}],"curies":[{"name":"wp","href":"https:\/\/api.w.org\/{rel}","templated":true}]}}