{"id":10383,"date":"2021-10-19T16:16:06","date_gmt":"2021-10-19T14:16:06","guid":{"rendered":"https:\/\/www.culturalusa.com\/news\/?p=10383"},"modified":"2021-10-19T16:17:53","modified_gmt":"2021-10-19T14:17:53","slug":"presidentielle-2022-les-candidats-au-congres-lr-affichent-unite-et-rassemblement","status":"publish","type":"post","link":"https:\/\/www.culturalusa.com\/news\/politique\/presidentielle-2022-les-candidats-au-congres-lr-affichent-unite-et-rassemblement\/","title":{"rendered":"Pr\u00e9sidentielle 2022 : les candidats au congr\u00e8s LR affichent \u00ab\u00a0unit\u00e9\u00a0\u00bb et \u00ab\u00a0rassemblement\u00a0\u00bb"},"content":{"rendered":"<p>Les candidats \u00e0 l&rsquo;investiture de <strong>LR<\/strong> pour la pr\u00e9sidentielle se sont r\u00e9unis au si\u00e8ge du parti pour afficher <strong>\u00ab\u00a0unit\u00e9\u00a0\u00bb et \u00ab\u00a0rassemblement\u00a0\u00bb<\/strong>, avec une \u00ab\u00a0photo de famille\u00a0\u00bb tr\u00e8s attendue avant le congr\u00e8s du 4 d\u00e9cembre.<\/p>\n<blockquote><p>Le pr\u00e9sident de LR Christian Jacob avait invit\u00e9 les six candidats, Xavier Bertrand, Val\u00e9rie P\u00e9cresse, Michel Barnier, \u00c9ric Ciotti, Philippe Juvin et Denis Payre, pour un petit-d\u00e9jeuner, le premier du genre.<\/p><\/blockquote>\n<p>\u00ab\u00a0Le congr\u00e8s est l&rsquo;occasion du rassemblement, ce matin \u00e9tait l&rsquo;une des \u00e9tapes. Il y en aura d&rsquo;autres\u00a0\u00bb, a affirm\u00e9 Xavier Bertrand, qui a accept\u00e9 il y a une semaine de se plier \u00e0 la m\u00e9canique du congr\u00e8s.<\/p>\n<h3>\u00ab\u00a0Aujourd&rsquo;hui Les R\u00e9publicains deviennent le parti pilier de la reconqu\u00eate et de l&rsquo;alternance, car quand on s&rsquo;\u00e9largit on gagne, et on va gagner\u00a0\u00bb, \u00e0 affirm\u00e9 Val\u00e9rie P\u00e9cresse.<\/h3>\n<p>Cette r\u00e9union intervient quelques jours apr\u00e8s que Xavier Bertrand et Val\u00e9rie P\u00e9cresse ont annonc\u00e9 qu&rsquo;ils allaient reprendre leur carte chez LR, parti qu&rsquo;ils avaient quitt\u00e9 respectivement en 2017 et 2019.<\/p>\n<p>Dans une ambiance \u00ab\u00a0tr\u00e8s cordiale\u00a0\u00bb selon <strong>Michel Barnier<\/strong>, la r\u00e9union a permis d'\u00a0\u00bb\u00e9voquer en d\u00e9tail l&rsquo;organisation des d\u00e9bats\u00a0\u00bb autour des mots d&rsquo;ordre d'\u00a0\u00bbunit\u00e9, responsabilit\u00e9 et rassemblement\u00a0\u00bb.<\/p>\n<p>La rencontre a d&rsquo;ailleurs \u00e9t\u00e9 immortalis\u00e9e par une \u00ab\u00a0photo de famille\u00a0\u00bb, post\u00e9e sur les r\u00e9seaux sociaux, des candidats attabl\u00e9s autour d&rsquo;un petit d\u00e9jeuner.<\/p>\n<p>Car \u00ab\u00a0pour que \u00e7a se passe bien \u00e0 partir du 5 \u00e7a se construit d\u00e8s maintenant\u00a0\u00bb, a fait valoir Christian Jacob.<\/p>\n<p>\u00ab\u00a0On conna\u00eet la recette de la victoire, on sait aussi comment on \u00e9choue: \u00e0 chaque fois qu&rsquo;on a des divisions, des aigreurs, on perd. On ne gagne que quand on est rassembl\u00e9s\u00a0\u00bb, a-t-il martel\u00e9, alors que la droite avait \u00e9t\u00e9 \u00e9limin\u00e9e au premier tour de la derni\u00e8re pr\u00e9sidentielle en 2017.<\/p>\n<p>La question des d\u00e9bats t\u00e9l\u00e9vis\u00e9s sera tranch\u00e9e \u00ab\u00a0mercredi matin\u00a0\u00bb, sur le nombre, la forme, et sur la date \u00ab\u00a0avant ou apr\u00e8s le 4\u00a0\u00bb novembre qui marque la date limite de d\u00e9p\u00f4t des parrainages.<\/p>\n<p>\u00ab\u00a0On se dirige vers un accord sur l&rsquo;organisation de jusqu&rsquo;\u00e0 quatre d\u00e9bats au mois de novembre\u00a0\u00bb, a pour sa part indiqu\u00e9 le pr\u00e9sident des d\u00e9put\u00e9s LR Damien Abad devant la presse. Il a salu\u00e9 \u00ab\u00a0un \u00e9change nourri et cordial\u00a0\u00bb, t\u00e9moignant de \u00ab\u00a0la compr\u00e9hension de la responsabilit\u00e9 qui \u00e9tait la leur\u00a0\u00bb.<\/p>\n<p>\u00ab\u00a0Ceux qui pensent que \u00e7a va \u00eatre la bagarre entre nous vont en \u00eatre pour leurs frais\u00a0\u00bb, a affirm\u00e9 Xavier Bertrand.<\/p>\n<p>\u00ab\u00a0Seul le candidat issu de la famille de LR pourra battre Emmanuel Macron\u00a0\u00bb alors que le pays \u00ab\u00a0ne pourra pas supporter cinq ans suppl\u00e9mentaire d&rsquo;inactivit\u00e9 ou d&rsquo;erreur\u00a0\u00bb, a affirm\u00e9 Eric Ciotti en appelant \u00e0 \u00ab\u00a0couper le robinet d&rsquo;eau ti\u00e8de\u00a0\u00bb.<\/p>\n<p>\u00ab\u00a0La famille est r\u00e9unie, \u00e0 nous de montrer que nous avons un projet de soci\u00e9t\u00e9, de prosp\u00e9rit\u00e9 \u00e9conomique et sociale\u00a0\u00bb, a rench\u00e9ri Philippe Juvin. (AFP)<\/p>\n","protected":false},"excerpt":{"rendered":"<p>Les candidats \u00e0 l&rsquo;investiture de LR pour la pr\u00e9sidentielle se sont r\u00e9unis au si\u00e8ge du parti pour afficher \u00ab\u00a0unit\u00e9\u00a0\u00bb et \u00ab\u00a0rassemblement\u00a0\u00bb, avec une \u00ab\u00a0photo de famille\u00a0\u00bb tr\u00e8s attendue avant le congr\u00e8s du 4 d\u00e9cembre. Le pr\u00e9sident de LR Christian Jacob avait invit\u00e9 les six candidats, Xavier Bertrand, Val\u00e9rie P\u00e9cresse, Michel Barnier, \u00c9ric Ciotti, Philippe Juvin [&hellip;]<\/p>\n","protected":false},"author":1,"featured_media":10384,"comment_status":"open","ping_status":"closed","sticky":false,"template":"","format":"standard","meta":{"footnotes":""},"categories":[1494],"tags":[2087,2088,1356,1707],"class_list":["post-10383","post","type-post","status-publish","format-standard","has-post-thumbnail","hentry","category-politique","tag-christian-jacob","tag-les-republicains","tag-lr","tag-presidentielle-2022"],"aioseo_notices":[],"_links":{"self":[{"href":"https:\/\/www.culturalusa.com\/news\/wp-json\/wp\/v2\/posts\/10383","targetHints":{"allow":["GET"]}}],"collection":[{"href":"https:\/\/www.culturalusa.com\/news\/wp-json\/wp\/v2\/posts"}],"about":[{"href":"https:\/\/www.culturalusa.com\/news\/wp-json\/wp\/v2\/types\/post"}],"author":[{"embeddable":true,"href":"https:\/\/www.culturalusa.com\/news\/wp-json\/wp\/v2\/users\/1"}],"replies":[{"embeddable":true,"href":"https:\/\/www.culturalusa.com\/news\/wp-json\/wp\/v2\/comments?post=10383"}],"version-history":[{"count":0,"href":"https:\/\/www.culturalusa.com\/news\/wp-json\/wp\/v2\/posts\/10383\/revisions"}],"wp:featuredmedia":[{"embeddable":true,"href":"https:\/\/www.culturalusa.com\/news\/wp-json\/wp\/v2\/media\/10384"}],"wp:attachment":[{"href":"https:\/\/www.culturalusa.com\/news\/wp-json\/wp\/v2\/media?parent=10383"}],"wp:term":[{"taxonomy":"category","embeddable":true,"href":"https:\/\/www.culturalusa.com\/news\/wp-json\/wp\/v2\/categories?post=10383"},{"taxonomy":"post_tag","embeddable":true,"href":"https:\/\/www.culturalusa.com\/news\/wp-json\/wp\/v2\/tags?post=10383"}],"curies":[{"name":"wp","href":"https:\/\/api.w.org\/{rel}","templated":true}]}}