{"id":10408,"date":"2021-10-26T15:30:31","date_gmt":"2021-10-26T13:30:31","guid":{"rendered":"https:\/\/www.culturalusa.com\/news\/?p=10408"},"modified":"2021-10-26T15:30:31","modified_gmt":"2021-10-26T13:30:31","slug":"7-structures-de-islam-radical-dissoutes-dici-a-la-fin-de-lannee-selon-darmanin","status":"publish","type":"post","link":"https:\/\/www.culturalusa.com\/news\/politique\/7-structures-de-islam-radical-dissoutes-dici-a-la-fin-de-lannee-selon-darmanin\/","title":{"rendered":"7 structures de \u00ab\u00a0Islam radical\u00a0\u00bb dissoutes \u00ab\u00a0d&rsquo;ici \u00e0 la fin de l&rsquo;ann\u00e9e\u00a0\u00bb, selon Darmanin"},"content":{"rendered":"<p><strong>G\u00e9rald Darmanin<\/strong> a affirm\u00e9 que \u00ab\u00a0sept nouvelles structures de l&rsquo;Islam radical\u00a0\u00bb (associations ou lieux de culte, ndlr) seraient \u00ab\u00a0dissoutes d&rsquo;ici \u00e0 la fin de l&rsquo;ann\u00e9e\u00a0\u00bb en Conseil des ministres, <strong>pour avoir propag\u00e9 des discours de haine et islamisme radical<\/strong>.<\/p>\n<blockquote><p>Mercredi dernier, le Conseil des ministres a approuv\u00e9 la dissolution de la \u00ab\u00a0Coordination contre le racisme et l&rsquo;islamophobie\u00a0\u00bb qui, selon le ministre de l&rsquo;Int\u00e9rieur, appelait \u00ab\u00a0\u00e0 la haine, \u00e0 la violence et \u00e0 la discrimination\u00a0\u00bb.<\/p><\/blockquote>\n<p>S&rsquo;exprimant lors d&rsquo;une conf\u00e9rence de presse, M. Darmanin s&rsquo;est f\u00e9licit\u00e9 de la fermeture pour six mois de la mosqu\u00e9e d&rsquo;Allonnes pour \u00ab\u00a0pratique radicale de l&rsquo;islam\u00a0\u00bb, signifi\u00e9e lundi par le pr\u00e9fet de la Sarthe.<\/p>\n<p>\u00ab\u00a0Les \u00e9l\u00e9ments recueillis montrent, a poursuivi G\u00e9rald Darmanin, que les dirigeants des associations gestionnaires de la mosqu\u00e9e d&rsquo;Allonnes ainsi que les imams y officiant promeuvent, par leurs discours, leurs pr\u00eaches ou les ouvrages pr\u00e9sents dans le lieu de culte, <strong>une pratique radicale de l&rsquo;islam<\/strong>.<\/p>\n<blockquote><p>Et aussi, l\u00e9gitiment le recours au djihad arm\u00e9, la mort en martyr ainsi que l&rsquo;instauration de la charia, <span style=\"color: #800000;\">tout en cultivant un sentiment de haine \u00e0 l&rsquo;\u00e9gard de la France, des occidentaux, des chr\u00e9tiens ou des juifs<\/span>\u00ab\u00a0.<\/p><\/blockquote>\n<p>\u00ab\u00a0Par ailleurs, a-t-il ajout\u00e9, <span style=\"color: #800000;\"><strong>ils l\u00e9gitiment les attentats terroristes<\/strong><\/span>, se f\u00e9licitent de ceux survenus sur le territoire national et cherchent \u00e0 mobiliser les jeunes fid\u00e8les \u00e0 se pr\u00e9parer au combat\u00a0\u00bb.<\/p>\n<h3>\u00ab\u00a0Au regard de la gravit\u00e9 des faits\u00a0\u00bb, le ministre a annonc\u00e9 \u00ab\u00a0un signalement \u00e0 l&rsquo;autorit\u00e9 judiciaire\u00a0\u00bb et avoir \u00ab\u00a0proc\u00e9d\u00e9 au gel des avoirs financiers des associations et de leurs dirigeants\u00a0\u00bb de cette mosqu\u00e9e.<\/h3>\n<p>M. Darmanin a indiqu\u00e9 en outre que sur les 2.500 lieux de culte islamique r\u00e9pertori\u00e9s en France, \u00ab\u00a092 \u00e9taient contr\u00f4l\u00e9s car soup\u00e7onn\u00e9s de s\u00e9paratisme\u00a0\u00bb. Sur ces 92 lieux, \u00ab\u00a021, a-t-il dit, ont \u00e9t\u00e9 ferm\u00e9s\u00a0\u00bb. (AFP)<\/p>\n","protected":false},"excerpt":{"rendered":"<p>G\u00e9rald Darmanin a affirm\u00e9 que \u00ab\u00a0sept nouvelles structures de l&rsquo;Islam radical\u00a0\u00bb (associations ou lieux de culte, ndlr) seraient \u00ab\u00a0dissoutes d&rsquo;ici \u00e0 la fin de l&rsquo;ann\u00e9e\u00a0\u00bb en Conseil des ministres, pour avoir propag\u00e9 des discours de haine et islamisme radical. Mercredi dernier, le Conseil des ministres a approuv\u00e9 la dissolution de la \u00ab\u00a0Coordination contre le racisme [&hellip;]<\/p>\n","protected":false},"author":1,"featured_media":10409,"comment_status":"open","ping_status":"closed","sticky":false,"template":"","format":"standard","meta":{"footnotes":""},"categories":[1494],"tags":[2103,2102,1282,1080,1388,1504,1718],"class_list":["post-10408","post","type-post","status-publish","format-standard","has-post-thumbnail","hentry","category-politique","tag-association-islamiste","tag-attentats-terroristes","tag-gerald-darmanin","tag-islam","tag-islam-radical","tag-islamisme-radical","tag-mosquee"],"aioseo_notices":[],"_links":{"self":[{"href":"https:\/\/www.culturalusa.com\/news\/wp-json\/wp\/v2\/posts\/10408","targetHints":{"allow":["GET"]}}],"collection":[{"href":"https:\/\/www.culturalusa.com\/news\/wp-json\/wp\/v2\/posts"}],"about":[{"href":"https:\/\/www.culturalusa.com\/news\/wp-json\/wp\/v2\/types\/post"}],"author":[{"embeddable":true,"href":"https:\/\/www.culturalusa.com\/news\/wp-json\/wp\/v2\/users\/1"}],"replies":[{"embeddable":true,"href":"https:\/\/www.culturalusa.com\/news\/wp-json\/wp\/v2\/comments?post=10408"}],"version-history":[{"count":0,"href":"https:\/\/www.culturalusa.com\/news\/wp-json\/wp\/v2\/posts\/10408\/revisions"}],"wp:featuredmedia":[{"embeddable":true,"href":"https:\/\/www.culturalusa.com\/news\/wp-json\/wp\/v2\/media\/10409"}],"wp:attachment":[{"href":"https:\/\/www.culturalusa.com\/news\/wp-json\/wp\/v2\/media?parent=10408"}],"wp:term":[{"taxonomy":"category","embeddable":true,"href":"https:\/\/www.culturalusa.com\/news\/wp-json\/wp\/v2\/categories?post=10408"},{"taxonomy":"post_tag","embeddable":true,"href":"https:\/\/www.culturalusa.com\/news\/wp-json\/wp\/v2\/tags?post=10408"}],"curies":[{"name":"wp","href":"https:\/\/api.w.org\/{rel}","templated":true}]}}