{"id":10423,"date":"2021-11-03T17:25:57","date_gmt":"2021-11-03T16:25:57","guid":{"rendered":"https:\/\/www.culturalusa.com\/news\/?p=10423"},"modified":"2021-11-03T17:25:57","modified_gmt":"2021-11-03T16:25:57","slug":"coronavirus-le-point-sur-les-dernieres-evolutions-de-la-pandemie-dans-le-monde","status":"publish","type":"post","link":"https:\/\/www.culturalusa.com\/news\/monde\/coronavirus-le-point-sur-les-dernieres-evolutions-de-la-pandemie-dans-le-monde\/","title":{"rendered":"Coronavirus : le point sur les derni\u00e8res \u00e9volutions de la pand\u00e9mie dans le monde"},"content":{"rendered":"<p><strong>Le point sur les derni\u00e8res \u00e9volutions de la pand\u00e9mie de Covid-19 dans le monde<\/strong>. Nouvelles mesures, nouveaux bilans et faits marquants.<\/p>\n<h3>Pfizer table sur son vaccin contre le Covid pour doper ses recettes<\/h3>\n<blockquote><p>Le groupe pharmaceutique am\u00e9ricain Pfizer a revu \u00e0 la hausse mardi l&rsquo;\u00e9valuation de ses recettes annuelles pour le Comirnaty, son vaccin contre le Covid, tablant notamment sur la forte demande en dehors des Etats-Unis.<\/p><\/blockquote>\n<p>L&rsquo;entreprise pr\u00e9voit d\u00e9sormais d&rsquo;\u00e9couler cette ann\u00e9e pour 36 milliards de dollars du s\u00e9rum qu&rsquo;il a mis au point en partenariat avec la biotech allemande BioNTech, contre 33,5 milliards de dollars dans ses pr\u00e9c\u00e9dentes pr\u00e9visions.<\/p>\n<h3>Nouvelles mesures en Gr\u00e8ce pour les non-vaccin\u00e9s<\/h3>\n<p>Face \u00e0 la recrudescence du nombre des cas de coronavirus, les <strong>personnes non vaccin\u00e9es<\/strong> en Gr\u00e8ce devront \u00e0 partir de samedi pr\u00e9senter des tests PCR ou antig\u00e9niques n\u00e9gatifs pour se rendre dans les administrations publiques, les magasins ou les banques, a annonc\u00e9 le minist\u00e8re de la Sant\u00e9.<\/p>\n<p>Les salari\u00e9s du priv\u00e9 et du public qui ne sont pas vaccin\u00e9s devront par ailleurs pr\u00e9senter deux fois par semaine des tests n\u00e9gatifs au Covid-19, qu&rsquo;ils devront eux-m\u00eames payer. Les amendes pour les magasins et les restaurants qui ne respectent pas les mesures impos\u00e9es par le gouvernement sont doubl\u00e9es, s&rsquo;\u00e9tablissant \u00e0 5.000 euros.<\/p>\n<h3>Record historique \u00e0 la Bourse de Paris<\/h3>\n<p>La Bourse de Paris a d\u00e9pass\u00e9 mardi son record historique de cl\u00f4ture gr\u00e2ce au rebond \u00e9conomique permis, apr\u00e8s le plus dur de la crise du Covid-19, par l&rsquo;afflux de liquidit\u00e9s sur les march\u00e9s et l&rsquo;am\u00e9lioration de la situation sanitaire.<\/p>\n<h3>Iran : le chef de la diplomatie test\u00e9 positif<\/h3>\n<p>Le ministre iranien des Affaires \u00e9trang\u00e8res, Hossein Amir-Abdollahian, 57 ans, a contract\u00e9 le Covid-19, ont annonc\u00e9 les m\u00e9dias locaux au moment o\u00f9 T\u00e9h\u00e9ran s&rsquo;est dit pr\u00eat \u00e0 prochainement reprendre les n\u00e9gociations internationales sur son programme nucl\u00e9aire controvers\u00e9.<\/p>\n<p>Cette annonce intervient alors que le porte-parole du minist\u00e8re Sa\u00efd Khatibzadeh avait annonc\u00e9 lundi que les pourparlers sur le nucl\u00e9aire commenceraient \u00ab\u00a0dans les deux ou trois prochaines semaines\u00a0\u00bb.<\/p>\n<h3>Fin de la quarantaine en Tha\u00eflande<\/h3>\n<p>Quelques centaines de voyageurs \u00e9trangers sont arriv\u00e9s lundi en Tha\u00eflande qui rouvre ses portes aux visiteurs internationaux apr\u00e8s 18 mois de verrouillage, une lueur d&rsquo;espoir pour l&rsquo;industrie du tourisme exsangue en raison de la pand\u00e9mie.<\/p>\n<p>En fin de journ\u00e9e, l&rsquo;a\u00e9roport Suvarnabhumi de Bangkok, autrefois l&rsquo;un des plus fr\u00e9quent\u00e9s du monde, avait accueilli 1.500 touristes \u00e9trangers, d&rsquo;apr\u00e8s son directeur. Il en attend quelque 70.000 sur l&rsquo;ensemble du mois de novembre.<\/p>\n<h3>La Melbourne Cup retrouve son public<\/h3>\n<p>La plus importante course hippique d&rsquo;Australie, la Melbourne Cup, s&rsquo;est d\u00e9roul\u00e9e mardi en pr\u00e9sence du public, un an apr\u00e8s un huis clos historique et au moment o\u00f9 ce pays tente de renouer avec une vie quasi-normale.<\/p>\n<p>Verry Elleegant a franchi en vainqueur la ligne d&rsquo;arriv\u00e9e devant des spectateurs sortis dix jours auparavant d&rsquo;une des plus longues s\u00e9ries de confinements au monde (260 jours).<\/p>\n<h3>Pr\u00e8s de cinq millions de morts<\/h3>\n<p>La pand\u00e9mie a fait au moins 5.003.717 morts dans le monde depuis fin d\u00e9cembre 2019, selon un bilan \u00e9tabli par l&rsquo;AFP \u00e0 partir de sources officielles mardi \u00e0 11H00 GMT.<\/p>\n<p>Les \u00c9tats-Unis sont le pays le plus endeuill\u00e9 avec 747.033 morts, suivis du Br\u00e9sil (607.922), de l&rsquo;Inde (458.880), du Mexique (288.464) et de la Russie (240.871).<\/p>\n<p>Ces chiffres se fondent sur les bilans officiels quotidiens de chaque pays, excluant les r\u00e9visions \u00e0 la hausse r\u00e9alis\u00e9es a posteriori par certains organismes statistiques. En prenant en compte la surmortalit\u00e9 directement et indirectement li\u00e9e au Covid-19, l&rsquo;OMS estime que le bilan global de la pand\u00e9mie pourrait \u00eatre deux \u00e0 trois fois plus \u00e9lev\u00e9. (AFP)<\/p>\n","protected":false},"excerpt":{"rendered":"<p>Le point sur les derni\u00e8res \u00e9volutions de la pand\u00e9mie de Covid-19 dans le monde. Nouvelles mesures, nouveaux bilans et faits marquants. Pfizer table sur son vaccin contre le Covid pour doper ses recettes Le groupe pharmaceutique am\u00e9ricain Pfizer a revu \u00e0 la hausse mardi l&rsquo;\u00e9valuation de ses recettes annuelles pour le Comirnaty, son vaccin contre [&hellip;]<\/p>\n","protected":false},"author":1,"featured_media":10424,"comment_status":"open","ping_status":"closed","sticky":false,"template":"","format":"standard","meta":{"footnotes":""},"categories":[1372],"tags":[2111,1180,2112],"class_list":["post-10423","post","type-post","status-publish","format-standard","has-post-thumbnail","hentry","category-monde","tag-evolution-pandemie","tag-coronavirus","tag-vaccin-contre-le-covid"],"aioseo_notices":[],"_links":{"self":[{"href":"https:\/\/www.culturalusa.com\/news\/wp-json\/wp\/v2\/posts\/10423","targetHints":{"allow":["GET"]}}],"collection":[{"href":"https:\/\/www.culturalusa.com\/news\/wp-json\/wp\/v2\/posts"}],"about":[{"href":"https:\/\/www.culturalusa.com\/news\/wp-json\/wp\/v2\/types\/post"}],"author":[{"embeddable":true,"href":"https:\/\/www.culturalusa.com\/news\/wp-json\/wp\/v2\/users\/1"}],"replies":[{"embeddable":true,"href":"https:\/\/www.culturalusa.com\/news\/wp-json\/wp\/v2\/comments?post=10423"}],"version-history":[{"count":0,"href":"https:\/\/www.culturalusa.com\/news\/wp-json\/wp\/v2\/posts\/10423\/revisions"}],"wp:featuredmedia":[{"embeddable":true,"href":"https:\/\/www.culturalusa.com\/news\/wp-json\/wp\/v2\/media\/10424"}],"wp:attachment":[{"href":"https:\/\/www.culturalusa.com\/news\/wp-json\/wp\/v2\/media?parent=10423"}],"wp:term":[{"taxonomy":"category","embeddable":true,"href":"https:\/\/www.culturalusa.com\/news\/wp-json\/wp\/v2\/categories?post=10423"},{"taxonomy":"post_tag","embeddable":true,"href":"https:\/\/www.culturalusa.com\/news\/wp-json\/wp\/v2\/tags?post=10423"}],"curies":[{"name":"wp","href":"https:\/\/api.w.org\/{rel}","templated":true}]}}