{"id":10443,"date":"2021-11-05T16:50:29","date_gmt":"2021-11-05T15:50:29","guid":{"rendered":"https:\/\/www.culturalusa.com\/news\/?p=10443"},"modified":"2021-11-05T16:52:00","modified_gmt":"2021-11-05T15:52:00","slug":"le-parlement-a-autorise-le-pass-sanitaire-jusqua-lete-apres-les-elections","status":"publish","type":"post","link":"https:\/\/www.culturalusa.com\/news\/politique\/le-parlement-a-autorise-le-pass-sanitaire-jusqua-lete-apres-les-elections\/","title":{"rendered":"Le Parlement a autoris\u00e9 le pass sanitaire jusqu&rsquo;\u00e0 l&rsquo;\u00e9t\u00e9, apr\u00e8s les \u00e9lections"},"content":{"rendered":"<p>Le <strong>Parlement autorise le possible recours au pass sanitaire<\/strong> jusqu&rsquo;au 31 juillet 2022, \u00e0 la fureur des oppositions qui accusent le pouvoir d&rsquo;\u00e9vacuer toute remise en cause de sa politique anti-Covid pendant la pr\u00e9sidentielle et les l\u00e9gislatives.<\/p>\n<blockquote><p>L&rsquo;Assembl\u00e9e nationale a vot\u00e9 dans une ambiance houleuse une ultime mouture du projet de loi de \u00ab\u00a0vigilance sanitaire\u00a0\u00bb, approuv\u00e9 par 118 voix contre 89 et une abstention. Dans la majorit\u00e9, seuls trois d\u00e9put\u00e9s (deux LREM et un MoDem) se sont prononc\u00e9s contre le texte.<\/p><\/blockquote>\n<p>Le projet de loi valid\u00e9 au nom du Parlement balaye les objections du S\u00e9nat domin\u00e9 par la droite, qui l&rsquo;avait rejet\u00e9 d&#8217;embl\u00e9e jeudi soir via une \u00ab\u00a0question pr\u00e9alable\u00a0\u00bb.<\/p>\n<h3>Au nom du gouvernement, le secr\u00e9taire d&rsquo;Etat \u00e0 la Famille Adrien Taquet a soulign\u00e9 que \u00ab\u00a0les dispositions du texte sont pleinement justifi\u00e9es par la situation sanitaire et son \u00e9volution pr\u00e9visible dans les prochains mois\u00a0\u00bb.<\/h3>\n<p>Le Premier ministre Jean Castex, en d\u00e9placement \u00e0 Montpellier, a salu\u00e9 un texte qui \u00ab\u00a0nous donne les armes pour continuer \u00e0 combattre cette \u00e9pid\u00e9mie (de Covid-19) dans les prochains mois\u00a0\u00bb.<\/p>\n<blockquote><p>\u00ab\u00a0On n&rsquo;est pas sorti de l&rsquo;\u00e9pid\u00e9mie, ni en France ni ailleurs, l&rsquo;heure n&rsquo;est pas venue de baisser la garde\u00a0\u00bb, a-t-il ajout\u00e9, au moment o\u00f9 l&rsquo;OMS redoute 500.000 nouveaux d\u00e9c\u00e8s d&rsquo;ici \u00e0 f\u00e9vrier en Europe.<\/p><\/blockquote>\n<p>M. Castex a appel\u00e9 \u00e0 la \u00ab\u00a0mobilisation g\u00e9n\u00e9rale autour de la vaccination\u00a0\u00bb et promis une r\u00e9ponse \u00ab\u00a0bient\u00f4t\u00a0\u00bb pour savoir si une troisi\u00e8me dose de vaccin serait prise en compte dans le pass sanitaire afin d&rsquo;inciter les personnes les plus vuln\u00e9rables \u00e0 y recourir.<\/p>\n<p>Dans l&rsquo;h\u00e9micycle, les oppositions ont livr\u00e9 un dernier baroud d&rsquo;honneur contre ce projet d\u00e9nonc\u00e9 \u00e0 droite comme \u00e0 gauche comme un \u00ab\u00a0blanc seing\u00a0\u00bb qui \u00ab\u00a0enjambe\u00a0\u00bb les \u00e9lections pr\u00e9sidentielle et l\u00e9gislatives.<\/p>\n<p>En tout d\u00e9but de s\u00e9ance, une motion de rejet du texte pr\u00e9sent\u00e9e par la France Insoumise, soutenue par les oppositions de tous bords, a \u00e9t\u00e9 retoqu\u00e9e par 71 voix pour, 112 contre.<\/p>\n<p>Dans une atmosph\u00e8re orageuse, la pr\u00e9sidente du groupe LFI, Mathilde Panot, a d\u00e9nonc\u00e9 \u00ab\u00a0l&rsquo;autoritarisme sanitaire du gouvernement\u00a0\u00bb.<\/p>\n<p>Dans la majorit\u00e9, Isabelle Florennes (MoDem) a d\u00e9plor\u00e9 les \u00ab\u00a0postures politiques\u00a0\u00bb de l&rsquo;opposition, le LREM Guillaume Gouffier-Cha l&rsquo;accusant de cultiver des \u00ab\u00a0divisions politiciennes sur le dos de la crise\u00a0\u00bb sanitaire.<\/p>\n<p>Le principal contentieux porte sur la possibilit\u00e9 de recourir \u00e0 des mesures de \u00ab\u00a0freinage\u00a0\u00bb, au premier rang desquelles le pass sanitaire, jusqu&rsquo;au 31 juillet.<\/p>\n<p>Plut\u00f4t que d&rsquo;aller jusqu&rsquo;\u00e0 l&rsquo;\u00e9t\u00e9, le S\u00e9nat et les oppositions au Palais-Bourbon plaident pour la date du 28 f\u00e9vrier, qui contraindrait l&rsquo;ex\u00e9cutif \u00e0 revenir avant les \u00e9lections devant les chambres.<\/p>\n<h3>\u00ab\u00a0Carte blanche\u00a0\u00bb<\/h3>\n<p>\u00ab\u00a0Nous allons enjamber le Parlement, les \u00e9lections pr\u00e9sidentielle et l\u00e9gislatives et cela ne pose aucune question au gouvernement\u00a0\u00bb, s&rsquo;est indign\u00e9 le LR Philippe Gosselin.<\/p>\n<p>\u00ab\u00a0Nul ne sait qui sera sur les bancs de l&rsquo;Assembl\u00e9e nationale le 31 juillet\u00a0\u00bb, a soulign\u00e9 de son c\u00f4t\u00e9 l&rsquo;UDI Pascal Brindeau.<\/p>\n<p>La socialiste Lamia El Aaraje a fustig\u00e9 une \u00ab\u00a0carte blanche\u00a0\u00bb au gouvernement \u00ab\u00a0d\u00e9nu\u00e9e de tout contr\u00f4le parlementaire\u00a0\u00bb.<\/p>\n<p>De son c\u00f4t\u00e9, le gouvernement souligne qu&rsquo;un d\u00e9bat parlementaire sur le sujet aurait lieu autour du 15 f\u00e9vrier. Sans convaincre les oppositions qui r\u00e9clament un examen en bonne et due forme de la politique gouvernementale avec vote d\u00e9cisionnel.<\/p>\n<h3>Les d\u00e9put\u00e9s de la majorit\u00e9 ont d\u00e9fendu le dispositif du pass, jug\u00e9 \u00ab\u00a0souple et qui a fait ses preuves\u00a0\u00bb et au final bien accept\u00e9 par une grande majorit\u00e9 des Fran\u00e7ais.<\/h3>\n<p>Les \u00ab\u00a0marcheurs\u00a0\u00bb soulignent aussi qu&rsquo;un \u00e9ventuel retour au r\u00e9gime de l&rsquo;\u00e9tat d&rsquo;urgence sanitaire (confinement, couvre-feu&#8230;), lev\u00e9 en juin, serait soumis \u00e0 l&rsquo;approbation des parlementaires.<\/p>\n<p>Les R\u00e9publicains et la gauche ont d&rsquo;ores et d\u00e9j\u00e0 pr\u00e9vu des recours aupr\u00e8s du Conseil constitutionnel.<\/p>\n<p>Autre disposition controvers\u00e9e, le projet de loi permet aux directeurs d&rsquo;\u00e9coles et aux chefs d&rsquo;\u00e9tablissement du second degr\u00e9 de prendre connaissance du statut vaccinal des \u00e9l\u00e8ves.<\/p>\n<p>Une mesure destin\u00e9e selon les gouvernement \u00e0 faciliter notamment les campagnes de d\u00e9pistage et de vaccination en milieu scolaire, mais d\u00e9nonc\u00e9e par les oppositions comme une \u00ab\u00a0br\u00e8che dans le secret m\u00e9dical\u00a0\u00bb.<\/p>\n<p>Le projet de loi prolonge, par ailleurs, l&rsquo;\u00e9tat d&rsquo;urgence en Guyane et en Martinique au 31 d\u00e9cembre. (AFP)<\/p>\n","protected":false},"excerpt":{"rendered":"<p>Le Parlement autorise le possible recours au pass sanitaire jusqu&rsquo;au 31 juillet 2022, \u00e0 la fureur des oppositions qui accusent le pouvoir d&rsquo;\u00e9vacuer toute remise en cause de sa politique anti-Covid pendant la pr\u00e9sidentielle et les l\u00e9gislatives. L&rsquo;Assembl\u00e9e nationale a vot\u00e9 dans une ambiance houleuse une ultime mouture du projet de loi de \u00ab\u00a0vigilance sanitaire\u00a0\u00bb, [&hellip;]<\/p>\n","protected":false},"author":1,"featured_media":10445,"comment_status":"open","ping_status":"closed","sticky":false,"template":"","format":"standard","meta":{"footnotes":""},"categories":[1494],"tags":[679,1211,1377,1949],"class_list":["post-10443","post","type-post","status-publish","format-standard","has-post-thumbnail","hentry","category-politique","tag-assemblee-nationale","tag-pandemie","tag-parlement","tag-pass-sanitaire"],"aioseo_notices":[],"_links":{"self":[{"href":"https:\/\/www.culturalusa.com\/news\/wp-json\/wp\/v2\/posts\/10443","targetHints":{"allow":["GET"]}}],"collection":[{"href":"https:\/\/www.culturalusa.com\/news\/wp-json\/wp\/v2\/posts"}],"about":[{"href":"https:\/\/www.culturalusa.com\/news\/wp-json\/wp\/v2\/types\/post"}],"author":[{"embeddable":true,"href":"https:\/\/www.culturalusa.com\/news\/wp-json\/wp\/v2\/users\/1"}],"replies":[{"embeddable":true,"href":"https:\/\/www.culturalusa.com\/news\/wp-json\/wp\/v2\/comments?post=10443"}],"version-history":[{"count":0,"href":"https:\/\/www.culturalusa.com\/news\/wp-json\/wp\/v2\/posts\/10443\/revisions"}],"wp:featuredmedia":[{"embeddable":true,"href":"https:\/\/www.culturalusa.com\/news\/wp-json\/wp\/v2\/media\/10445"}],"wp:attachment":[{"href":"https:\/\/www.culturalusa.com\/news\/wp-json\/wp\/v2\/media?parent=10443"}],"wp:term":[{"taxonomy":"category","embeddable":true,"href":"https:\/\/www.culturalusa.com\/news\/wp-json\/wp\/v2\/categories?post=10443"},{"taxonomy":"post_tag","embeddable":true,"href":"https:\/\/www.culturalusa.com\/news\/wp-json\/wp\/v2\/tags?post=10443"}],"curies":[{"name":"wp","href":"https:\/\/api.w.org\/{rel}","templated":true}]}}