{"id":10448,"date":"2021-11-05T17:15:13","date_gmt":"2021-11-05T16:15:13","guid":{"rendered":"https:\/\/www.culturalusa.com\/news\/?p=10448"},"modified":"2021-11-05T17:15:13","modified_gmt":"2021-11-05T16:15:13","slug":"des-milliers-de-jeunes-dans-les-rues-de-glasgow-pour-le-climat","status":"publish","type":"post","link":"https:\/\/www.culturalusa.com\/news\/technologie\/des-milliers-de-jeunes-dans-les-rues-de-glasgow-pour-le-climat\/","title":{"rendered":"Des milliers de jeunes dans les rues de Glasgow pour le Climat"},"content":{"rendered":"<p>\u00ab\u00a0<strong>C&rsquo;est notre avenir<\/strong>\u00ab\u00a0: Des milliers de jeunes marchaient dans les rues de Glasgow \u00e0 la fin de la premi\u00e8re semaine de la conf\u00e9rence mondiale <strong>COP26<\/strong> sur le <strong>climat<\/strong>, accusant les grands de ce monde d&rsquo;inaction face au d\u00e9r\u00e8glement climatique qui menace leur g\u00e9n\u00e9ration et les suivantes.<\/p>\n<blockquote><p>Deux jours de manifestations sont pr\u00e9vus dans la ville \u00e9cossaise pour crier l&rsquo;<span style=\"color: #800000;\">urgence climatique<\/span>, face aux effets d\u00e9vastateurs \u00e0 travers la plan\u00e8te de la hausse des temp\u00e9ratures due aux \u00e9missions de gaz \u00e0 effet de serre g\u00e9n\u00e9r\u00e9es par les activit\u00e9s humaines.<\/p><\/blockquote>\n<p>Portant des banderoles telles que \u00ab\u00a0D\u00e9fendez l&rsquo;avenir\u00a0\u00bb, adolescents, jeunes adultes et enfants du monde entier scandaient \u00ab\u00a0Qu&rsquo;est-ce qu&rsquo;on veut ? La justice climatique ! Et pour quand ? Pour maintenant !\u00a0\u00bb<\/p>\n<p>Dans la foule conduite par le mouvement mondial Fridays for Future et partie doucement du centre de Glasgow \u00e9taient attendues l&rsquo;\u00e9g\u00e9rie de la lutte contre le <strong>r\u00e9chauffement climatique<\/strong> la Su\u00e9doise Greta Thunberg ainsi que l&rsquo;Ougandaise Vanessa Nakate.<\/p>\n<p>Beth Donaldson, une Ecossaise de 16 ans est venue avec des amis pour dire que non loin de l\u00e0, enferm\u00e9s dans l&rsquo;immense centre de conf\u00e9rences, ce sont des adultes, au sein de d\u00e9l\u00e9gations de pr\u00e8s de 200 pays, qui d\u00e9cident jusqu&rsquo;au 12 novembre de l&rsquo;avenir de ses contemporains.<\/p>\n<blockquote><p>\u00ab\u00a0Nous voyons \u00e0 la t\u00e9l\u00e9 tous ces dirigeants politiques dire qu&rsquo;ils vont agir mais nous ne savons jamais quelles genres d&rsquo;actions ils vont entreprendre. Ce n&rsquo;est pas vraiment de leur avenir qu&rsquo;il est question mais du n\u00f4tre\u00a0\u00bb, a-t-elle lanc\u00e9.<\/p><\/blockquote>\n<p>D&rsquo;importantes mesures de s\u00e9curit\u00e9 \u00e9taient en place autour du site, d\u00e9j\u00e0 tr\u00e8s s\u00e9curis\u00e9 en temps ordinaire.<\/p>\n<p>Julia Klein, interpr\u00e8te de 50 ans, est venue manifester avec son fils de 10 ans.<\/p>\n<h3>\u00ab\u00a0Nous nous battons\u00a0\u00bb<\/h3>\n<blockquote><p>\u00ab\u00a0C&rsquo;est les gosses qui vont vraiment \u00eatre affect\u00e9s par tout \u00e7a. Et ils en sont d\u00e9j\u00e0 conscients. Je veux qu&rsquo;ils aient une plan\u00e8te propre. Pas qu&rsquo;ils doivent se battre pour la nourriture ou mourir dans des incendies ou des inondations\u00a0\u00bb, dit-elle \u00e0 l&rsquo;AFP.<\/p><\/blockquote>\n<p>Pour la jeune militante ougandaise Vanessa Nakate, \u00ab\u00a0des manifestations comme celle-l\u00e0 mettent la pression sur les gens au pouvoir, et nous savons que ce mouvement doit grossir pour obtenir les changements dont nous avons besoin pour <strong>assurer la s\u00e9curit\u00e9 des g\u00e9n\u00e9rations pr\u00e9sentes et futures<\/strong>\u00ab\u00a0.<\/p>\n<p>Inspir\u00e9s par Greta Thunberg, des millions de jeunes sont descendus dans la rue \u00e0 travers le monde en 2019 pour r\u00e9clamer \u00e0 leurs dirigeants d&rsquo;agir plus vite et plus fort contre le <strong>r\u00e9chauffement de la plan\u00e8te<\/strong>.<\/p>\n<p>Interrompues par la pand\u00e9mie de Covid-19, ces manifestations hebdomadaires du vendredi reprennent depuis quelques semaines, avec toujours \u00e0 leur t\u00eate leur \u00e9g\u00e9rie scandinave dont les formules choc se retrouvent sur les banderoles.<\/p>\n<p>Comme les \u00ab\u00a0bla bla\u00a0\u00bb qui rythment ses accusations depuis quelques mois.<\/p>\n<p>\u00ab\u00a0Ce n&rsquo;est plus une conf\u00e9rence climat. C&rsquo;est un festival de greenwashing des pays riches. Une c\u00e9l\u00e9bration de deux semaines du business as usual et du bla bla\u00a0\u00bb, a-t-elle encore d\u00e9nonc\u00e9 jeudi sur Twitter, \u00e0 la veille de la manifestation, pendant laquelle elle doit s&rsquo;adresser \u00e0 la foule.<\/p>\n<p>A l&rsquo;int\u00e9rieur du centre de conf\u00e9rence, vendredi est aussi la journ\u00e9e de la jeunesse.<\/p>\n<p>En octobre, le ministre de l&rsquo;Environnement italien Roberto Cingolani et le pr\u00e9sident de la COP26 Alok Sharma avaient promis de transmettre \u00e0 Glasgow le manifeste adopt\u00e9 par 400 jeunes du monde entier r\u00e9unis \u00e0 Milan sous l&rsquo;\u00e9gide de l&rsquo;ONU: une cinquantaine de pages de propositions en mati\u00e8re de transition \u00e9nerg\u00e9tique, de financements ou de participation citoyenne.<\/p>\n<p>Apr\u00e8s les jeunes vendredi, une coalition plus large d&rsquo;organisations appelle \u00e0 manifester samedi lors d&rsquo;\u00e9v\u00e9nements simultan\u00e9s partout dans le monde.<\/p>\n<p>\u00ab\u00a0Depuis dix ans, les temp\u00eates dans le Pacifique sont plus violentes, les s\u00e9cheresses sont plus longues et les inondations plus fortes. Les p\u00eacheurs ne peuvent plus nourrir leur famille. C&rsquo;est pour \u00e7a que je marche\u00a0\u00bb, a soulign\u00e9 dans un communiqu\u00e9 Brianna Fruean, venue des Samoa avec les Pacific Climate Warriors. \u00ab\u00a0Nous refusons d&rsquo;\u00eatre seulement des victimes de cette crise. Nous ne nous noyons pas, nous nous battons, et samedi, le monde nous entendra\u00a0\u00bb.<\/p>\n<p>L&rsquo;accord de Paris de 2015 vise \u00e0 limiter le r\u00e9chauffement de la plan\u00e8te bien en de\u00e7a de +2\u00b0C, si possible +1,5\u00b0C, pour \u00e9viter les pires impacts du d\u00e9r\u00e8glement climatique, qui provoquent d\u00e9j\u00e0 des ravages \u00e0 travers la plan\u00e8te. Chaque dixi\u00e8me de degr\u00e9 suppl\u00e9mentaire entra\u00eene son lot de cons\u00e9quences.<\/p>\n<h3>Mais, selon les derni\u00e8res estimations de l&rsquo;ONU, le monde se dirige vers un r\u00e9chauffement \u00ab\u00a0catastrophique\u00a0\u00bb de +2,7\u00b0C.<\/h3>\n<p>Ces derniers jours, de nouveaux engagements renforc\u00e9s ont \u00e9t\u00e9 annonc\u00e9s par l&rsquo;Inde, le Br\u00e9sil ou encore l&rsquo;Argentine, ce qui pourrait faire \u00e9voluer ces pr\u00e9visions, mais les analyses ne sont pas encore disponibles. (AFP)<\/p>\n","protected":false},"excerpt":{"rendered":"<p>\u00ab\u00a0C&rsquo;est notre avenir\u00ab\u00a0: Des milliers de jeunes marchaient dans les rues de Glasgow \u00e0 la fin de la premi\u00e8re semaine de la conf\u00e9rence mondiale COP26 sur le climat, accusant les grands de ce monde d&rsquo;inaction face au d\u00e9r\u00e8glement climatique qui menace leur g\u00e9n\u00e9ration et les suivantes. Deux jours de manifestations sont pr\u00e9vus dans la ville [&hellip;]<\/p>\n","protected":false},"author":1,"featured_media":10449,"comment_status":"open","ping_status":"closed","sticky":false,"template":"","format":"standard","meta":{"footnotes":""},"categories":[6],"tags":[208,1959,2114,356,2115,1899],"class_list":["post-10448","post","type-post","status-publish","format-standard","has-post-thumbnail","hentry","category-technologie","tag-climat","tag-cop26","tag-glasgow","tag-rechauffement-climatique","tag-rechauffement-de-la-planete","tag-urgence-climatique"],"aioseo_notices":[],"_links":{"self":[{"href":"https:\/\/www.culturalusa.com\/news\/wp-json\/wp\/v2\/posts\/10448","targetHints":{"allow":["GET"]}}],"collection":[{"href":"https:\/\/www.culturalusa.com\/news\/wp-json\/wp\/v2\/posts"}],"about":[{"href":"https:\/\/www.culturalusa.com\/news\/wp-json\/wp\/v2\/types\/post"}],"author":[{"embeddable":true,"href":"https:\/\/www.culturalusa.com\/news\/wp-json\/wp\/v2\/users\/1"}],"replies":[{"embeddable":true,"href":"https:\/\/www.culturalusa.com\/news\/wp-json\/wp\/v2\/comments?post=10448"}],"version-history":[{"count":0,"href":"https:\/\/www.culturalusa.com\/news\/wp-json\/wp\/v2\/posts\/10448\/revisions"}],"wp:featuredmedia":[{"embeddable":true,"href":"https:\/\/www.culturalusa.com\/news\/wp-json\/wp\/v2\/media\/10449"}],"wp:attachment":[{"href":"https:\/\/www.culturalusa.com\/news\/wp-json\/wp\/v2\/media?parent=10448"}],"wp:term":[{"taxonomy":"category","embeddable":true,"href":"https:\/\/www.culturalusa.com\/news\/wp-json\/wp\/v2\/categories?post=10448"},{"taxonomy":"post_tag","embeddable":true,"href":"https:\/\/www.culturalusa.com\/news\/wp-json\/wp\/v2\/tags?post=10448"}],"curies":[{"name":"wp","href":"https:\/\/api.w.org\/{rel}","templated":true}]}}