{"id":1045,"date":"2013-05-21T18:22:36","date_gmt":"2013-05-21T16:22:36","guid":{"rendered":"http:\/\/www.culturalusa.com\/news\/?p=1045"},"modified":"2013-05-21T18:22:36","modified_gmt":"2013-05-21T16:22:36","slug":"lespagne-et-lallemagne-ensemble-contre-le-chomage-des-jeunes","status":"publish","type":"post","link":"https:\/\/www.culturalusa.com\/news\/economie\/lespagne-et-lallemagne-ensemble-contre-le-chomage-des-jeunes\/","title":{"rendered":"L&rsquo;Espagne et l&rsquo;Allemagne ensemble contre le ch\u00f4mage des jeunes."},"content":{"rendered":"<p><img loading=\"lazy\" decoding=\"async\" src=\"http:\/\/www.culturalusa.com\/news\/wp-content\/uploads\/2013\/05\/espagne-et-allemagne.jpg\" alt=\"Zone Euro: Espagne-Allemagne\" width=\"467\" height=\"280\" class=\"aligncenter size-full wp-image-1046\" srcset=\"https:\/\/www.culturalusa.com\/news\/wp-content\/uploads\/2013\/05\/espagne-et-allemagne.jpg 467w, https:\/\/www.culturalusa.com\/news\/wp-content\/uploads\/2013\/05\/espagne-et-allemagne-275x165.jpg 275w\" sizes=\"auto, (max-width: 467px) 100vw, 467px\" \/>Les gouvernements espagnol et allemand ont sign\u00e9 mardi un accord visant \u00e0 soutenir l&#8217;emploi et la formation professionnelle en Allemagne des jeunes Espagnols, qui peinent \u00e0 trouver un avenir dans leur pays, frapp\u00e9 par un ch\u00f4mage record.<\/p>\n<p>Chaque ann\u00e9e, pr\u00e8s de 5.000 jeunes Espagnols vont pouvoir profiter (&#8230;) d&rsquo;opportunit\u00e9s de formation professionnelle en Allemagne ou de postes de travail stables et qualifi\u00e9s dans ce pays, a d\u00e9clar\u00e9 la ministre espagnole de l&rsquo;Emploi, Fatima Ba\u00f1ez, apr\u00e8s sa rencontre \u00e0 Madrid avec la ministre du Travail allemande, Ursula Von der Leyen.<\/p>\n<p>L&rsquo;accord sign\u00e9 mardi implique notamment le soutien sinc\u00e8re et d\u00e9cid\u00e9 des administrations publiques allemandes aux jeunes qui veulent se former ou avoir un emploi qualifi\u00e9 dans les prochaines ann\u00e9es, a poursuivi Fatima Ba\u00f1ez.<\/p>\n<p>Les deux minist\u00e8res s&rsquo;engagent \u00e0 \u00e9tablir une \u00e9troite coop\u00e9ration, qui passera par l&rsquo;\u00e9change d&rsquo;information sur les initiatives mises en place dans chacun des deux pays pour aider l&#8217;emploi, explique le cabinet de Fatima Ba\u00f1ez dans un communiqu\u00e9. Il s&rsquo;agit en outre de maintenir une position commune sur les initiatives europ\u00e9ennes visant \u00e0 encourager l&#8217;emploi des jeunes, notamment sur leur financement.<\/p>\n<p>La ministre allemande a de son c\u00f4t\u00e9 soulign\u00e9 que son pays manquait de personnel qualifi\u00e9. En Allemagne, nous manquons de personnel qualifi\u00e9. Nous avons un million d&#8217;emplois ouverts, cherchant d\u00e9sesp\u00e9r\u00e9ment des gens pour les occuper, a-t-elle affirm\u00e9 lors d&rsquo;un forum sur l&#8217;emploi des jeunes.<\/p>\n<p>Mme Von der Leyen a plaid\u00e9 pour la mise en place d&rsquo;un cadre europ\u00e9en d&rsquo;aide \u00e0 la formation professionnelle.<\/p>\n<p>Je pense que nous aurons besoin de quelque chose comme un pacte en Europe, un partenariat public-priv\u00e9, afin d&rsquo;offrir un vaste \u00e9ventail de postes pour la formation professionnelle, a-t-elle dit, proposant une sorte d&rsquo;Erasmus pour tous, pour la formation professionnelle \u00e0 travers toute l&rsquo;Europe.<\/p>\n<p>Plong\u00e9e dans la r\u00e9cession, l&rsquo;Espagne est frapp\u00e9e par un taux de ch\u00f4mage historique de plus de 27%, qui bondit jusqu&rsquo;\u00e0 57,22% chez les 16-24 ans.<\/p>\n<p>Pour le chef du gouvernement conservateur, Mariano Rajoy, lutter contre ce fl\u00e9au est l&rsquo;un des trois principaux sujets capitaux et urgents que doit traiter l&rsquo;Union europ\u00e9enne, avec la constitution d&rsquo;une union bancaire et la relance du cr\u00e9dit aux entreprises et aux familles. (AFP)<\/p>\n<p style=\"text-align:center;\"><script type=\"text\/javascript\"><!--\ngoogle_ad_client = \"ca-pub-2727717456356200\";\n\/* CulturaLusa 468x60 *\/\ngoogle_ad_slot = \"2785499263\";\ngoogle_ad_width = 468;\ngoogle_ad_height = 60;\n\/\/-->\n<\/script><br \/>\n<script type=\"text\/javascript\"\nsrc=\"http:\/\/pagead2.googlesyndication.com\/pagead\/show_ads.js\">\n<\/script><\/p>\n","protected":false},"excerpt":{"rendered":"<p>Les gouvernements espagnol et allemand ont sign\u00e9 mardi un accord visant \u00e0 soutenir l&#8217;emploi et la formation professionnelle en Allemagne des jeunes Espagnols, qui peinent \u00e0 trouver un avenir dans leur pays, frapp\u00e9 par un ch\u00f4mage record. Chaque ann\u00e9e, pr\u00e8s de 5.000 jeunes Espagnols vont pouvoir profiter (&#8230;) d&rsquo;opportunit\u00e9s de formation professionnelle en Allemagne ou [&hellip;]<\/p>\n","protected":false},"author":1,"featured_media":0,"comment_status":"open","ping_status":"closed","sticky":false,"template":"","format":"standard","meta":{"footnotes":""},"categories":[1],"tags":[],"class_list":["post-1045","post","type-post","status-publish","format-standard","hentry","category-economie"],"aioseo_notices":[],"_links":{"self":[{"href":"https:\/\/www.culturalusa.com\/news\/wp-json\/wp\/v2\/posts\/1045","targetHints":{"allow":["GET"]}}],"collection":[{"href":"https:\/\/www.culturalusa.com\/news\/wp-json\/wp\/v2\/posts"}],"about":[{"href":"https:\/\/www.culturalusa.com\/news\/wp-json\/wp\/v2\/types\/post"}],"author":[{"embeddable":true,"href":"https:\/\/www.culturalusa.com\/news\/wp-json\/wp\/v2\/users\/1"}],"replies":[{"embeddable":true,"href":"https:\/\/www.culturalusa.com\/news\/wp-json\/wp\/v2\/comments?post=1045"}],"version-history":[{"count":0,"href":"https:\/\/www.culturalusa.com\/news\/wp-json\/wp\/v2\/posts\/1045\/revisions"}],"wp:attachment":[{"href":"https:\/\/www.culturalusa.com\/news\/wp-json\/wp\/v2\/media?parent=1045"}],"wp:term":[{"taxonomy":"category","embeddable":true,"href":"https:\/\/www.culturalusa.com\/news\/wp-json\/wp\/v2\/categories?post=1045"},{"taxonomy":"post_tag","embeddable":true,"href":"https:\/\/www.culturalusa.com\/news\/wp-json\/wp\/v2\/tags?post=1045"}],"curies":[{"name":"wp","href":"https:\/\/api.w.org\/{rel}","templated":true}]}}