{"id":10451,"date":"2021-11-10T12:07:01","date_gmt":"2021-11-10T11:07:01","guid":{"rendered":"https:\/\/www.culturalusa.com\/news\/?p=10451"},"modified":"2021-11-10T12:07:16","modified_gmt":"2021-11-10T11:07:16","slug":"francois-hollande-a-la-barre-proces-du-13-novembre","status":"publish","type":"post","link":"https:\/\/www.culturalusa.com\/news\/actualite\/francois-hollande-a-la-barre-proces-du-13-novembre\/","title":{"rendered":"Fran\u00e7ois Hollande \u00e0 la barre, proc\u00e8s du 13-Novembre"},"content":{"rendered":"<p>L&rsquo;ancien pr\u00e9sident de la R\u00e9publique \u00e0 la barre: <strong>Fran\u00e7ois Hollande<\/strong> est attendu au <strong>proc\u00e8s sous haute s\u00e9curit\u00e9 des attentats du 13-Novembre<\/strong>, o\u00f9 il a \u00e9t\u00e9 cit\u00e9 comme t\u00e9moin par une association de victimes.<\/p>\n<blockquote><p>L&rsquo;audition de l&rsquo;ancien chef de l&rsquo;\u00c9tat, cit\u00e9 par l&rsquo;association Life for Paris, partie civile au proc\u00e8s, doit d\u00e9buter \u00e0 12H30 devant la cour d&rsquo;assises sp\u00e9ciale de Paris.<\/p><\/blockquote>\n<p>Depuis l&rsquo;ouverture des d\u00e9bats, le 8 septembre, le nom de Fran\u00e7ois Hollande a r\u00e9sonn\u00e9 \u00e0 plusieurs reprises dans la salle d&rsquo;audience.<\/p>\n<p>Notamment depuis le box, o\u00f9 le principal accus\u00e9 Salah Abdeslam, seul membre encore en vie des commandos qui ont fait 130 morts \u00e0 Paris et Saint-Denis, a justifi\u00e9 les attaques jihadistes du 13 novembre 2015 en riposte \u00e0 la politique \u00e9trang\u00e8re de la France et de son pr\u00e9sident d&rsquo;alors.<\/p>\n<h3>\u00ab\u00a0Fran\u00e7ois Hollande savait les risques qu&rsquo;il prenait en attaquant l&rsquo;\u00c9tat islamique en Syrie\u00a0\u00bb, avait tanc\u00e9 Salah Abdeslam au sixi\u00e8me jour du proc\u00e8s.<\/h3>\n<p>Le Fran\u00e7ais de 32 ans avait \u00e9galement affirm\u00e9 qu&rsquo;il n&rsquo;y avait \u00ab\u00a0rien de personnel\u00a0\u00bb dans le fait d&rsquo;avoir \u00ab\u00a0vis\u00e9 la France\u00a0\u00bb et \u00ab\u00a0des civils\u00a0\u00bb le 13-Novembre.<\/p>\n<p>Ces propos avaient fait r\u00e9agir plusieurs parties civiles, l&rsquo;une d&rsquo;elles r\u00e9pliquant au principal accus\u00e9, en citant Gandhi: \u00ab\u00a0Oeil pour oeil et le monde finira aveugle\u00a0\u00bb.<\/p>\n<p>A la fin de cinq semaines d&rsquo;auditions de victimes, le nom de Fran\u00e7ois Hollande avait encore retenti, cette fois dans la bouche des jihadistes du Bataclan: un enregistreur laiss\u00e9 dans la salle de spectacle avait capt\u00e9 toute l&rsquo;attaque et notamment les revendications des assaillants.<\/p>\n<blockquote><p>\u00ab\u00a0Vous ne pouvez vous en prendre qu&rsquo;\u00e0 votre pr\u00e9sident Fran\u00e7ois Hollande\u00a0\u00bb, entend-on plusieurs fois, entre deux tirs, dans l&rsquo;extrait de quelques minutes de cet enregistrement audio qu&rsquo;a diffus\u00e9 la cour le 28 octobre.<\/p><\/blockquote>\n<h3>D\u00e9cisions \u00ab\u00a0appropri\u00e9es\u00a0\u00bb<\/h3>\n<p>Quelle sera l&rsquo;attitude de Salah Abdeslam face \u00e0 Fran\u00e7ois Hollande ? Les parties civiles, elles, auront sans aucun doute des questions pour l&rsquo;ancien chef de l&rsquo;\u00c9tat.<\/p>\n<p>Elles pourront, comme le minist\u00e8re public et la d\u00e9fense, s&rsquo;adresser \u00e0 l&rsquo;ancien pr\u00e9sident apr\u00e8s sa d\u00e9claration spontan\u00e9e.<\/p>\n<p>Pendant leurs d\u00e9positions, plusieurs parties civiles ont exprim\u00e9 leur besoin de r\u00e9ponses de la part des autorit\u00e9s, notamment sur l&rsquo;incapacit\u00e9 \u00e0 d\u00e9jouer un attentat de grande ampleur en France alors que la menace \u00e9tait au plus haut.<\/p>\n<p>Des rescap\u00e9s des attaques et des proches de victimes se sont \u00e9galement interrog\u00e9s sur les cons\u00e9quences de la politique de la France au Moyen-Orient, certains la fustigeant ouvertement \u00e0 la barre.<\/p>\n<blockquote><p>\u00ab\u00a0Je connais ces pol\u00e9miques, elles font partie d&rsquo;ailleurs du jeu d\u00e9mocratique, et c&rsquo;est tout \u00e0 fait le droit des familles de victimes de demander des comptes\u00a0\u00bb, avait d\u00e9clar\u00e9 Fran\u00e7ois Hollande \u00e0 l&rsquo;AFP avant l&rsquo;ouverture du proc\u00e8s. L&rsquo;un de ses enjeux, c&rsquo;est \u00ab\u00a0que des r\u00e9ponses soient apport\u00e9es\u00a0\u00bb.<\/p><\/blockquote>\n<p>\u00ab\u00a0Durant cette nuit-l\u00e0, les d\u00e9cisions qui ont \u00e9t\u00e9 prises, je les assume enti\u00e8rement, (elles) ont \u00e9t\u00e9 appropri\u00e9es\u00a0\u00bb, avait ajout\u00e9 l&rsquo;ex-chef de l&rsquo;\u00c9tat, r\u00e9futant tout \u00ab\u00a0rat\u00e9\u00a0\u00bb c\u00f4t\u00e9 fran\u00e7ais.<\/p>\n<p>Au d\u00e9but du proc\u00e8s, des avocats de la d\u00e9fense avaient fait part de leurs doutes sur la pertinence de l&rsquo;audition de l&rsquo;ancien pr\u00e9sident et de son concours \u00ab\u00a0\u00e0 la manifestation de la v\u00e9rit\u00e9\u00a0\u00bb.<\/p>\n<p><strong>L&rsquo;association Life for Paris<\/strong> l&rsquo;a fait citer \u00ab\u00a0parce qu&rsquo;il a \u00e9t\u00e9 dans tous les temps\u00a0\u00bb des attentats, avant, pendant et apr\u00e8s, en cr\u00e9ant le secr\u00e9tariat d&rsquo;\u00c9tat aux victimes et en d\u00e9cidant \u00ab\u00a0d&rsquo;engager encore plus fortement les forces arm\u00e9es en Syrie\u00a0\u00bb, explique son pr\u00e9sident Arthur D\u00e9nouveaux.<\/p>\n<p>Le soir du 13 novembre 2015, Fran\u00e7ois Hollande assistait \u00e0 la rencontre amicale France-Allemagne au Stade de France, quand un premier \u00ab\u00a0kamikaze\u00a0\u00bb s&rsquo;\u00e9tait fait exploser devant l&rsquo;enceinte sportive, obligeant le chef de l&rsquo;\u00c9tat \u00e0 quitter pr\u00e9cipitamment les lieux.<\/p>\n<p>Avant m\u00eame que l&rsquo;assaut ne soit donn\u00e9 au Bataclan, o\u00f9 des jihadistes ont commis un massacre et pris en otage des spectateurs, Fran\u00e7ois Hollande s&rsquo;\u00e9tait adress\u00e9 aux Fran\u00e7ais \u00e0 la t\u00e9l\u00e9vision et avait d\u00e9crit la situation: \u00ab\u00a0C&rsquo;est une horreur\u00a0\u00bb. Dans la nuit, il avait d\u00e9cr\u00e9t\u00e9 l&rsquo;\u00e9tat d&rsquo;urgence dans le pays.<\/p>\n<p>Outre Fran\u00e7ois Hollande, son ancien ministre de l&rsquo;Int\u00e9rieur Bernard Cazeneuve a \u00e9galement \u00e9t\u00e9 cit\u00e9 comme t\u00e9moin. Il doit \u00eatre entendu le 17 novembre. (AFP)<\/p>\n","protected":false},"excerpt":{"rendered":"<p>L&rsquo;ancien pr\u00e9sident de la R\u00e9publique \u00e0 la barre: Fran\u00e7ois Hollande est attendu au proc\u00e8s sous haute s\u00e9curit\u00e9 des attentats du 13-Novembre, o\u00f9 il a \u00e9t\u00e9 cit\u00e9 comme t\u00e9moin par une association de victimes. L&rsquo;audition de l&rsquo;ancien chef de l&rsquo;\u00c9tat, cit\u00e9 par l&rsquo;association Life for Paris, partie civile au proc\u00e8s, doit d\u00e9buter \u00e0 12H30 devant la [&hellip;]<\/p>\n","protected":false},"author":1,"featured_media":10452,"comment_status":"open","ping_status":"closed","sticky":false,"template":"","format":"standard","meta":{"footnotes":""},"categories":[30],"tags":[2117,368,2116],"class_list":["post-10451","post","type-post","status-publish","format-standard","has-post-thumbnail","hentry","category-actualite","tag-association-life-for-paris","tag-francois-hollande","tag-proces-13-novembre"],"aioseo_notices":[],"_links":{"self":[{"href":"https:\/\/www.culturalusa.com\/news\/wp-json\/wp\/v2\/posts\/10451","targetHints":{"allow":["GET"]}}],"collection":[{"href":"https:\/\/www.culturalusa.com\/news\/wp-json\/wp\/v2\/posts"}],"about":[{"href":"https:\/\/www.culturalusa.com\/news\/wp-json\/wp\/v2\/types\/post"}],"author":[{"embeddable":true,"href":"https:\/\/www.culturalusa.com\/news\/wp-json\/wp\/v2\/users\/1"}],"replies":[{"embeddable":true,"href":"https:\/\/www.culturalusa.com\/news\/wp-json\/wp\/v2\/comments?post=10451"}],"version-history":[{"count":0,"href":"https:\/\/www.culturalusa.com\/news\/wp-json\/wp\/v2\/posts\/10451\/revisions"}],"wp:featuredmedia":[{"embeddable":true,"href":"https:\/\/www.culturalusa.com\/news\/wp-json\/wp\/v2\/media\/10452"}],"wp:attachment":[{"href":"https:\/\/www.culturalusa.com\/news\/wp-json\/wp\/v2\/media?parent=10451"}],"wp:term":[{"taxonomy":"category","embeddable":true,"href":"https:\/\/www.culturalusa.com\/news\/wp-json\/wp\/v2\/categories?post=10451"},{"taxonomy":"post_tag","embeddable":true,"href":"https:\/\/www.culturalusa.com\/news\/wp-json\/wp\/v2\/tags?post=10451"}],"curies":[{"name":"wp","href":"https:\/\/api.w.org\/{rel}","templated":true}]}}