{"id":10461,"date":"2021-11-17T01:34:51","date_gmt":"2021-11-17T00:34:51","guid":{"rendered":"https:\/\/www.culturalusa.com\/news\/?p=10461"},"modified":"2021-11-17T01:34:51","modified_gmt":"2021-11-17T00:34:51","slug":"le-pharmaceutique-americain-pfizer-donne-lacces-mondial-a-la-pilule-anti-covid","status":"publish","type":"post","link":"https:\/\/www.culturalusa.com\/news\/actualite\/le-pharmaceutique-americain-pfizer-donne-lacces-mondial-a-la-pilule-anti-covid\/","title":{"rendered":"Le pharmaceutique am\u00e9ricain Pfizer donne l&rsquo;acc\u00e8s mondial \u00e0 la pilule anti-Covid"},"content":{"rendered":"<p><strong>Le pharmaceutique am\u00e9ricain Pfizer a accept\u00e9 de laisser diffuser sa pilule anti-Covid<\/strong> \u2013\u202fune fois autoris\u00e9e\u202f\u2013 au-del\u00e0 des pays riches pour mieux combattre une pand\u00e9mie qui fait des ravages depuis pr\u00e8s de deux ans.<\/p>\n<blockquote><p>Cet accord de licence volontaire a \u00e9t\u00e9 annonc\u00e9 conjointement mardi par Pfizer et la Communaut\u00e9 de brevets sur les m\u00e9dicaments(MPP), cr\u00e9\u00e9e par Unitaid.<\/p><\/blockquote>\n<p>Les fabricants de <strong>m\u00e9dicaments g\u00e9n\u00e9riques<\/strong> \u00ab\u00a0qui se voient accorder des sous-licences pourront fournir le nouveau m\u00e9dicament en association avec le Ritonavir (un m\u00e9dicament utilis\u00e9 contre le virus du sida, ndlr) \u00e0 95 pays, couvrant jusqu&rsquo;\u00e0 environ 53% de la population mondiale\u00a0\u00bb, a pr\u00e9cis\u00e9 un porte-parole d&rsquo;Unitaid, Herv\u00e9 Verhoosel, lors du briefing r\u00e9gulier de l&rsquo;ONU \u00e0 Gen\u00e8ve.<\/p>\n<blockquote><p>D\u00e9but novembre, Pfizer, qui commercialise avec l&rsquo;allemand BioNTech l&rsquo;un des vaccins les plus efficaces contre le Covid, a publi\u00e9 des r\u00e9sultats interm\u00e9diaires d&rsquo;essais cliniques de son antiviral oral PF-07321332 ou Paxlovid.<\/p><\/blockquote>\n<h3>Ils montrent une efficacit\u00e9 de 89% pour pr\u00e9venir le risque d&rsquo;hospitalisation ou de d\u00e9c\u00e8s chez les adultes pr\u00e9sentant un risque \u00e9lev\u00e9 de d\u00e9velopper une forme grave du Covid.<\/h3>\n<p>Pfizer rejoint ainsi son concurrent Merck, qui a conclu un pacte similaire avec la MPP pour son propre anti-Covid oral, le Molnupiravir, aussi tr\u00e8s efficace.<\/p>\n<p>Si ces r\u00e9sultats prometteurs sont confirm\u00e9s, la disponibilit\u00e9 du traitement \u00ab\u00a0sera une question de mois, pas d&rsquo;ann\u00e9es mais pas de semaines non plus\u00a0\u00bb, a soulign\u00e9 Esteban Burrone, responsable de l&rsquo;\u00e9laboration des politiques \u00e0 la MPP, dans un entretien \u00e0 l&rsquo;AFP.<\/p>\n<p>Pfizer a demand\u00e9 mardi l&rsquo;autorisation de mise sur le march\u00e9 en urgence aux Etats-Unis.<\/p>\n<h3>R\u00f4le vital<\/h3>\n<p>L&rsquo;accord annonc\u00e9 mardi inclut tous les pays \u00e0 revenu moyen inf\u00e9rieur et inf\u00e9rieur et les pays \u00e0 revenu moyen sup\u00e9rieur d&rsquo;Afrique subsaharienne, ainsi que les pays \u00e0 revenu moyen sup\u00e9rieur qui ont acc\u00e9d\u00e9 \u00e0 ce statut au cours des cinq derni\u00e8res ann\u00e9es, a pr\u00e9cis\u00e9 Herv\u00e9 Verhoosen.<\/p>\n<p>Pfizer ne recevra pas de redevances sur les ventes dans les pays \u00e0 faible revenu et renoncera en outre aux redevances sur les ventes dans tous les pays couverts par l&rsquo;accord tant que le Covid-19 restera class\u00e9 comme une urgence de sant\u00e9 publique de port\u00e9e internationale par l&rsquo;Organisation mondiale de la sant\u00e9.<\/p>\n<p>\u00ab\u00a0Nous pensons que les antiviraux oraux peuvent jouer un r\u00f4le vital dans la r\u00e9duction de la gravit\u00e9 des infections de Covid-19, ce qui r\u00e9duit le fardeau sur notre syst\u00e8me de soins et peut sauver des vies\u00a0\u00bb, a comment\u00e9 Albert Bourla, le PDG de Pfizer, dans un communiqu\u00e9 commun.<\/p>\n<p>Pfizer et d&rsquo;autres groupes pharmaceutiques fabriquant des vaccins anti-Covid sont accus\u00e9s d&rsquo;avoir privil\u00e9gi\u00e9 les profits, en vendant aux pays qui en ont les moyens, et de participer ainsi \u00e0 l&rsquo;in\u00e9galit\u00e9 vaccinale entre pays riches et pauvres.<\/p>\n<p>Selon M\u00e9decin Sans Fronti\u00e8res, le prix sera aux alentours de 700 dollars dans les pays riches, comme pour le Molnuvipar, et il sera adapt\u00e9 pour les autres.<\/p>\n<p>MSF s&rsquo;est dit \u00ab\u00a0d\u00e9courag\u00e9\u00a0\u00bb par cet accord partiel qui exclut des pays avec d&rsquo;importantes capacit\u00e9 de fabrication de g\u00e9n\u00e9riques, comme l&rsquo;Argentine, le Br\u00e9sil ou encore la Chine, la Malaisie et Tha\u00eflande.<\/p>\n<h3>Changer la donne<\/h3>\n<p>Le Royaume-Uni est devenu le 4 novembre le premier pays \u00e0 autoriser le Molnupiravir.<\/p>\n<p>Ces deux antiviraux agissent en diminuant la capacit\u00e9 d&rsquo;un virus \u00e0 se r\u00e9pliquer, freinant ainsi la maladie. Faciles \u00e0 administrer car pouvant \u00eatre pris chez soi, ces traitements repr\u00e9sentent un compl\u00e9ment aux vaccins.<\/p>\n<p>Pour M. Burrone, l&rsquo;un des aspects cruciaux est qu&rsquo;ils permettent de soulager les structures de sant\u00e9 en emp\u00eachant les hospitalisations\u202f: \u00ab\u00a0Cela change la donne\u00a0\u00bb.<\/p>\n<p>S&rsquo;ils sont plus faciles a fabriquer, \u00e0 transporter et distribuer que les vaccins, ces traitements doivent \u00eatre pris dans les trois \u00e0 cinq jours suivant l&rsquo;apparition de sympt\u00f4mes.<\/p>\n<p>Cela suppose que des tests soient disponibles et que le diagnostic soit confirm\u00e9 par un m\u00e9decin.<\/p>\n<p>Michael Ryan, directeur du Programme d&rsquo;urgence sanitaire de l&rsquo;OMS, s&rsquo;\u00e9tait r\u00e9joui de l&rsquo;arriv\u00e9e de ces traitements d\u00e8s vendredi, tout en insistant sur le fait qu&rsquo;il fallait attendre les r\u00e9sultats d\u00e9finitifs des essais.<\/p>\n<p>\u00ab\u00a0Tout cela va dans la bonne direction mais il nous faut avancer pas \u00e0 pas de fa\u00e7on m\u00e9thodique pour \u00eatre s\u00fbr que les soins cliniques pour le Covid vont s&rsquo;am\u00e9liorer en utilisant ces mol\u00e9cules\u00a0\u00bb, avait-il dit lors d&rsquo;un point de presse, rappelant que la premi\u00e8re ligne de d\u00e9fense contre le Covid ce sont les vaccins et d&rsquo;\u00e9viter d&rsquo;\u00eatre infect\u00e9. (AFP)<\/p>\n","protected":false},"excerpt":{"rendered":"<p>Le pharmaceutique am\u00e9ricain Pfizer a accept\u00e9 de laisser diffuser sa pilule anti-Covid \u2013\u202fune fois autoris\u00e9e\u202f\u2013 au-del\u00e0 des pays riches pour mieux combattre une pand\u00e9mie qui fait des ravages depuis pr\u00e8s de deux ans. Cet accord de licence volontaire a \u00e9t\u00e9 annonc\u00e9 conjointement mardi par Pfizer et la Communaut\u00e9 de brevets sur les m\u00e9dicaments(MPP), cr\u00e9\u00e9e par [&hellip;]<\/p>\n","protected":false},"author":1,"featured_media":10462,"comment_status":"open","ping_status":"closed","sticky":false,"template":"","format":"standard","meta":{"footnotes":""},"categories":[30],"tags":[2124,1417,2099],"class_list":["post-10461","post","type-post","status-publish","format-standard","has-post-thumbnail","hentry","category-actualite","tag-medicaments-generiques","tag-pfizer","tag-pilule-anti-covid-19"],"aioseo_notices":[],"_links":{"self":[{"href":"https:\/\/www.culturalusa.com\/news\/wp-json\/wp\/v2\/posts\/10461","targetHints":{"allow":["GET"]}}],"collection":[{"href":"https:\/\/www.culturalusa.com\/news\/wp-json\/wp\/v2\/posts"}],"about":[{"href":"https:\/\/www.culturalusa.com\/news\/wp-json\/wp\/v2\/types\/post"}],"author":[{"embeddable":true,"href":"https:\/\/www.culturalusa.com\/news\/wp-json\/wp\/v2\/users\/1"}],"replies":[{"embeddable":true,"href":"https:\/\/www.culturalusa.com\/news\/wp-json\/wp\/v2\/comments?post=10461"}],"version-history":[{"count":0,"href":"https:\/\/www.culturalusa.com\/news\/wp-json\/wp\/v2\/posts\/10461\/revisions"}],"wp:featuredmedia":[{"embeddable":true,"href":"https:\/\/www.culturalusa.com\/news\/wp-json\/wp\/v2\/media\/10462"}],"wp:attachment":[{"href":"https:\/\/www.culturalusa.com\/news\/wp-json\/wp\/v2\/media?parent=10461"}],"wp:term":[{"taxonomy":"category","embeddable":true,"href":"https:\/\/www.culturalusa.com\/news\/wp-json\/wp\/v2\/categories?post=10461"},{"taxonomy":"post_tag","embeddable":true,"href":"https:\/\/www.culturalusa.com\/news\/wp-json\/wp\/v2\/tags?post=10461"}],"curies":[{"name":"wp","href":"https:\/\/api.w.org\/{rel}","templated":true}]}}