{"id":10464,"date":"2021-11-17T01:56:19","date_gmt":"2021-11-17T00:56:19","guid":{"rendered":"https:\/\/www.culturalusa.com\/news\/?p=10464"},"modified":"2021-11-17T01:59:06","modified_gmt":"2021-11-17T00:59:06","slug":"wikileaks-des-deputes-ont-plaide-pour-que-julian-assange-ait-le-droit-dasile-en-france","status":"publish","type":"post","link":"https:\/\/www.culturalusa.com\/news\/politique\/wikileaks-des-deputes-ont-plaide-pour-que-julian-assange-ait-le-droit-dasile-en-france\/","title":{"rendered":"WikiLeaks: des d\u00e9put\u00e9s ont plaid\u00e9 pour que Julian Assange ait le droit d&rsquo;asile en France"},"content":{"rendered":"<p>Des d\u00e9put\u00e9s ont plaid\u00e9 pour que le fondateur de WikiLeaks <strong>Julian Assange<\/strong> b\u00e9n\u00e9ficie de <strong>l&rsquo;asile politique en France<\/strong>, afin d&rsquo;\u00e9chapper aux poursuites des \u00c9tats-Unis qui veulent obtenir son extradition de Grande-Bretagne.<\/p>\n<blockquote><p>Une proposition de r\u00e9solution a \u00e9t\u00e9 sign\u00e9e par une quarantaine d&rsquo;\u00e9lus de tous bords, pour affirmer que \u00ab\u00a0<span style=\"color: #800000;\">la France ne peut rester muette<\/span>\u00a0\u00bb face au sort de l&rsquo;Australien, \u00ab\u00a0victime de l&rsquo;acharnement judiciaire, mais en r\u00e9alit\u00e9 politique\u00a0\u00bb de Washington.<\/p><\/blockquote>\n<h3>Le texte est sign\u00e9 par de nombreux \u00e9lus de gauche, mais \u00e9galement de la majorit\u00e9 et certains \u00e9lus de droite<\/h3>\n<p>Fran\u00e7ois Ruffin (LFI), l&rsquo;un des initiateurs, a plaid\u00e9 lors d&rsquo;une conf\u00e9rence de presse pour que \u00ab\u00a0soit lib\u00e9r\u00e9 ce combattant de la v\u00e9rit\u00e9\u00a0\u00bb, Jean Lassalle (groupe Libert\u00e9s et Territoires) soulignant le caract\u00e8re \u00ab\u00a0douloureux et dramatique mais aussi exceptionnel\u00a0\u00bb de sa situation.<\/p>\n<p>Le leader de la France insoumise Jean-Luc M\u00e9lenchon, candidat \u00e0 la pr\u00e9sidentielle de 2022 et soutien de longue date d&rsquo;Assange, a assur\u00e9 que s&rsquo;il \u00e9tait \u00e9lu, il le \u00ab\u00a0ferait naturaliser\u00a0\u00bb.<\/p>\n<h3>\u00ab\u00a0Seule la France peut sauver Julian\u00a0\u00bb, a lanc\u00e9 son p\u00e8re, John Shipton, qui a fait le voyage \u00e0 Paris pour saluer \u00ab\u00a0l&rsquo;aide et le soutien\u00a0\u00bb des d\u00e9put\u00e9s fran\u00e7ais.<\/h3>\n<p>L&rsquo;avocate Stella Morris, avec qui il a eu deux enfants quand il \u00e9tait reclus \u00e0 l&rsquo;ambassade d&rsquo;\u00c9quateur \u00e0 Londres, avait aussi fait le d\u00e9placement pour affirmer que la vie du fondateur de Wikileaks \u00ab\u00a0est en danger\u00a0\u00bb.<\/p>\n<p>Pour \u00eatre d\u00e9battue en s\u00e9ance au Palais Bourbon, la r\u00e9solution doit \u00eatre soit inscrite \u00e0 l&rsquo;ordre du jour par le gouvernement ou sa majorit\u00e9, soit l&rsquo;\u00eatre lors d&rsquo;une journ\u00e9e de \u00ab\u00a0niche\u00a0\u00bb r\u00e9serv\u00e9e \u00e0 un groupe minoritaire, mais aucune proc\u00e9dure ou date d\u00e9finitive n&rsquo;est encore fix\u00e9e.<\/p>\n<p>Parmi les signataires, on trouve le patron du Parti communiste et candidat \u00e0 la pr\u00e9sidentielle Fabien Roussel, l&rsquo;ex-LREM aujourd&rsquo;hui non-inscrit C\u00e9dric Villani ou encore le pr\u00e9sident de l&rsquo;UDI Jean-Christophe Lagarde.<\/p>\n<p>Le sujet des lanceurs d&rsquo;alerte doit \u00eatre d\u00e9battu mercredi \u00e0 l&rsquo;Assembl\u00e9e nationale, avec une proposition de loi visant \u00e0 renforcer leur protection. Le groupe LFI a indiqu\u00e9 qu&rsquo;il r\u00e9clamerait que cette protection soit \u00e9tendue aux lanceurs d&rsquo;alerte \u00e0 l&rsquo;\u00e9tranger.<\/p>\n<p>Julian Assange a \u00e9t\u00e9 arr\u00eat\u00e9 par la police britannique en avril 2019 apr\u00e8s avoir pass\u00e9 sept ans \u00e0 l&rsquo;ambassade d&rsquo;\u00c9quateur \u00e0 Londres, o\u00f9 il s&rsquo;\u00e9tait r\u00e9fugi\u00e9 alors qu&rsquo;il \u00e9tait en libert\u00e9 sous caution.<\/p>\n<p>Les juges de la Haute Cour de Londres sont appel\u00e9s \u00e0 dire dans les prochaine semaines s&rsquo;ils confirment ou annulent le refus d&rsquo;extrader l&rsquo;Australien, qui risque 175 ans de prison aux \u00c9tats-Unis pour avoir rendu publics des centaines de milliers de documents classifi\u00e9s.<\/p>\n<p>Assange est d\u00e9tenu depuis deux ans et demi \u00e0 la prison de haute s\u00e9curit\u00e9 britannique de Belmarsh. (AFP)<\/p>\n","protected":false},"excerpt":{"rendered":"<p>Des d\u00e9put\u00e9s ont plaid\u00e9 pour que le fondateur de WikiLeaks Julian Assange b\u00e9n\u00e9ficie de l&rsquo;asile politique en France, afin d&rsquo;\u00e9chapper aux poursuites des \u00c9tats-Unis qui veulent obtenir son extradition de Grande-Bretagne. Une proposition de r\u00e9solution a \u00e9t\u00e9 sign\u00e9e par une quarantaine d&rsquo;\u00e9lus de tous bords, pour affirmer que \u00ab\u00a0la France ne peut rester muette\u00a0\u00bb face [&hellip;]<\/p>\n","protected":false},"author":1,"featured_media":6708,"comment_status":"open","ping_status":"closed","sticky":false,"template":"","format":"standard","meta":{"footnotes":""},"categories":[1494],"tags":[2125,329,328],"class_list":["post-10464","post","type-post","status-publish","format-standard","has-post-thumbnail","hentry","category-politique","tag-droit-dasile","tag-julian-assange","tag-wikileaks"],"aioseo_notices":[],"_links":{"self":[{"href":"https:\/\/www.culturalusa.com\/news\/wp-json\/wp\/v2\/posts\/10464","targetHints":{"allow":["GET"]}}],"collection":[{"href":"https:\/\/www.culturalusa.com\/news\/wp-json\/wp\/v2\/posts"}],"about":[{"href":"https:\/\/www.culturalusa.com\/news\/wp-json\/wp\/v2\/types\/post"}],"author":[{"embeddable":true,"href":"https:\/\/www.culturalusa.com\/news\/wp-json\/wp\/v2\/users\/1"}],"replies":[{"embeddable":true,"href":"https:\/\/www.culturalusa.com\/news\/wp-json\/wp\/v2\/comments?post=10464"}],"version-history":[{"count":0,"href":"https:\/\/www.culturalusa.com\/news\/wp-json\/wp\/v2\/posts\/10464\/revisions"}],"wp:featuredmedia":[{"embeddable":true,"href":"https:\/\/www.culturalusa.com\/news\/wp-json\/wp\/v2\/media\/6708"}],"wp:attachment":[{"href":"https:\/\/www.culturalusa.com\/news\/wp-json\/wp\/v2\/media?parent=10464"}],"wp:term":[{"taxonomy":"category","embeddable":true,"href":"https:\/\/www.culturalusa.com\/news\/wp-json\/wp\/v2\/categories?post=10464"},{"taxonomy":"post_tag","embeddable":true,"href":"https:\/\/www.culturalusa.com\/news\/wp-json\/wp\/v2\/tags?post=10464"}],"curies":[{"name":"wp","href":"https:\/\/api.w.org\/{rel}","templated":true}]}}