{"id":10475,"date":"2021-11-24T13:19:41","date_gmt":"2021-11-24T12:19:41","guid":{"rendered":"https:\/\/www.culturalusa.com\/news\/?p=10475"},"modified":"2021-11-24T13:24:22","modified_gmt":"2021-11-24T12:24:22","slug":"affaire-de-la-sextape-un-an-de-prison-avec-sursis-pour-karim-benzema","status":"publish","type":"post","link":"https:\/\/www.culturalusa.com\/news\/actualite\/affaire-de-la-sextape-un-an-de-prison-avec-sursis-pour-karim-benzema\/","title":{"rendered":"\u00ab\u00a0Affaire de la sextape\u00a0\u00bb : un an de prison avec sursis pour Karim Benzema"},"content":{"rendered":"<p>Apr\u00e8s plus de six ans, \u00ab\u00a0l&rsquo;<strong>affaire de la sextape<\/strong>\u00a0\u00bb a enfin \u00e9t\u00e9 jug\u00e9e: la star du Real Madrid <strong>Karim Benzema<\/strong> a \u00e9t\u00e9 condamn\u00e9e mercredi \u00e0 un an de prison avec sursis et 75.000 euros d&rsquo;amende, reconnue <strong>coupable de complicit\u00e9 de tentative de chantage<\/strong> sur son ancien co\u00e9quipier Mathieu Valbuena.<\/p>\n<p>Les avocats de Karim Benzema ont aussit\u00f4t annonc\u00e9 leur intention de faire appel, pr\u00e9cisant que leur client, absent des d\u00e9bats le mois dernier et du d\u00e9lib\u00e9r\u00e9 mercredi, serait pr\u00e9sent au second proc\u00e8s.<\/p>\n<p>\u00ab\u00a0La r\u00e9action est une r\u00e9action finalement de col\u00e8re\u00a0\u00bb, a fustig\u00e9 devant la presse Me Sylvain Cormier, se disant \u00ab\u00a0sid\u00e9r\u00e9\u00a0\u00bb par une \u00ab\u00a0peine tr\u00e8s s\u00e9v\u00e8re, injuste et sans preuve\u00a0\u00bb.<\/p>\n<p>\u00ab\u00a0Il y aura une proc\u00e9dure d&rsquo;appel, M. Benzema viendra s&rsquo;en expliquer et \u00e0 mon avis \u00e0 ce moment la lumi\u00e8re des faits sera faite\u00a0\u00bb, a ajout\u00e9 son confr\u00e8re Antoine Vey en rappelant que l&rsquo;absence de l&rsquo;attaquant des Bleus \u00e9tait li\u00e9e \u00e0 des \u00ab\u00a0raisons professionnelles\u00a0\u00bb et ne constituait pas \u00ab\u00a0une strat\u00e9gie\u00a0\u00bb de la d\u00e9fense.<\/p>\n<p>\u00ab\u00a0Il y a dans le jugement du tribunal une d\u00e9naturation de certaines \u00e9coutes t\u00e9l\u00e9phoniques, dont il n&rsquo;a \u00e9t\u00e9 retenu que des \u00e9l\u00e9ments n\u00e9gatifs alors que je rappelle qu&rsquo;il y avait aussi des \u00e9l\u00e9ments positifs qui auraient d\u00fb a minima faire pr\u00e9sider le doute\u00a0\u00bb, a ajout\u00e9 Me Vey.<\/p>\n<blockquote><p>Dans son jugement, le pr\u00e9sident de la 7e chambre du tribunal correctionnel de Versailles a estim\u00e9 que Karim Benzema s&rsquo;\u00e9tait \u00ab\u00a0personnellement impliqu\u00e9, au prix de subterfuges et de mensonges, pour convaincre son co\u00e9quipier de se soumettre au chantage\u00a0\u00bb.<\/p><\/blockquote>\n<p>Il n&rsquo;a fait preuve \u00ab\u00a0d&rsquo;aucune bienveillance \u00e0 l&rsquo;\u00e9gard de Valbuena, bien au contraire\u00a0\u00bb et a agi \u00ab\u00a0avec une certaine excitation, voire une certaine jubilation\u00a0\u00bb, a ajout\u00e9 le juge.<\/p>\n<h3>Porteur de notori\u00e9t\u00e9 ?<\/h3>\n<p>L&rsquo;attaquant de 33 ans, candidat au Ballon d&rsquo;Or dont le laur\u00e9at sera connu lundi prochain, a \u00e9galement \u00e9t\u00e9 condamn\u00e9 \u00e0 verser 80.000 euros au plaignant et un euro symbolique \u00e0 la F\u00e9d\u00e9ration fran\u00e7aise de football, qui s&rsquo;\u00e9tait constitu\u00e9e partie civile dans cette affaire.<\/p>\n<h3>Pour son implication dans ce chantage \u00e0 la vid\u00e9o intime, le parquet avait requis \u00e0 l&rsquo;encontre du joueur dix mois de prison avec sursis et 75.000 euros d&rsquo;amende.<\/h3>\n<p>Dans leur r\u00e9quisitoire, les procureurs avaient rappel\u00e9 le devoir d&rsquo;exemplarit\u00e9 de la star de l&rsquo;\u00e9quipe de France, \u00ab\u00a0porteur d&rsquo;une image, d&rsquo;espoir, de notori\u00e9t\u00e9 et de valeurs morales\u00a0\u00bb.<\/p>\n<h3>Outre Karim Benzema, quatre autres hommes ont \u00e9t\u00e9 condamn\u00e9s \u00e0 Versailles pour cette affaire.<\/h3>\n<p>Axel Angot, \u00e0 qui Mathieu Valbuena avait confi\u00e9 son t\u00e9l\u00e9phone, a \u00e9t\u00e9 condamn\u00e9 \u00e0 deux ans de prison ferme, une peine am\u00e9nageable. Il avait trouv\u00e9 la vid\u00e9o et l&rsquo;avait conserv\u00e9e en vue d&rsquo;une utilisation ult\u00e9rieure. Son comparse Mustapha Zouaoui, consid\u00e9r\u00e9 comme le \u00ab\u00a0cordon ombilical\u00a0\u00bb de cette affaire, a lui \u00e9t\u00e9 condamn\u00e9 \u00e0 une peine de deux ans et demi de prison ferme.<\/p>\n<p>Contre un premier interm\u00e9diaire, Younes Houass, qui est rentr\u00e9 en contact t\u00e9l\u00e9phonique avec Mathieu Valbuena pour lui parler de la \u00ab\u00a0sextape\u00a0\u00bb, le tribunal a prononc\u00e9 une peine de 18 mois d&#8217;emprisonnement avec sursis.<\/p>\n<p>Enfin, Karim Zenati, ami d&rsquo;enfance de Karim Benzema, qui a fait entrer ce dernier dans la danse, a \u00e9t\u00e9 condamn\u00e9 \u00e0 une peine de 15 mois de prison ferme, am\u00e9nageable.<\/p>\n<p>Aucun des pr\u00e9venus n&rsquo;\u00e9tait pr\u00e9sent \u00e0 la lecture du d\u00e9lib\u00e9r\u00e9 et un mandat d&rsquo;arr\u00eat a \u00e9t\u00e9 d\u00e9livr\u00e9 contre Mustapha Zouaoui. Son avocat, Me Serge Money, a annonc\u00e9 \u00e0 l&rsquo;AFP qu&rsquo;il allait faire appel.<\/p>\n<h3>\u00ab\u00a0En danger\u00a0\u00bb<\/h3>\n<p>\u00ab\u00a0Mon client attendait une reconnaissance de son statut de victime, il l&rsquo;a eu, il est satisfait, il n&rsquo;attend pas d&rsquo;excuse particuli\u00e8re de quiconque\u00a0\u00bb, a d\u00e9clar\u00e9 \u00e0 la presse l&rsquo;avocat de Mathieu Valbuena, Me Didier Domat.<\/p>\n<p>\u00ab\u00a0Nous avons des int\u00e9r\u00eats civils importants, non n\u00e9gligeables, mais encore une fois \u00e7a ne pourra pas effacer le pr\u00e9judice qui d\u00e9coule de sa non-s\u00e9lection en \u00e9quipe de France\u00a0\u00bb, a-t-il ajout\u00e9.<\/p>\n<p>Lors de l&rsquo;audience, l&rsquo;actuel milieu de terrain de l&rsquo;Olympiakos en Gr\u00e8ce, \u00e2g\u00e9 de 37 ans, avait expliqu\u00e9 avoir \u00ab\u00a0eu peur\u00a0\u00bb pour sa carri\u00e8re.<\/p>\n<p>L&rsquo;ancien joueur de Marseille et de Lyon avait \u00e9galement rappel\u00e9 que cette affaire lui avait co\u00fbt\u00e9 sa place avec les Bleus, lui qui comptait \u00e0 l&rsquo;\u00e9poque 52 s\u00e9lections en \u00e9quipe nationale.<\/p>\n<p>Karim Benzema, lui, est rest\u00e9 \u00e9loign\u00e9 de la s\u00e9lection tricolore pendant plus de cinq ans avant de faire un retour surprise avant l&rsquo;Euro-2021.<\/p>\n<p>Cette condamnation ne devrait cependant pas l&rsquo;\u00e9loigner de nouveau des Bleus.<\/p>\n<p>Il y a deux semaines, le patron de la F\u00e9d\u00e9ration fran\u00e7aise de football, No\u00ebl Le Gra\u00ebt, a expliqu\u00e9 que l&rsquo;attaquant de 33 ans \u00ab\u00a0ne serait pas exclu\u00a0\u00bb de la s\u00e9lection en cas de \u00ab\u00a0sanction judiciaire\u00a0\u00bb.<\/p>\n<p>Karim Benzema encourait une peine maximale th\u00e9orique de cinq ans de prison et 75.000 euros d&rsquo;amende.<\/p>\n<p>Lors de l&rsquo;audience, ses avocats avaient plaid\u00e9 la relaxe, arguant notamment que \u00ab\u00a0l&rsquo;\u00e9l\u00e9ment intentionnel de l&rsquo;infraction\u00a0\u00bb qui lui \u00e9tait reproch\u00e9e n&rsquo;\u00e9tait pas caract\u00e9ris\u00e9. (AFP)<\/p>\n","protected":false},"excerpt":{"rendered":"<p>Apr\u00e8s plus de six ans, \u00ab\u00a0l&rsquo;affaire de la sextape\u00a0\u00bb a enfin \u00e9t\u00e9 jug\u00e9e: la star du Real Madrid Karim Benzema a \u00e9t\u00e9 condamn\u00e9e mercredi \u00e0 un an de prison avec sursis et 75.000 euros d&rsquo;amende, reconnue coupable de complicit\u00e9 de tentative de chantage sur son ancien co\u00e9quipier Mathieu Valbuena. Les avocats de Karim Benzema ont [&hellip;]<\/p>\n","protected":false},"author":1,"featured_media":10476,"comment_status":"open","ping_status":"closed","sticky":false,"template":"","format":"standard","meta":{"footnotes":""},"categories":[30],"tags":[2132,299,2131],"class_list":["post-10475","post","type-post","status-publish","format-standard","has-post-thumbnail","hentry","category-actualite","tag-affaire-sextape","tag-corruption","tag-karim-benzema"],"aioseo_notices":[],"_links":{"self":[{"href":"https:\/\/www.culturalusa.com\/news\/wp-json\/wp\/v2\/posts\/10475","targetHints":{"allow":["GET"]}}],"collection":[{"href":"https:\/\/www.culturalusa.com\/news\/wp-json\/wp\/v2\/posts"}],"about":[{"href":"https:\/\/www.culturalusa.com\/news\/wp-json\/wp\/v2\/types\/post"}],"author":[{"embeddable":true,"href":"https:\/\/www.culturalusa.com\/news\/wp-json\/wp\/v2\/users\/1"}],"replies":[{"embeddable":true,"href":"https:\/\/www.culturalusa.com\/news\/wp-json\/wp\/v2\/comments?post=10475"}],"version-history":[{"count":0,"href":"https:\/\/www.culturalusa.com\/news\/wp-json\/wp\/v2\/posts\/10475\/revisions"}],"wp:featuredmedia":[{"embeddable":true,"href":"https:\/\/www.culturalusa.com\/news\/wp-json\/wp\/v2\/media\/10476"}],"wp:attachment":[{"href":"https:\/\/www.culturalusa.com\/news\/wp-json\/wp\/v2\/media?parent=10475"}],"wp:term":[{"taxonomy":"category","embeddable":true,"href":"https:\/\/www.culturalusa.com\/news\/wp-json\/wp\/v2\/categories?post=10475"},{"taxonomy":"post_tag","embeddable":true,"href":"https:\/\/www.culturalusa.com\/news\/wp-json\/wp\/v2\/tags?post=10475"}],"curies":[{"name":"wp","href":"https:\/\/api.w.org\/{rel}","templated":true}]}}