{"id":10481,"date":"2021-11-26T01:58:13","date_gmt":"2021-11-26T00:58:13","guid":{"rendered":"https:\/\/www.culturalusa.com\/news\/?p=10481"},"modified":"2021-11-26T02:00:29","modified_gmt":"2021-11-26T01:00:29","slug":"coronavirus-le-rappel-vaccinal-sera-ouvert-a-tous-les-adultes-en-france","status":"publish","type":"post","link":"https:\/\/www.culturalusa.com\/news\/politique\/coronavirus-le-rappel-vaccinal-sera-ouvert-a-tous-les-adultes-en-france\/","title":{"rendered":"CoronaVirus: le rappel vaccinal sera ouvert \u00e0 tous les adultes en France"},"content":{"rendered":"<p>Covid 19: le ministre de la Sant\u00e9 <strong>Olivier V\u00e9ran<\/strong> a annonc\u00e9 que le rappel vaccinal contre le Covid-19 serait d\u00e9sormais \u00ab\u00a0ouvert \u00e0 tous les adultes d\u00e8s cinq mois apr\u00e8s leur derni\u00e8re injection\u00a0\u00bb, \u00e0 partir de ce samedi.<\/p>\n<blockquote><p>\u00ab\u00a0En pratique cela concerne 25 millions de Fran\u00e7ais dont 6 millions ont d\u00e9j\u00e0 re\u00e7u leur rappel, il reste donc 19 millions de Fran\u00e7ais \u00e0 date qui deviennent \u00e9ligibles au rappel de vaccination et que nous appelons \u00e0 se faire vacciner dans les deux prochains mois\u00a0\u00bb, a-t-il pr\u00e9cis\u00e9, en d\u00e9taillant une s\u00e9rie de mesures face \u00e0 une cinqui\u00e8me vague \u00e9pid\u00e9mique.<\/p><\/blockquote>\n<p><strong>Toutes les personnes \u00e2g\u00e9es de plus de 18 ans devront justifier sur leur pass sanitaire \u00ab\u00a0\u00e0 compter du 15 janvier\u00a0\u00bb<\/strong> 2022 avoir re\u00e7u une dose de rappel de vaccin anti-Covid au maximum sept mois apr\u00e8s la pr\u00e9c\u00e9dente, a annonc\u00e9 le ministre.<\/p>\n<h3>Ce rappel, le plus souvent une troisi\u00e8me dose, \u00e9tait jusqu&rsquo;\u00e0 pr\u00e9sent ouvert aux plus de 65 ans, aux personnes \u00e0 risque et aux soignants.<\/h3>\n<p>Quant aux plus jeunes, la France \u00e9tudie la possibilit\u00e9 de vacciner les enfants de 5 \u00e0 11 ans contre le Covid-19, a indiqu\u00e9 Olivier V\u00e9ran. Mais dans tous les cas, cela n&rsquo;aura pas lieu avant \u00ab\u00a0d\u00e9but 2022\u00a0\u00bb, a pr\u00e9cis\u00e9 le ministre, qui a saisi les autorit\u00e9s sanitaires nationales apr\u00e8s l&rsquo;approbation du vaccin de Pfizer pour les 5-11 ans par l&rsquo;Agence europ\u00e9enne du m\u00e9dicament (EMA).<\/p>\n<p>Concernant les personnes non vaccin\u00e9es ou non compl\u00e8tement vaccin\u00e9es souhaitant qui souhaitent b\u00e9n\u00e9ficier du pass sanitaire, la dur\u00e9e de validit\u00e9 des tests n\u00e9gatifs au Covid-19 va \u00eatre ramen\u00e9e \u00e0 24 heures. Cette dur\u00e9e \u00e9tait jusqu&rsquo;\u00e0 pr\u00e9sent de 72 heures.<\/p>\n<p>Ces mesures doivent \u00e9viter les mesures de contraintes dures adopt\u00e9es par certains pays.<\/p>\n<p>Il n&rsquo;est \u00e0 ce stade envisag\u00e9 \u00ab\u00a0ni confinement, ni couvre-feu\u00a0\u00bb face \u00e0 la cinqui\u00e8me vague de l&rsquo;\u00e9pid\u00e9mie de Covid-19 que conna\u00eet actuellement la France et qui est \u00ab\u00a0sans conteste plus forte, plus longue que (&#8230;) celle de cet \u00e9t\u00e9\u00a0\u00bb, a ajout\u00e9 le ministre de la Sant\u00e9.<\/p>\n<p>\u00ab\u00a0Nous pouvons passer cette vague sans recourir aux outils les plus contraignants\u00a0\u00bb qu&rsquo;ont d\u00e9j\u00e0 impos\u00e9s certains pays voisins de la France, a-t-il soulign\u00e9, pr\u00e9cisant qu&rsquo;il n&rsquo;y aurait non plus \u00e0 ce stade \u00ab\u00a0ni fermeture anticip\u00e9e de commerces ni restrictions de d\u00e9placement\u00a0\u00bb, face \u00e0 cette recrudescence de l&rsquo;\u00e9pid\u00e9mie.<\/p>\n<p>M. V\u00e9ran a \u00e9galement annonc\u00e9 le retour de l&rsquo;obligation du port du masque partout en int\u00e9rieur. A compter de vendredi, \u00ab\u00a0un d\u00e9cret rendra \u00e0 nouveau obligatoire le port du masque partout en int\u00e9rieur\u00a0\u00bb dans les lieux recevant du public, y compris les lieux o\u00f9 le pass sanitaire est r\u00e9clam\u00e9, a-t-il dit. (AFP)<\/p>\n","protected":false},"excerpt":{"rendered":"<p>Covid 19: le ministre de la Sant\u00e9 Olivier V\u00e9ran a annonc\u00e9 que le rappel vaccinal contre le Covid-19 serait d\u00e9sormais \u00ab\u00a0ouvert \u00e0 tous les adultes d\u00e8s cinq mois apr\u00e8s leur derni\u00e8re injection\u00a0\u00bb, \u00e0 partir de ce samedi. \u00ab\u00a0En pratique cela concerne 25 millions de Fran\u00e7ais dont 6 millions ont d\u00e9j\u00e0 re\u00e7u leur rappel, il reste [&hellip;]<\/p>\n","protected":false},"author":1,"featured_media":10482,"comment_status":"open","ping_status":"closed","sticky":false,"template":"","format":"standard","meta":{"footnotes":""},"categories":[1494],"tags":[1180,1555,1949,1349],"class_list":["post-10481","post","type-post","status-publish","format-standard","has-post-thumbnail","hentry","category-politique","tag-coronavirus","tag-olivier-veran","tag-pass-sanitaire","tag-vaccination"],"aioseo_notices":[],"_links":{"self":[{"href":"https:\/\/www.culturalusa.com\/news\/wp-json\/wp\/v2\/posts\/10481","targetHints":{"allow":["GET"]}}],"collection":[{"href":"https:\/\/www.culturalusa.com\/news\/wp-json\/wp\/v2\/posts"}],"about":[{"href":"https:\/\/www.culturalusa.com\/news\/wp-json\/wp\/v2\/types\/post"}],"author":[{"embeddable":true,"href":"https:\/\/www.culturalusa.com\/news\/wp-json\/wp\/v2\/users\/1"}],"replies":[{"embeddable":true,"href":"https:\/\/www.culturalusa.com\/news\/wp-json\/wp\/v2\/comments?post=10481"}],"version-history":[{"count":0,"href":"https:\/\/www.culturalusa.com\/news\/wp-json\/wp\/v2\/posts\/10481\/revisions"}],"wp:featuredmedia":[{"embeddable":true,"href":"https:\/\/www.culturalusa.com\/news\/wp-json\/wp\/v2\/media\/10482"}],"wp:attachment":[{"href":"https:\/\/www.culturalusa.com\/news\/wp-json\/wp\/v2\/media?parent=10481"}],"wp:term":[{"taxonomy":"category","embeddable":true,"href":"https:\/\/www.culturalusa.com\/news\/wp-json\/wp\/v2\/categories?post=10481"},{"taxonomy":"post_tag","embeddable":true,"href":"https:\/\/www.culturalusa.com\/news\/wp-json\/wp\/v2\/tags?post=10481"}],"curies":[{"name":"wp","href":"https:\/\/api.w.org\/{rel}","templated":true}]}}