{"id":10484,"date":"2021-11-26T17:30:58","date_gmt":"2021-11-26T16:30:58","guid":{"rendered":"https:\/\/www.culturalusa.com\/news\/?p=10484"},"modified":"2021-11-26T17:30:58","modified_gmt":"2021-11-26T16:30:58","slug":"creation-dun-cyberscore-les-deputes-ont-approuve-la-securite-des-donnees-numeriques","status":"publish","type":"post","link":"https:\/\/www.culturalusa.com\/news\/technologie\/creation-dun-cyberscore-les-deputes-ont-approuve-la-securite-des-donnees-numeriques\/","title":{"rendered":"Cr\u00e9ation d&rsquo;un \u00ab\u00a0cyberscore\u00a0\u00bb les d\u00e9put\u00e9s ont approuv\u00e9 la \u00ab\u00a0s\u00e9curit\u00e9 des donn\u00e9es num\u00e9riques\u00a0\u00bb"},"content":{"rendered":"<p>L&rsquo;Assembl\u00e9e nationale quasi unanime a approuv\u00e9 en premi\u00e8re lecture une proposition de loi portant sur la cr\u00e9ation d&rsquo;un \u00ab\u00a0<strong>cyberscore<\/strong>\u00ab\u00a0, rep\u00e8re destin\u00e9 \u00e0 <strong>informer les utilisateurs d&rsquo;outils num\u00e9riques sur la s\u00e9curisation de leurs donn\u00e9es<\/strong>.<\/p>\n<p>Le texte, initi\u00e9 au S\u00e9nat par l&rsquo;Union centriste il y a plus d&rsquo;un an, repart d\u00e9sormais pour la chambre haute afin d&rsquo;\u00eatre valid\u00e9 d\u00e9finitivement.<\/p>\n<blockquote><p>\u00ab\u00a0Nous ne pouvons pas faire preuve de na\u00efvet\u00e9, notre vie num\u00e9rique comporte des risques\u00a0\u00bb, avait soulign\u00e9 devant les s\u00e9nateurs le secr\u00e9taire d&rsquo;Etat \u00e0 la Transition num\u00e9rique C\u00e9dric O.<\/p><\/blockquote>\n<p>L&rsquo;id\u00e9e est de compl\u00e9ter le code de la consommation en y ajoutant une obligation pour les op\u00e9rateurs de communiquer les informations relatives \u00e0 la s\u00e9curit\u00e9 des donn\u00e9es h\u00e9berg\u00e9es par eux-m\u00eames ou leurs prestataires, de cloud notamment. Cela se traduira pour les utilisateurs par un visuel \u00ab\u00a0cyberscore\u00a0\u00bb, \u00e0 l&rsquo;image du \u00ab\u00a0nutriscore\u00a0\u00bb pour les produits alimentaires.<\/p>\n<p>Cet audit sera effectu\u00e9 par des prestataires qualifi\u00e9s par l&rsquo;autorit\u00e9 nationale de la s\u00e9curit\u00e9 des syst\u00e8mes d&rsquo;information (Anssi). L&rsquo;entr\u00e9e en vigueur est pr\u00e9vue au 1er octobre 2023.<\/p>\n<h3>Cyberscore : la question du p\u00e9rim\u00e8tre d&rsquo;application fait cependant d\u00e9bat.<\/h3>\n<p>Les d\u00e9put\u00e9s ont adopt\u00e9 un amendement renvoyant \u00e0 un d\u00e9cret la fixation des op\u00e9rateurs concern\u00e9s. Les plus importants doivent \u00eatre soumis \u00e0 l&rsquo;obligation, mais pas les petits acteurs pour lesquels ce serait trop lourd et co\u00fbteux, a estim\u00e9 le rapporteur \u00e0 l&rsquo;Assembl\u00e9e, Christophe Naegelen (UDI).<\/p>\n<p>Contre l&rsquo;avis du gouvernement, les d\u00e9put\u00e9s ont aussi d\u00e9cid\u00e9 que la localisation des donn\u00e9es h\u00e9berg\u00e9es devait faire partie int\u00e9grante du diagnostic de cybers\u00e9curit\u00e9.<\/p>\n<p><strong>\u00ab\u00a0Il para\u00eet essentiel que les consommateurs puissent savoir o\u00f9 leurs donn\u00e9es sont h\u00e9berg\u00e9es lorsqu&rsquo;ils se connectent \u00e0 une plateforme\u00a0\u00bb<\/strong>, dans le sens de l&rsquo;affirmation d&rsquo;une \u00ab\u00a0souverainet\u00e9 num\u00e9rique\u00a0\u00bb, ont motiv\u00e9 les auteurs de l&rsquo;amendement, Christophe Naegelen et Philippe Latombe (MoDem).<\/p>\n<p>Mais, a oppos\u00e9 en vain C\u00e9dric O, que les donn\u00e9es soient \u00ab\u00a0localis\u00e9es sur le territoire ne prot\u00e8ge pas\u00a0\u00bb et peut donner un sentiment de \u00ab\u00a0fausse s\u00e9curit\u00e9\u00a0\u00bb. (AFP)<\/p>\n","protected":false},"excerpt":{"rendered":"<p>L&rsquo;Assembl\u00e9e nationale quasi unanime a approuv\u00e9 en premi\u00e8re lecture une proposition de loi portant sur la cr\u00e9ation d&rsquo;un \u00ab\u00a0cyberscore\u00ab\u00a0, rep\u00e8re destin\u00e9 \u00e0 informer les utilisateurs d&rsquo;outils num\u00e9riques sur la s\u00e9curisation de leurs donn\u00e9es. Le texte, initi\u00e9 au S\u00e9nat par l&rsquo;Union centriste il y a plus d&rsquo;un an, repart d\u00e9sormais pour la chambre haute afin d&rsquo;\u00eatre [&hellip;]<\/p>\n","protected":false},"author":1,"featured_media":10485,"comment_status":"open","ping_status":"closed","sticky":false,"template":"","format":"standard","meta":{"footnotes":""},"categories":[6],"tags":[2133,969,2134],"class_list":["post-10484","post","type-post","status-publish","format-standard","has-post-thumbnail","hentry","category-technologie","tag-cyberscore","tag-numerique","tag-securite-des-donnees-numeriques"],"aioseo_notices":[],"_links":{"self":[{"href":"https:\/\/www.culturalusa.com\/news\/wp-json\/wp\/v2\/posts\/10484","targetHints":{"allow":["GET"]}}],"collection":[{"href":"https:\/\/www.culturalusa.com\/news\/wp-json\/wp\/v2\/posts"}],"about":[{"href":"https:\/\/www.culturalusa.com\/news\/wp-json\/wp\/v2\/types\/post"}],"author":[{"embeddable":true,"href":"https:\/\/www.culturalusa.com\/news\/wp-json\/wp\/v2\/users\/1"}],"replies":[{"embeddable":true,"href":"https:\/\/www.culturalusa.com\/news\/wp-json\/wp\/v2\/comments?post=10484"}],"version-history":[{"count":0,"href":"https:\/\/www.culturalusa.com\/news\/wp-json\/wp\/v2\/posts\/10484\/revisions"}],"wp:featuredmedia":[{"embeddable":true,"href":"https:\/\/www.culturalusa.com\/news\/wp-json\/wp\/v2\/media\/10485"}],"wp:attachment":[{"href":"https:\/\/www.culturalusa.com\/news\/wp-json\/wp\/v2\/media?parent=10484"}],"wp:term":[{"taxonomy":"category","embeddable":true,"href":"https:\/\/www.culturalusa.com\/news\/wp-json\/wp\/v2\/categories?post=10484"},{"taxonomy":"post_tag","embeddable":true,"href":"https:\/\/www.culturalusa.com\/news\/wp-json\/wp\/v2\/tags?post=10484"}],"curies":[{"name":"wp","href":"https:\/\/api.w.org\/{rel}","templated":true}]}}