{"id":10487,"date":"2021-11-30T12:15:58","date_gmt":"2021-11-30T11:15:58","guid":{"rendered":"https:\/\/www.culturalusa.com\/news\/?p=10487"},"modified":"2021-11-30T12:19:17","modified_gmt":"2021-11-30T11:19:17","slug":"eric-zemmour-en-passe-de-se-lancer-dans-la-presidentielle","status":"publish","type":"post","link":"https:\/\/www.culturalusa.com\/news\/politique\/eric-zemmour-en-passe-de-se-lancer-dans-la-presidentielle\/","title":{"rendered":"Pr\u00e9sidentielle 2022: Eric Zemmour en passe de se lancer dans la pr\u00e9sidentielle"},"content":{"rendered":"<p>Le pol\u00e9miste de <span style=\"color: #800000;\">droite conservatrice<\/span>\u00a0 <strong>Eric Zemmour<\/strong> est en passe d&rsquo;annoncer sa candidature \u00e0 l&rsquo;\u00e9lection pr\u00e9sidentielle mardi midi dans une vid\u00e9o, \u00e0 l&rsquo;issue d&rsquo;une pr\u00e9campagne agit\u00e9e et de premiers ressacs dans les sondages.<\/p>\n<blockquote><p>\u00ab\u00a0Un message aux Fran\u00e7ais\u00a0\u00bb d&rsquo;une dizaine de minutes sera \u00ab\u00a0diffus\u00e9 sur nos r\u00e9seaux sociaux\u00a0\u00bb, suivi du 20h de TF1, a-t-on appris lundi soir aupr\u00e8s de son entourage. \u00ab\u00a0\u00c9ric Zemmour se d\u00e9clarera candidat ce mardi vers 12h00 et sera aussi au 20h de TF1\u00a0\u00bb, a tweet\u00e9 son responsable de la communication num\u00e9rique Samuel Lafont.<\/p><\/blockquote>\n<p>Apr\u00e8s cette annonce, l&rsquo;ancien \u00e9ditorialiste du Figaro et de CNews \u00e2g\u00e9 de 63 ans tiendra son premier meeting de campagne dimanche apr\u00e8s-midi au Z\u00e9nith de Paris. La CGT, Solidaires et des militants antifascistes ont d\u00e9j\u00e0 promis une manifestation pour faire \u00ab\u00a0taire Zemmour\u00a0\u00bb, \u00e0 13h dans la capitale.<\/p>\n<p>Eric Zemmour \u00ab\u00a0nous a vendu qu&rsquo;il \u00e9tait le Trump fran\u00e7ais. C&rsquo;est un Trump command\u00e9 sur Wish, cette plateforme de contrefa\u00e7ons qui vend des trucs qui ne fonctionnent pas, qui sont faux\u00a0\u00bb, a cingl\u00e9 mardi sur Europe 1 Gabriel Attal.<\/p>\n<p>Le porte-parole du gouvernement a dit se \u00ab\u00a0poser des questions sur sa capacit\u00e9 \u00e0 repr\u00e9senter notre pays\u00a0\u00bb apr\u00e8s la visite chahut\u00e9e du pol\u00e9miste \u00e0 Marseille samedi qui s&rsquo;est termin\u00e9e par un \u00e9change de doigts d&rsquo;honneur avec une passante. Un geste \u00ab\u00a0fort in\u00e9l\u00e9gant\u00a0\u00bb, avait convenu Eric Zemmour le lendemain.<\/p>\n<h3><span class=\"sentence-wrapper_without-hover ng-star-inserted\">L\u2019homme qui n\u2019a pas de patates sur la langue<\/span><\/h3>\n<p>Stanislas Rigault, qui anime \u00ab\u00a0G\u00e9n\u00e9ration Z\u00a0\u00bb, le mouvement de jeunesse du candidat, a reconnu un moment \u00ab\u00a0compliqu\u00e9\u00a0\u00bb \u00e0 Marseille. \u00ab\u00a0Ce n&rsquo;est pas la meilleure p\u00e9riode\u00a0\u00bb, mais \u00ab\u00a0je ne pense pas que la dynamique va s&rsquo;essouffler, on a un Z\u00e9nith qui sera rempli\u00a0\u00bb, a-t-il assur\u00e9 sur BFMTV.<\/p>\n<p>Condamn\u00e9 \u00e0 deux reprises pour provocation, Eric Zemmour se d\u00e9clare au moment o\u00f9 les sondages se tassent autour de 14 \u00e0 15 % d&rsquo;intentions de vote au premier tour, derri\u00e8re le pr\u00e9sident sortant Emmanuel Macron (25 %) et la candidate du RN Marine Le Pen (entre 19 et 20 %). Et dans une p\u00e9riode agit\u00e9e pour son camp, o\u00f9 certains critiquent un d\u00e9ficit d&rsquo;organisation ou l&rsquo;omnipr\u00e9sence de sa conseill\u00e8re Sarah Knafo.<\/p>\n<p>En se d\u00e9clarant mardi, le pol\u00e9miste, qui ambitionne de rassembler les \u00e9lecteurs de <strong>droite conservatrice<\/strong>, parasite le processus d&rsquo;investiture en cours chez les LR qui d\u00e9partagent de mercredi \u00e0 samedi leurs cinq pr\u00e9tendants.<\/p>\n<p>Ceux-ci doivent d\u00e9battre une derni\u00e8re fois \u00e0 la t\u00e9l\u00e9vision mardi soir, juste apr\u00e8s le JT de 20h.<\/p>\n<p>Il embarrasse \u00e9galement sa rivale d&rsquo;extr\u00eame droite Marine Le Pen (RN), qui a d\u00e9plor\u00e9 mardi sur Sud Radio qu&rsquo;il \u00ab\u00a0disperse des voix utiles au redressement du pays\u00a0\u00bb. \u00ab\u00a0Il n&rsquo;apporte rien\u00a0\u00bb, a-t-elle dit, en critiquant notamment la \u00ab\u00a0brutalit\u00e9\u00a0\u00bb de ses mesures sur l&rsquo;immigration ou sa vision des femmes. Elle consid\u00e8re qu&rsquo;il n&rsquo;a pas fait \u00ab\u00a0sa mue\u00a0\u00bb en candidat et esp\u00e8re qu&rsquo;il la \u00ab\u00a0recentre\u00a0\u00bb.<\/p>\n<h3>Financement<\/h3>\n<p>Les partisans de Zemmour se targuent d&rsquo;avoir d\u00e9j\u00e0 pes\u00e9 sur les th\u00e9matiques de la campagne, particuli\u00e8rement sur la lutte contre l&rsquo;immigration, le sujet num\u00e9ro 1 du pol\u00e9miste, associ\u00e9 \u00e0 ses critiques de l&rsquo;islam, une \u00ab\u00a0civilisation\u00a0\u00bb qu&rsquo;il juge \u00ab\u00a0incompatible avec les principes de la France\u00a0\u00bb.<\/p>\n<p>Adepte de la th\u00e9orie complotiste du \u00ab\u00a0grand remplacement\u00a0\u00bb de la population europ\u00e9enne par des immigr\u00e9s non europ\u00e9ens, sa mesure la plus controvers\u00e9e vise \u00e0 obliger \u00e0 porter un premier pr\u00e9nom d&rsquo;origine \u00e9trang\u00e8re.<\/p>\n<blockquote><p>Les pol\u00e9miques se sont multipli\u00e9es durant sa pr\u00e9-campagne. Notamment quand Eric Zemmour a point\u00e9 un fusil vers des journalistes durant la visite d&rsquo;un salon sur la s\u00e9curit\u00e9 ou s&rsquo;est rendu devant le Bataclan, le jour de comm\u00e9moration des attentats du 13-Novembre, pour <span style=\"color: #800000;\">accuser l&rsquo;ancien pr\u00e9sident Fran\u00e7ois Hollande de n&rsquo;avoir \u00ab\u00a0pas prot\u00e9g\u00e9 les Fran\u00e7ais\u00a0\u00bb<\/span>.<\/p><\/blockquote>\n<p>Ou quand il affirme, contre l&rsquo;avis des historiens, que P\u00e9tain aurait \u00ab\u00a0sauv\u00e9 des juifs de France\u00a0\u00bb pendant la Seconde Guerre mondiale.<\/p>\n<p>Jusque dans la couverture de son dernier ouvrage, \u00ab\u00a0La France n&rsquo;a pas dit son dernier mot\u00a0\u00bb, Eric Zemmour fait de l&rsquo;ancien pr\u00e9sident am\u00e9ricain Donald Trump une source d&rsquo;inspiration, m\u00eame s&rsquo;il ne b\u00e9n\u00e9ficie pas du soutien d&rsquo;un grand parti.<\/p>\n<p>La constitution d&rsquo;un r\u00e9seau sur le terrain sera d&rsquo;ailleurs l&rsquo;un de ses nombreux d\u00e9fis, ne serait-ce que pour obtenir les 500 parrainages d&rsquo;\u00e9lus n\u00e9cessaires \u00e0 une candidature \u00e0 la pr\u00e9sidentielle. Son camp assure s&rsquo;appuyer sur 250 \u00e0 300 promesses de parrainages.<\/p>\n<p>Il lui faudra aussi r\u00e9colter des dons pour sa campagne, alors qu&rsquo;il a d\u00e9j\u00e0 perdu le soutien du financier Charles Gave, qui lui a pr\u00eat\u00e9 300.000 euros.<\/p>\n<p>Le pol\u00e9miste est en outre accus\u00e9 d&rsquo;agressions sexuelles selon plusieurs t\u00e9moignages de femmes recueillis par Mediapart. Mais aucune plainte n&rsquo;a \u00e9t\u00e9 annonc\u00e9e contre lui. (AFP)<\/p>\n","protected":false},"excerpt":{"rendered":"<p>Le pol\u00e9miste de droite conservatrice\u00a0 Eric Zemmour est en passe d&rsquo;annoncer sa candidature \u00e0 l&rsquo;\u00e9lection pr\u00e9sidentielle mardi midi dans une vid\u00e9o, \u00e0 l&rsquo;issue d&rsquo;une pr\u00e9campagne agit\u00e9e et de premiers ressacs dans les sondages. \u00ab\u00a0Un message aux Fran\u00e7ais\u00a0\u00bb d&rsquo;une dizaine de minutes sera \u00ab\u00a0diffus\u00e9 sur nos r\u00e9seaux sociaux\u00a0\u00bb, suivi du 20h de TF1, a-t-on appris lundi [&hellip;]<\/p>\n","protected":false},"author":1,"featured_media":10488,"comment_status":"open","ping_status":"closed","sticky":false,"template":"","format":"standard","meta":{"footnotes":""},"categories":[1494],"tags":[1599,1079,1707],"class_list":["post-10487","post","type-post","status-publish","format-standard","has-post-thumbnail","hentry","category-politique","tag-droite-conservatrice","tag-eric-zemmour","tag-presidentielle-2022"],"aioseo_notices":[],"_links":{"self":[{"href":"https:\/\/www.culturalusa.com\/news\/wp-json\/wp\/v2\/posts\/10487","targetHints":{"allow":["GET"]}}],"collection":[{"href":"https:\/\/www.culturalusa.com\/news\/wp-json\/wp\/v2\/posts"}],"about":[{"href":"https:\/\/www.culturalusa.com\/news\/wp-json\/wp\/v2\/types\/post"}],"author":[{"embeddable":true,"href":"https:\/\/www.culturalusa.com\/news\/wp-json\/wp\/v2\/users\/1"}],"replies":[{"embeddable":true,"href":"https:\/\/www.culturalusa.com\/news\/wp-json\/wp\/v2\/comments?post=10487"}],"version-history":[{"count":0,"href":"https:\/\/www.culturalusa.com\/news\/wp-json\/wp\/v2\/posts\/10487\/revisions"}],"wp:featuredmedia":[{"embeddable":true,"href":"https:\/\/www.culturalusa.com\/news\/wp-json\/wp\/v2\/media\/10488"}],"wp:attachment":[{"href":"https:\/\/www.culturalusa.com\/news\/wp-json\/wp\/v2\/media?parent=10487"}],"wp:term":[{"taxonomy":"category","embeddable":true,"href":"https:\/\/www.culturalusa.com\/news\/wp-json\/wp\/v2\/categories?post=10487"},{"taxonomy":"post_tag","embeddable":true,"href":"https:\/\/www.culturalusa.com\/news\/wp-json\/wp\/v2\/tags?post=10487"}],"curies":[{"name":"wp","href":"https:\/\/api.w.org\/{rel}","templated":true}]}}