{"id":10510,"date":"2021-12-08T21:23:55","date_gmt":"2021-12-08T20:23:55","guid":{"rendered":"https:\/\/www.culturalusa.com\/news\/?p=10510"},"modified":"2021-12-08T21:23:55","modified_gmt":"2021-12-08T20:23:55","slug":"le-vaccin-pfizer-est-efficace-contre-le-variant-omicron-apres-les-trois-doses","status":"publish","type":"post","link":"https:\/\/www.culturalusa.com\/news\/technologie\/le-vaccin-pfizer-est-efficace-contre-le-variant-omicron-apres-les-trois-doses\/","title":{"rendered":"Le vaccin Pfizer est efficace contre le variant Omicron, apr\u00e8s les trois doses"},"content":{"rendered":"<p>Vaccination anti-Covid: selon les premiers r\u00e9sultats des \u00e9tudes r\u00e9alis\u00e9es par les laboratoires, <strong>le vaccin Pfizer-BioNTech serait \u00ab toujours efficace \u00bb apr\u00e8s \u00ab trois doses \u00bb (ou dose de rappel) contre le variant Omicron<\/strong>.<\/p>\n<blockquote><p>Dans un communiqu\u00e9 BioNTech, qui souhaite toutefois finaliser un vaccin adapt\u00e9 \u00ab d&rsquo;ici mars \u00bb. Selon ces m\u00eames \u00e9tudes, le nouveau variant n&rsquo;est \u00ab probablement pas suffisamment neutralis\u00e9 apr\u00e8s deux doses \u00bb.<\/p><\/blockquote>\n<p>\u00ab Nous allons poursuivre le d\u00e9veloppement d&rsquo;un vaccin sp\u00e9cifique au variant Omicron et esp\u00e9rons le rendre disponible d&rsquo;ici mars au cas o\u00f9 une adaptation serait n\u00e9cessaire \u00bb, ont indiqu\u00e9 les laboratoires dans un communiqu\u00e9. \u00ab <span style=\"color: #800000;\"><strong>Une troisi\u00e8me dose fournit un niveau d&rsquo;anticorps neutralisants contre Omicron<\/strong><\/span> similaire \u00e0 celui observ\u00e9 apr\u00e8s deux doses \u00bb pour les autres variants, ont-ils ajout\u00e9.<\/p>\n<h3>Deux doses, c&rsquo;est d\u00e9j\u00e0 mieux que rien<\/h3>\n<p>\u00ab Bien que deux doses du vaccin puissent encore offrir une protection contre la maladie grave caus\u00e9e par la souche Omicron, il est clair, d&rsquo;apr\u00e8s ces donn\u00e9es pr\u00e9liminaires, que la protection est am\u00e9lior\u00e9e avec une troisi\u00e8me dose de notre vaccin \u00bb, a r\u00e9sum\u00e9 Albert Bourla, pr\u00e9sident et directeur g\u00e9n\u00e9ral de Pfizer, cit\u00e9 dans un communiqu\u00e9.<\/p>\n<blockquote><p>Le variant Omicron, consid\u00e9r\u00e9 comme \u00ab hautement transmissible par l&rsquo;OMS \u00bb, a \u00e9t\u00e9 d\u00e9tect\u00e9 pour la premi\u00e8re fois fin novembre en Afrique du Sud, et a rapidement \u00e9t\u00e9 identifi\u00e9 dans de nombreux pays.<\/p><\/blockquote>\n<p>Son apparition a provoqu\u00e9 un vent de panique, notamment en Europe, d\u00e9j\u00e0 en proie \u00e0 une massive cinqui\u00e8me vague de cas de Covid-19 provoqu\u00e9s par le <strong>variant Delta<\/strong>. Mais il ne semble pas accro\u00eetre la s\u00e9v\u00e9rit\u00e9 des sympt\u00f4mes, selon les derni\u00e8res donn\u00e9es publi\u00e9es par l&rsquo;OMS.<\/p>\n<p>Il est \u00ab quasiment certain \u00bb qu&rsquo;Omicron ne cause pas de cas plus graves que Delta, a ainsi d\u00e9clar\u00e9 mardi \u00e0 l&rsquo;Agence France-Presse Anthony Fauci, conseiller de la Maison-Blanche. (AFP)<\/p>\n","protected":false},"excerpt":{"rendered":"<p>Vaccination anti-Covid: selon les premiers r\u00e9sultats des \u00e9tudes r\u00e9alis\u00e9es par les laboratoires, le vaccin Pfizer-BioNTech serait \u00ab toujours efficace \u00bb apr\u00e8s \u00ab trois doses \u00bb (ou dose de rappel) contre le variant Omicron. Dans un communiqu\u00e9 BioNTech, qui souhaite toutefois finaliser un vaccin adapt\u00e9 \u00ab d&rsquo;ici mars \u00bb. Selon ces m\u00eames \u00e9tudes, le nouveau variant [&hellip;]<\/p>\n","protected":false},"author":1,"featured_media":10511,"comment_status":"open","ping_status":"closed","sticky":false,"template":"","format":"standard","meta":{"footnotes":""},"categories":[6],"tags":[2145,1671,1349,2136],"class_list":["post-10510","post","type-post","status-publish","format-standard","has-post-thumbnail","hentry","category-technologie","tag-anticorps","tag-vaccin-pfizer","tag-vaccination","tag-variant-omicron"],"aioseo_notices":[],"_links":{"self":[{"href":"https:\/\/www.culturalusa.com\/news\/wp-json\/wp\/v2\/posts\/10510","targetHints":{"allow":["GET"]}}],"collection":[{"href":"https:\/\/www.culturalusa.com\/news\/wp-json\/wp\/v2\/posts"}],"about":[{"href":"https:\/\/www.culturalusa.com\/news\/wp-json\/wp\/v2\/types\/post"}],"author":[{"embeddable":true,"href":"https:\/\/www.culturalusa.com\/news\/wp-json\/wp\/v2\/users\/1"}],"replies":[{"embeddable":true,"href":"https:\/\/www.culturalusa.com\/news\/wp-json\/wp\/v2\/comments?post=10510"}],"version-history":[{"count":0,"href":"https:\/\/www.culturalusa.com\/news\/wp-json\/wp\/v2\/posts\/10510\/revisions"}],"wp:featuredmedia":[{"embeddable":true,"href":"https:\/\/www.culturalusa.com\/news\/wp-json\/wp\/v2\/media\/10511"}],"wp:attachment":[{"href":"https:\/\/www.culturalusa.com\/news\/wp-json\/wp\/v2\/media?parent=10510"}],"wp:term":[{"taxonomy":"category","embeddable":true,"href":"https:\/\/www.culturalusa.com\/news\/wp-json\/wp\/v2\/categories?post=10510"},{"taxonomy":"post_tag","embeddable":true,"href":"https:\/\/www.culturalusa.com\/news\/wp-json\/wp\/v2\/tags?post=10510"}],"curies":[{"name":"wp","href":"https:\/\/api.w.org\/{rel}","templated":true}]}}