{"id":10514,"date":"2021-12-14T19:47:55","date_gmt":"2021-12-14T18:47:55","guid":{"rendered":"https:\/\/www.culturalusa.com\/news\/?p=10514"},"modified":"2021-12-14T19:47:55","modified_gmt":"2021-12-14T18:47:55","slug":"le-campus-cyber-securite-de-la-defense-sera-lance-mi-fevrier","status":"publish","type":"post","link":"https:\/\/www.culturalusa.com\/news\/actualite\/le-campus-cyber-securite-de-la-defense-sera-lance-mi-fevrier\/","title":{"rendered":"Le campus cyber-s\u00e9curit\u00e9 de la D\u00e9fense sera lanc\u00e9 mi-f\u00e9vrier"},"content":{"rendered":"<p>Le campus cyber, une tour de 26.000 m\u00e8tres carr\u00e9s \u00e0 la D\u00e9fense rassemblant la fine fleur de la cybers\u00e9curit\u00e9 fran\u00e7aise sera ouvert \u00e0 partir de la mi-f\u00e9vrier, a indiqu\u00e9 mardi son pr\u00e9sident, Michel Van Den Berghe.<\/p>\n<blockquote><p>\u00ab\u00a0Nous pensons que nous ouvrirons le campus le 15 f\u00e9vrier\u00a0\u00bb, a-t-il d\u00e9clar\u00e9 dans une conf\u00e9rence de presse en compagnie notamment de Guillaume Poupard, le directeur g\u00e9n\u00e9ral de l&rsquo;Anssi, l&rsquo;agence nationale pour la s\u00e9curit\u00e9 des syst\u00e8mes d&rsquo;information.<\/p><\/blockquote>\n<p>Voulu par Emmanuel Macron, le campus <strong>cyber<\/strong> rassemblera des repr\u00e9sentants d&rsquo;entreprises de cybes\u00e9curit\u00e9 de toute taille &#8211; e la start-up aux g\u00e9ants-, des services de l&rsquo;\u00c9tat, d&rsquo;institut de recherche comme l&rsquo;Inria et d&rsquo;\u00e9coles sp\u00e9cialis\u00e9es.<\/p>\n<p>Le but est de cr\u00e9er un environnement favorable pour l&rsquo;innovation technologique et le rayonnement de la fili\u00e8re cyber fran\u00e7aise.<\/p>\n<p>A terme, entre 1.600 et 1.700 personnes travailleront sur le campus, dont 30% repr\u00e9sentant des grandes entreprises et 25% des services de l&rsquo;\u00c9tat (Agence nationale de la s\u00e9curit\u00e9 informatique, gendarmerie, police ou services de renseignements, militaires du Comcyber), selon les chiffres pr\u00e9sent\u00e9s par Michel Van Den Berghe.<\/p>\n<p>L&rsquo;espace dans la tour sera r\u00e9parti entre espaces privatifs pour les grands acteurs et espaces partag\u00e9s pour les autres. L&rsquo;Anssi en particulier b\u00e9n\u00e9ficiera de l&rsquo;un des treize \u00e9tages de la tour, avec un effectif d&rsquo;environ 80 personnes, selon Guillaume Poupard.<\/p>\n<p>Les entreprises non-europ\u00e9ennes qui voudront disposer de leurs propres locaux auront leur propre \u00e9tage.<\/p>\n<p>\u00ab\u00a0C&rsquo;est vraiment un point sur lequel on travaille aujourd&rsquo;hui\u00a0\u00bb, a expliqu\u00e9 mardi Michel Van Den Berghe.\u00a0\u00bbOn cherche \u00e0 voir comment faire venir de grands acteurs du num\u00e9rique international\u00a0\u00bb.<\/p>\n<p>Le campus cyber disposera \u00e9galement d&rsquo;un incubateur pour les start-up.<\/p>\n<p>Le but est d&rsquo;arriver \u00e0 travailler sur \u00ab\u00a020 \u00e0 30 projets\u00a0\u00bb de jeunes pousses par an, pour parvenir \u00e0 en lancer effectivement une dizaine sur la m\u00eame p\u00e9riode, a indiqu\u00e9 Christophe Dumoulin, qui pilotera l&rsquo;incubateur.<\/p>\n<h3>Un fonds dot\u00e9 de \u00ab\u00a08 \u00e0 10 millions d&rsquo;euros\u00a0\u00bb a \u00e9t\u00e9 cr\u00e9\u00e9 pour contribuer \u00e0 hauteur de 300.000 euros aux jeunes pousses, a-t-il indiqu\u00e9.<\/h3>\n<p>Plusieurs groupes de travail th\u00e9matiques associant plusieurs r\u00e9sidents du campus ont d\u00e9j\u00e0 commencer \u00e0 fonctionner.<\/p>\n<p>Ces groupes travaillent notamment sur l&rsquo;utilisation de l&rsquo;intelligence artificielle en cybers\u00e9curit\u00e9, ou bien sur une plateforme d&rsquo;\u00e9change d&rsquo;informations sur les attaques en cours, selon le campus cyber. (AFP)<\/p>\n","protected":false},"excerpt":{"rendered":"<p>Le campus cyber, une tour de 26.000 m\u00e8tres carr\u00e9s \u00e0 la D\u00e9fense rassemblant la fine fleur de la cybers\u00e9curit\u00e9 fran\u00e7aise sera ouvert \u00e0 partir de la mi-f\u00e9vrier, a indiqu\u00e9 mardi son pr\u00e9sident, Michel Van Den Berghe. \u00ab\u00a0Nous pensons que nous ouvrirons le campus le 15 f\u00e9vrier\u00a0\u00bb, a-t-il d\u00e9clar\u00e9 dans une conf\u00e9rence de presse en compagnie [&hellip;]<\/p>\n","protected":false},"author":1,"featured_media":10515,"comment_status":"open","ping_status":"closed","sticky":false,"template":"","format":"standard","meta":{"footnotes":""},"categories":[30],"tags":[2147,2146,2148],"class_list":["post-10514","post","type-post","status-publish","format-standard","has-post-thumbnail","hentry","category-actualite","tag-cyber","tag-cyber-securite","tag-cybesecurite"],"aioseo_notices":[],"_links":{"self":[{"href":"https:\/\/www.culturalusa.com\/news\/wp-json\/wp\/v2\/posts\/10514","targetHints":{"allow":["GET"]}}],"collection":[{"href":"https:\/\/www.culturalusa.com\/news\/wp-json\/wp\/v2\/posts"}],"about":[{"href":"https:\/\/www.culturalusa.com\/news\/wp-json\/wp\/v2\/types\/post"}],"author":[{"embeddable":true,"href":"https:\/\/www.culturalusa.com\/news\/wp-json\/wp\/v2\/users\/1"}],"replies":[{"embeddable":true,"href":"https:\/\/www.culturalusa.com\/news\/wp-json\/wp\/v2\/comments?post=10514"}],"version-history":[{"count":0,"href":"https:\/\/www.culturalusa.com\/news\/wp-json\/wp\/v2\/posts\/10514\/revisions"}],"wp:featuredmedia":[{"embeddable":true,"href":"https:\/\/www.culturalusa.com\/news\/wp-json\/wp\/v2\/media\/10515"}],"wp:attachment":[{"href":"https:\/\/www.culturalusa.com\/news\/wp-json\/wp\/v2\/media?parent=10514"}],"wp:term":[{"taxonomy":"category","embeddable":true,"href":"https:\/\/www.culturalusa.com\/news\/wp-json\/wp\/v2\/categories?post=10514"},{"taxonomy":"post_tag","embeddable":true,"href":"https:\/\/www.culturalusa.com\/news\/wp-json\/wp\/v2\/tags?post=10514"}],"curies":[{"name":"wp","href":"https:\/\/api.w.org\/{rel}","templated":true}]}}