{"id":10517,"date":"2021-12-16T11:18:00","date_gmt":"2021-12-16T10:18:00","guid":{"rendered":"https:\/\/www.culturalusa.com\/news\/?p=10517"},"modified":"2021-12-16T11:18:00","modified_gmt":"2021-12-16T10:18:00","slug":"la-propagation-domicron-au-coeur-du-sommet-des-vingt-sept","status":"publish","type":"post","link":"https:\/\/www.culturalusa.com\/news\/politique\/la-propagation-domicron-au-coeur-du-sommet-des-vingt-sept\/","title":{"rendered":"La propagation d&rsquo;Omicron au coeur du sommet des Vingt-Sept"},"content":{"rendered":"<p>La difficile coordination face \u00e0 la progression du variant Omicron est au coeur du sommet des dirigeants des Vingt-Sept jeudi \u00e0 Bruxelles, qui entendent aussi faire front commun pour dissuader la Russie d&rsquo;une attaque contre l&rsquo;Ukraine.<\/p>\n<p>Face \u00e0 la menace d&rsquo;un nouveau conflit entre Moscou et Kiev, la Commission europ\u00e9enne a pr\u00e9par\u00e9 un paquet d&rsquo;options de sanctions suppl\u00e9mentaires en cas d&rsquo;agression russe, sans vouloir les d\u00e9voiler.<\/p>\n<p>\u00ab\u00a0Nous sommes pr\u00eats (&#8230;) Le co\u00fbt \u00e0 payer par la Russie sera tr\u00e8s \u00e9lev\u00e9 et il y aura des cons\u00e9quences graves\u00a0\u00bb, avait assur\u00e9 mercredi soir la pr\u00e9sidente de l&rsquo;ex\u00e9cutif europ\u00e9en, Ursula von der Leyen.<\/p>\n<p>La question sera d\u00e9battue lors d&rsquo;un d\u00e9jeuner, lors duquel les leaders seront invit\u00e9s \u00e0 se d\u00e9faire de leur t\u00e9l\u00e9phone, par souci de confidentialit\u00e9.<\/p>\n<p>\u00ab\u00a0Nous devons faire tout ce qui est en notre pouvoir pour \u00e9viter le pire sc\u00e9nario (&#8230;) Nous disposons de suffisamment d&rsquo;outils pour mettre un terme au comportement agressif de la Russie\u00a0\u00bb, a estim\u00e9 le pr\u00e9sident lituanien, Gitanas Nauseda, \u00e0 son arriv\u00e9e, \u00e9voquant des \u00ab\u00a0sanctions sectorielles et aussi \u00e9conomiques\u00a0\u00bb.<\/p>\n<blockquote><p>\u00ab\u00a0Nous allons r\u00e9affirmer que l&rsquo;inviolabilit\u00e9 des <span style=\"color: #800000;\"><strong>fronti\u00e8res<\/strong><\/span> est l&rsquo;un des fondements essentiels de la <span style=\"color: #800000;\"><strong>paix en Europe<\/strong><\/span> et que tous ensemble nous ferons tout pour la pr\u00e9server\u00a0\u00bb, a assur\u00e9 le chancelier allemand Olaf Scholz.<\/p><\/blockquote>\n<p>Sur le front de la pand\u00e9mie, l&rsquo;inqui\u00e9tude autour de la propagation du nouveau variant Omicron, tr\u00e8s contagieux, \u00e0 l&rsquo;approche des f\u00eates de fin d&rsquo;ann\u00e9e occupera les premiers \u00e9changes des chefs d&rsquo;Etat et de gouvernement.<\/p>\n<h3>Omicron pourrait devenir dominant en Europe d&rsquo;ici mi-janvier, selon la Commission.<\/h3>\n<p>Les dirigeants devraient souligner l&rsquo;importance d&rsquo;\u00e9tendre encore la vaccination, et notamment l&rsquo;administration des doses de rappel. Quelque 67 % de la population europ\u00e9enne est pleinement vaccin\u00e9e mais ce taux est inf\u00e9rieur \u00e0 50 % dans trois pays (Bulgarie, Roumanie, Slovaquie), la Croatie \u00e9tant pour sa part \u00e0 peine au-dessus (50,4 %).<\/p>\n<p>La question de la vaccination obligatoire, que se pr\u00e9parent \u00e0 imposer l&rsquo;Autriche et l&rsquo;Allemagne, devrait \u00eatre abord\u00e9e, m\u00eame si le sujet rel\u00e8ve du choix de chaque Etat membre, et non de l&rsquo;UE. Cette option doit \u00eatre prise en \u00ab\u00a0dernier ressort absolu\u00a0\u00bb, pour l&rsquo;OMS.<\/p>\n<h3>Vaccin et test<\/h3>\n<p>Si la vaccination reste \u00ab\u00a0cl\u00e9\u00a0\u00bb, elle \u00ab\u00a0ne suffira pas\u00a0\u00bb \u00e0 elle toute seule \u00e0 emp\u00eacher les transmissions et \u00e0 all\u00e9ger le fardeau sur les syst\u00e8mes de sant\u00e9, a toutefois averti mercredi l&rsquo;agence europ\u00e9enne charg\u00e9e des \u00e9pid\u00e9mies, pr\u00e9conisant la r\u00e9introduction rapide de mesures telles que le t\u00e9l\u00e9travail, le port du masque, la limitation de l&rsquo;affluence dans les transports et les espaces publics&#8230;<\/p>\n<p>C\u00f4t\u00e9 voyages, le variant a d\u00e9j\u00e0 mis \u00e0 mal le certificat sanitaire europ\u00e9en mis en place par l&rsquo;UE cet \u00e9t\u00e9 pour permettre aux Europ\u00e9ens de se d\u00e9placer le plus librement possible dans le bloc, sans se voir imposer de test ou de quarantaine.<\/p>\n<p>Certains pays comme l&rsquo;Irlande, le Portugal, l&rsquo;Italie et la Gr\u00e8ce imposent d\u00e9sormais aux voyageurs europ\u00e9ens, m\u00eame vaccin\u00e9s, de pr\u00e9senter un test n\u00e9gatif pour pouvoir entrer sur leur territoire.<\/p>\n<p>La Commission europ\u00e9enne a rappel\u00e9 \u00e0 Rome la n\u00e9cessit\u00e9 de pr\u00e9venir ses partenaires de telles mesures, soulignant qu&rsquo;elles devaient \u00eatre \u00ab\u00a0proportionn\u00e9es\u00a0\u00bb et d&rsquo;une dur\u00e9e la plus courte possible.<\/p>\n<p>Mais m\u00eame si les Etats membres conviennent de la n\u00e9cessit\u00e9 d&rsquo;am\u00e9liorer la coordination pour pr\u00e9server le fonctionnement du march\u00e9 int\u00e9rieur et ne pas trop entraver la libert\u00e9 de circulation, ces restrictions rel\u00e8vent de leurs comp\u00e9tences nationales.<\/p>\n<p>Le d\u00e9bat portera ensuite sur la crise de l&rsquo;\u00e9nergie, sur fond d&rsquo;envol\u00e9e des prix, m\u00eame si aucune d\u00e9cision concr\u00e8te n&rsquo;est attendue. La r\u00e9ponse \u00e0 apporter divise les pays, certains comme la France et l&rsquo;Espagne, plaidant pour une r\u00e9forme du march\u00e9 europ\u00e9en de l&rsquo;\u00e9lectricit\u00e9 tandis qu&rsquo;une majorit\u00e9 d&rsquo;Etats y restent r\u00e9ticents, estimant la crise conjoncturelle et jugeant plus efficaces les dispositifs nationaux de soutien aux consommateurs.<\/p>\n<h3>Autre sujet au programme, la migration, avec l&rsquo;afflux r\u00e9cent de r\u00e9fugi\u00e9s aux fronti\u00e8res de trois pays europ\u00e9ens que le B\u00e9larus est accus\u00e9 d&rsquo;avoir orchestr\u00e9, et plus globalement la volont\u00e9 des Vingt-Sept de limiter les flux migratoires.<\/h3>\n<p>Les dirigeants veulent la mise en oeuvre \u00ab\u00a0sans d\u00e9lai\u00a0\u00bb de plans d&rsquo;action avec une s\u00e9rie de pays d&rsquo;origine et de transit des migrants, et appellent la Commission \u00e0 s&rsquo;assurer que les \u00ab\u00a0financements n\u00e9cessaires sont mobilis\u00e9s\u00a0\u00bb, selon une version provisoire des conclusions.<\/p>\n<p>Le d\u00eener sera consacr\u00e9 \u00e0 un d\u00e9bat, en pr\u00e9sence de la pr\u00e9sidente de la Banque centrale europ\u00e9enne Christine Lagarde, sur la situation \u00e9conomique en Europe et sur l&rsquo;impact possible du nouveau variant sur la reprise.<\/p>\n<p>Le chef de l&rsquo;Etat fran\u00e7ais Emmanuel Macron, dont le pays prendra la pr\u00e9sidence semestrielle de l&rsquo;UE au 1er janvier et qui pr\u00e9voit d&rsquo;organiser un sommet en mars pour \u00ab\u00a0d\u00e9finir un nouveau mod\u00e8le de croissance europ\u00e9en\u00a0\u00bb, devrait s&rsquo;exprimer sur ses ambitions. (AFP)<\/p>\n","protected":false},"excerpt":{"rendered":"<p>La difficile coordination face \u00e0 la progression du variant Omicron est au coeur du sommet des dirigeants des Vingt-Sept jeudi \u00e0 Bruxelles, qui entendent aussi faire front commun pour dissuader la Russie d&rsquo;une attaque contre l&rsquo;Ukraine. Face \u00e0 la menace d&rsquo;un nouveau conflit entre Moscou et Kiev, la Commission europ\u00e9enne a pr\u00e9par\u00e9 un paquet d&rsquo;options [&hellip;]<\/p>\n","protected":false},"author":1,"featured_media":10518,"comment_status":"open","ping_status":"closed","sticky":false,"template":"","format":"standard","meta":{"footnotes":""},"categories":[1494],"tags":[1288,810,2135,2150,2149],"class_list":["post-10517","post","type-post","status-publish","format-standard","has-post-thumbnail","hentry","category-politique","tag-frontieres","tag-migration","tag-omicron","tag-paix-en-europe","tag-propagation-omicron"],"aioseo_notices":[],"_links":{"self":[{"href":"https:\/\/www.culturalusa.com\/news\/wp-json\/wp\/v2\/posts\/10517","targetHints":{"allow":["GET"]}}],"collection":[{"href":"https:\/\/www.culturalusa.com\/news\/wp-json\/wp\/v2\/posts"}],"about":[{"href":"https:\/\/www.culturalusa.com\/news\/wp-json\/wp\/v2\/types\/post"}],"author":[{"embeddable":true,"href":"https:\/\/www.culturalusa.com\/news\/wp-json\/wp\/v2\/users\/1"}],"replies":[{"embeddable":true,"href":"https:\/\/www.culturalusa.com\/news\/wp-json\/wp\/v2\/comments?post=10517"}],"version-history":[{"count":0,"href":"https:\/\/www.culturalusa.com\/news\/wp-json\/wp\/v2\/posts\/10517\/revisions"}],"wp:featuredmedia":[{"embeddable":true,"href":"https:\/\/www.culturalusa.com\/news\/wp-json\/wp\/v2\/media\/10518"}],"wp:attachment":[{"href":"https:\/\/www.culturalusa.com\/news\/wp-json\/wp\/v2\/media?parent=10517"}],"wp:term":[{"taxonomy":"category","embeddable":true,"href":"https:\/\/www.culturalusa.com\/news\/wp-json\/wp\/v2\/categories?post=10517"},{"taxonomy":"post_tag","embeddable":true,"href":"https:\/\/www.culturalusa.com\/news\/wp-json\/wp\/v2\/tags?post=10517"}],"curies":[{"name":"wp","href":"https:\/\/api.w.org\/{rel}","templated":true}]}}