{"id":10520,"date":"2021-12-16T11:38:27","date_gmt":"2021-12-16T10:38:27","guid":{"rendered":"https:\/\/www.culturalusa.com\/news\/?p=10520"},"modified":"2021-12-16T11:43:02","modified_gmt":"2021-12-16T10:43:02","slug":"emmanuel-macron-defend-son-bilan-et-se-projette-dans-lavenir","status":"publish","type":"post","link":"https:\/\/www.culturalusa.com\/news\/actualite\/emmanuel-macron-defend-son-bilan-et-se-projette-dans-lavenir\/","title":{"rendered":"Emmanuel Macron d\u00e9fend son bilan et se projette dans l&rsquo;avenir"},"content":{"rendered":"<p>Des <strong>r\u00e9formes \u00e9conomiques<\/strong> au <span style=\"color: #800000;\"><strong>Covid-19<\/strong><\/span> en passant par les \u00ab\u00a0<strong>gilets jaunes<\/strong>\u00ab\u00a0, le Pr\u00e9sident Emmanuel Macron a longuement d\u00e9fendu mercredi sur TF1 et LCI le bilan de son quinquennat, en laissant transpirer son envie de rester \u00e0 l&rsquo;Elys\u00e9e cinq ans de plus, sans toutefois officialiser sa candidature.<\/p>\n<p>Tout en dressant un tableau positif de son action, le chef de l&rsquo;Etat a reconnu avoir fait quelques erreurs et, surtout, \u00ab\u00a0avoir appris\u00a0\u00bb des diff\u00e9rentes crises qu&rsquo;il a affront\u00e9es depuis 2017.<\/p>\n<p>A quatre mois du premier tour de la pr\u00e9sidentielle, le 10 avril, Emmanuel Macron n&rsquo;a pas r\u00e9pondu, comme pr\u00e9vu, aux appels pressants des oppositions pour qu&rsquo;il entre enfin dans la course et cesse de mener campagne \u00ab\u00a0sans le dire\u00a0\u00bb.<\/p>\n<p>\u00ab\u00a0Certains sont en campagne, mais votre serviteur: non\u00a0\u00bb, assure-t-il, adressant tout de m\u00eame des piques \u00e0 des candidats d\u00e9j\u00e0 d\u00e9clar\u00e9s comme Val\u00e9rie P\u00e9cresse (LR) et Eric Zemmour, sans jamais les nommer.<\/p>\n<blockquote><p>Relanc\u00e9 \u00e0 plusieurs reprises sur son \u00e9ventuelle candidature, il assure ne pas \u00eatre \u00ab\u00a0aujourd&rsquo;hui dans la situation de r\u00e9pondre \u00e0 cette question, \u00e0 la fois compte tenu du pays (et) compte tenu de moi-m\u00eame\u00a0\u00bb.<\/p><\/blockquote>\n<p>Mais \u00ab\u00a0je n&rsquo;ai jamais pens\u00e9 qu&rsquo;on pouvait, en cinq ans, tout faire\u00a0\u00bb, nuance-t-il, en souhaitant \u00ab\u00a0continuer \u00e0 (se) projeter\u00a0\u00bb.<\/p>\n<p>\u00ab\u00a0Les Fran\u00e7aises et les Fran\u00e7ais m&rsquo;ont choisi (en 2017) et je n&rsquo;\u00e9tais pas connu. Nous avons appris \u00e0 nous conna\u00eetre, je n&rsquo;\u00e9tais pas familier de nos compatriotes\u00a0\u00bb, reconna\u00eet le jeune pr\u00e9sident, qui f\u00eatera ses 44 ans mardi prochain.<\/p>\n<p>\u00ab\u00a0Il y a quelqu&rsquo;un qui tranche, j&rsquo;assume\u00a0\u00bb, r\u00e9pond-il quand il est interrog\u00e9 par les journalistes Audrey Crespo-Mara de TF1 et Darius Rochebin de LCI sur sa mani\u00e8re de pr\u00e9sider, souvent qualifi\u00e9e de \u00ab\u00a0jupit\u00e9rienne\u00a0\u00bb.<\/p>\n<h3>\u00ab\u00a0Pas la loi de la jungle\u00a0\u00bb<\/h3>\n<p>Il demande \u00ab\u00a0le droit de ne pas \u00eatre la caricature dans laquelle on veut (l&rsquo;) enfermer\u00a0\u00bb, comme celles de pr\u00e9sident d\u00e9connect\u00e9 de la vraie vie des Fran\u00e7ais ou de pr\u00e9sident des riches. \u00ab\u00a0Je n&rsquo;ai jamais \u00e9t\u00e9 \u00e7a ! (&#8230;) Mes valeurs ne sont pas celles d&rsquo;un pr\u00e9sident des riches\u00a0\u00bb, insiste-t-il.<\/p>\n<p>Interrog\u00e9 sur ses \u00ab\u00a0petites phrases\u00a0\u00bb pol\u00e9miques du d\u00e9but du quinquennat, il reconna\u00eet qu&rsquo;il ne les redirait plus, m\u00eame si elles montraient qu&rsquo;il \u00e9tait \u00ab\u00a0arriv\u00e9 au pouvoir avec une forme de vitalit\u00e9\u00a0\u00bb et \u00ab\u00a0une volont\u00e9 de bousculer\u00a0\u00bb. \u00ab\u00a0J&rsquo;ai acquis, je crois pouvoir le dire, beaucoup plus de respect pour chacun\u00a0\u00bb, affirme-t-il.<\/p>\n<blockquote><p>Elu en 2017 avec la promesse de d\u00e9passer le clivage droite-gauche, Emmanuel Macron explique que son projet \u00e9tait b\u00e2ti sur \u00ab\u00a0le triptyque lib\u00e9rer\/prot\u00e9ger\/ unifier\u00a0\u00bb. \u00ab\u00a0Je ne crois pas dans la sauvagerie, je ne suis pas pour la loi de la jungle ! Je suis pour la responsabilit\u00e9, le m\u00e9rite, mais \u00e9galement l&rsquo;entraide et la solidarit\u00e9 lorsque les coups durs sont l\u00e0\u00a0\u00bb, d\u00e9taille-t-il.<\/p><\/blockquote>\n<p>Emmanuel Macron justifie ainsi le \u00ab\u00a0quoi qu&rsquo;il en co\u00fbte\u00a0\u00bb mis en place en 2020 apr\u00e8s l&rsquo;explosion de la pand\u00e9mie. Cette politique a \u00e9t\u00e9 possible \u00ab\u00a0parce que nous avions une cr\u00e9dibilit\u00e9, une solidit\u00e9, li\u00e9es aux r\u00e9formes du march\u00e9 du travail, \u00e0 l&rsquo;attractivit\u00e9 reb\u00e2tie\u00a0\u00bb.<\/p>\n<p>Stopp\u00e9e par la crise sanitaire, la r\u00e9forme des retraite devra \u00eatre relanc\u00e9e, a-t-il jug\u00e9, mais en allant \u00ab\u00a0vers un syst\u00e8me simplifi\u00e9\u00a0\u00bb avec \u00ab\u00a0grosso modo trois grands r\u00e9gimes\u00a0\u00bb, pour la fonction publique, pour les salari\u00e9s du priv\u00e9 et pour les ind\u00e9pendants. Il a reconnu que les faire passer de 42 \u00e0 un seul, comme il en avait l&rsquo;intention initialement, \u00e9tait \u00ab\u00a0trop anxiog\u00e8ne\u00a0\u00bb.<\/p>\n<p>Cette \u00e9mission intitul\u00e9e \u00ab\u00a0<strong>O\u00f9 va la France ?<\/strong>\u00ab\u00a0, enregistr\u00e9e dimanche dans la salle des f\u00eates de l&rsquo;Elys\u00e9e, a mis en fureur adversaires et partisans du pr\u00e9sident \u00e0 moins de quatre mois de la pr\u00e9sidentielle. L&rsquo;opposition a d\u00e9nonc\u00e9 une atteinte \u00e0 l'\u00a0\u00bb\u00e9quit\u00e9\u00a0\u00bb du temps de parole tandis que la majorit\u00e9 d\u00e9fendait le droit du pr\u00e9sident \u00e0 s&rsquo;expliquer face aux Fran\u00e7ais.<\/p>\n<p>Plusieurs pr\u00e9tendants \u00e0 l&rsquo;Elys\u00e9e ont fait appel \u00e0 l&rsquo;arbitre, en saisissant le Conseil sup\u00e9rieur de l&rsquo;audiovisuel (CSA).<\/p>\n<p>R\u00e9agissant \u00e0 chaud, le socialiste Boris Vallaud a d\u00e9clar\u00e9 voir dans cette \u00e9mission un \u00ab\u00a0confessionnal \u00e0 ciel ouvert et pas une id\u00e9e neuve\u00a0\u00bb.<\/p>\n<p>\u00ab\u00a0On \u00e9tait face \u00e0 un candidat\u00a0\u00bb, a comment\u00e9 Eric Ciotti (LR).<\/p>\n<p><strong>Eric Zemmour<\/strong> a raill\u00e9 le \u00ab\u00a0bilan catastrophique\u00a0\u00bb de M. Macron, \u00ab\u00a0l&rsquo;homme du grand remplacement et l&rsquo;homme du grand d\u00e9classement\u00a0\u00bb, alors que le pr\u00e9sident du RN Jordan Bardella a estim\u00e9 avoir \u00ab\u00a0entendu un num\u00e9ro d&rsquo;autosatisfaction\u00a0\u00bb d&rsquo;un pr\u00e9sident \u00ab\u00a0en campagne\u00a0\u00bb qui \u00ab\u00a0\u00e0 un moment va devoir r\u00e9pondre de son bilan\u00a0\u00bb. (AFP)<\/p>\n","protected":false},"excerpt":{"rendered":"<p>Des r\u00e9formes \u00e9conomiques au Covid-19 en passant par les \u00ab\u00a0gilets jaunes\u00ab\u00a0, le Pr\u00e9sident Emmanuel Macron a longuement d\u00e9fendu mercredi sur TF1 et LCI le bilan de son quinquennat, en laissant transpirer son envie de rester \u00e0 l&rsquo;Elys\u00e9e cinq ans de plus, sans toutefois officialiser sa candidature. Tout en dressant un tableau positif de son action, [&hellip;]<\/p>\n","protected":false},"author":1,"featured_media":10521,"comment_status":"open","ping_status":"closed","sticky":false,"template":"","format":"standard","meta":{"footnotes":""},"categories":[30],"tags":[2151,1707,2152],"class_list":["post-10520","post","type-post","status-publish","format-standard","has-post-thumbnail","hentry","category-actualite","tag-president-emmanuel-macron","tag-presidentielle-2022","tag-reformes-economiques"],"aioseo_notices":[],"_links":{"self":[{"href":"https:\/\/www.culturalusa.com\/news\/wp-json\/wp\/v2\/posts\/10520","targetHints":{"allow":["GET"]}}],"collection":[{"href":"https:\/\/www.culturalusa.com\/news\/wp-json\/wp\/v2\/posts"}],"about":[{"href":"https:\/\/www.culturalusa.com\/news\/wp-json\/wp\/v2\/types\/post"}],"author":[{"embeddable":true,"href":"https:\/\/www.culturalusa.com\/news\/wp-json\/wp\/v2\/users\/1"}],"replies":[{"embeddable":true,"href":"https:\/\/www.culturalusa.com\/news\/wp-json\/wp\/v2\/comments?post=10520"}],"version-history":[{"count":0,"href":"https:\/\/www.culturalusa.com\/news\/wp-json\/wp\/v2\/posts\/10520\/revisions"}],"wp:featuredmedia":[{"embeddable":true,"href":"https:\/\/www.culturalusa.com\/news\/wp-json\/wp\/v2\/media\/10521"}],"wp:attachment":[{"href":"https:\/\/www.culturalusa.com\/news\/wp-json\/wp\/v2\/media?parent=10520"}],"wp:term":[{"taxonomy":"category","embeddable":true,"href":"https:\/\/www.culturalusa.com\/news\/wp-json\/wp\/v2\/categories?post=10520"},{"taxonomy":"post_tag","embeddable":true,"href":"https:\/\/www.culturalusa.com\/news\/wp-json\/wp\/v2\/tags?post=10520"}],"curies":[{"name":"wp","href":"https:\/\/api.w.org\/{rel}","templated":true}]}}