{"id":10546,"date":"2022-01-08T11:16:11","date_gmt":"2022-01-08T10:16:11","guid":{"rendered":"https:\/\/www.culturalusa.com\/news\/?p=10546"},"modified":"2022-01-08T11:25:13","modified_gmt":"2022-01-08T10:25:13","slug":"lassemblee-nationale-se-penchent-sur-le-soutien-aux-travailleurs-independants","status":"publish","type":"post","link":"https:\/\/www.culturalusa.com\/news\/actualite\/lassemblee-nationale-se-penchent-sur-le-soutien-aux-travailleurs-independants\/","title":{"rendered":"L&rsquo;Assembl\u00e9e nationale se penche sur le soutien aux travailleurs ind\u00e9pendants"},"content":{"rendered":"<p>\u00ab\u00a0Un besoin imp\u00e9rieux de protection\u00a0\u00bb: <strong>les d\u00e9put\u00e9s examinent en d\u00e9but de semaine un projet de loi soutenant les travailleurs ind\u00e9pendants<\/strong> gr\u00e2ce \u00e0 un statut unique, la protection de leur patrimoine personnel ou encore un meilleur acc\u00e8s \u00e0 l&rsquo;assurance-ch\u00f4mage.<\/p>\n<p>Le texte, d\u00e9j\u00e0 adopt\u00e9 en premi\u00e8re lecture par le S\u00e9nat le 26 octobre, est inscrit lundi et mardi en s\u00e9ance pl\u00e9ni\u00e8re au Palais Bourbon.<\/p>\n<p>D\u00e9fendu initialement par Alain Griset, le ministre d\u00e9l\u00e9gu\u00e9 aux PME qui a d\u00e9missionn\u00e9 apr\u00e8s une condamnation pour avoir omis de d\u00e9clarer une partie de son patrimoine, le dossier est d\u00e9sormais pilot\u00e9 par son successeur Jean-Baptiste Lemoyne.<\/p>\n<h3>Le texte constitue \u00ab\u00a0la pierre angulaire\u00a0\u00bb du plan en faveur des trois millions de travailleurs ind\u00e9pendants annonc\u00e9 par le pr\u00e9sident Emmanuel Macron le 16 septembre, a soulign\u00e9 M. Lemoyne lors des travaux en commission.<\/h3>\n<p>Ce secteur dynamique &#8211; <strong>840.000 cr\u00e9ations d&rsquo;entreprises en 2020<\/strong>, soit 4% de plus qu&rsquo;en 2019 &#8211; a un \u00ab\u00a0besoin imp\u00e9rieux de protection et d&rsquo;accompagnement\u00a0\u00bb face aux risques inh\u00e9rents \u00e0 l&rsquo;activit\u00e9 ind\u00e9pendante, alourdis par la crise sanitaire, a-t-il soulign\u00e9.<\/p>\n<p>Le projet de loi pr\u00e9voit tout d&rsquo;abord la cr\u00e9ation d&rsquo;un statut unique de l&rsquo;entrepreneur individuel, protecteur du patrimoine personnel, une pr\u00e9occupation de longue date des ind\u00e9pendants.<\/p>\n<h3>Un texte attendu<\/h3>\n<p>Les entrepreneurs individuels seraient ainsi titulaires de deux patrimoines, l&rsquo;un professionnel, l&rsquo;autre personnel qui serait insaisissable en cas de d\u00e9faillance, alors qu&rsquo;aujourd&rsquo;hui seule la r\u00e9sidence principale est prot\u00e9g\u00e9e en cas de difficult\u00e9s.<\/p>\n<p>Des modifications du S\u00e9nat visant \u00e0 pr\u00e9ciser la d\u00e9marcation juridique des deux patrimoines et r\u00e9duire les d\u00e9rogations ont \u00e9t\u00e9 rejet\u00e9es en commission par les d\u00e9put\u00e9s au profit d&rsquo;un retour \u00e0 la r\u00e9daction initiale du projet.<\/p>\n<p>Ce point, objet d&rsquo;inqui\u00e9tudes \u00e0 droite et \u00e0 gauche notamment sur la possibilit\u00e9 pour les cr\u00e9anciers, en particulier les banques, de contourner la protection offerte par le nouveau statut, devrait \u00e0 nouveau \u00eatre au centre des d\u00e9bats.<\/p>\n<p>Pour tenir l&rsquo;engagement pr\u00e9sidentiel d&rsquo;ouvrir l&rsquo;assurance-ch\u00f4mage aux ind\u00e9pendants, le projet pr\u00e9voit des conditions \u00e9largies d&rsquo;acc\u00e8s \u00e0 l&rsquo;allocation des travailleurs ind\u00e9pendants (ATI).<\/p>\n<blockquote><p>Le projet de loi entend encore faciliter la transmission de l&rsquo;entreprise et simplifier le financement de la formation professionnelle.<\/p><\/blockquote>\n<p>Ce projet de loi \u00ab\u00a0fort attendu\u00a0\u00bb selon la co-rapporteure Marie-Christine Verdier-Jouclas (LREM), \u00ab\u00a0rompt avec le sentiment des ind\u00e9pendants que leur profession n&rsquo;\u00e9tait pas prise en consid\u00e9ration\u00a0\u00bb.<\/p>\n<p>Dans l&rsquo;opposition, le groupe UDI a fait savoir qu&rsquo;il \u00ab\u00a0accueillait favorablement\u00a0\u00bb ce texte. \u00ab\u00a0En favorisant la vie des entrepreneurs, nous favorisons la croissance\u00a0\u00bb, a d\u00e9clar\u00e9 Val\u00e9rie Six.<\/p>\n<p>Chez les socialistes, Marie-No\u00eblle Battistel a annonc\u00e9 des amendements visant \u00e0 \u00ab\u00a0am\u00e9liorer la protection du patrimoine, renforcer les filets de s\u00e9curit\u00e9 en cas de coup dur et faciliter l&rsquo;acc\u00e8s \u00e0 la formation\u00a0\u00bb.<\/p>\n<p>L&rsquo;ex\u00e9cutif vise une mise en oeuvre de l&rsquo;ensemble des mesures cette ann\u00e9e.<\/p>\n","protected":false},"excerpt":{"rendered":"<p>\u00ab\u00a0Un besoin imp\u00e9rieux de protection\u00a0\u00bb: les d\u00e9put\u00e9s examinent en d\u00e9but de semaine un projet de loi soutenant les travailleurs ind\u00e9pendants gr\u00e2ce \u00e0 un statut unique, la protection de leur patrimoine personnel ou encore un meilleur acc\u00e8s \u00e0 l&rsquo;assurance-ch\u00f4mage. Le texte, d\u00e9j\u00e0 adopt\u00e9 en premi\u00e8re lecture par le S\u00e9nat le 26 octobre, est inscrit lundi et [&hellip;]<\/p>\n","protected":false},"author":1,"featured_media":10547,"comment_status":"open","ping_status":"closed","sticky":false,"template":"","format":"standard","meta":{"footnotes":""},"categories":[30],"tags":[679,2049],"class_list":["post-10546","post","type-post","status-publish","format-standard","has-post-thumbnail","hentry","category-actualite","tag-assemblee-nationale","tag-travailleurs-independants"],"aioseo_notices":[],"_links":{"self":[{"href":"https:\/\/www.culturalusa.com\/news\/wp-json\/wp\/v2\/posts\/10546","targetHints":{"allow":["GET"]}}],"collection":[{"href":"https:\/\/www.culturalusa.com\/news\/wp-json\/wp\/v2\/posts"}],"about":[{"href":"https:\/\/www.culturalusa.com\/news\/wp-json\/wp\/v2\/types\/post"}],"author":[{"embeddable":true,"href":"https:\/\/www.culturalusa.com\/news\/wp-json\/wp\/v2\/users\/1"}],"replies":[{"embeddable":true,"href":"https:\/\/www.culturalusa.com\/news\/wp-json\/wp\/v2\/comments?post=10546"}],"version-history":[{"count":0,"href":"https:\/\/www.culturalusa.com\/news\/wp-json\/wp\/v2\/posts\/10546\/revisions"}],"wp:featuredmedia":[{"embeddable":true,"href":"https:\/\/www.culturalusa.com\/news\/wp-json\/wp\/v2\/media\/10547"}],"wp:attachment":[{"href":"https:\/\/www.culturalusa.com\/news\/wp-json\/wp\/v2\/media?parent=10546"}],"wp:term":[{"taxonomy":"category","embeddable":true,"href":"https:\/\/www.culturalusa.com\/news\/wp-json\/wp\/v2\/categories?post=10546"},{"taxonomy":"post_tag","embeddable":true,"href":"https:\/\/www.culturalusa.com\/news\/wp-json\/wp\/v2\/tags?post=10546"}],"curies":[{"name":"wp","href":"https:\/\/api.w.org\/{rel}","templated":true}]}}