{"id":10553,"date":"2022-01-10T14:23:29","date_gmt":"2022-01-10T13:23:29","guid":{"rendered":"https:\/\/www.culturalusa.com\/news\/?p=10553"},"modified":"2022-01-10T14:23:29","modified_gmt":"2022-01-10T13:23:29","slug":"rechauffement-climatique-record-sur-les-sept-dernieres-annees","status":"publish","type":"post","link":"https:\/\/www.culturalusa.com\/news\/technologie\/rechauffement-climatique-record-sur-les-sept-dernieres-annees\/","title":{"rendered":"R\u00e9chauffement climatique :  record sur les sept derni\u00e8res ann\u00e9es"},"content":{"rendered":"<p>De 2015 \u00e0 2021 ont \u00e9t\u00e9 de fa\u00e7on \u00ab\u00a0nette\u00a0\u00bb les plus chaudes ann\u00e9es jamais enregistr\u00e9es, confirmant l&rsquo;avanc\u00e9e du <strong>r\u00e9chauffement climatique<\/strong> avec des concentrations record de gaz \u00e0 effet de serre, a annonc\u00e9 lundi le service europ\u00e9en Copernicus d&rsquo;observation de la Terre.<\/p>\n<blockquote><p>Si 2021 n&rsquo;a \u00e9t\u00e9 \u00ab\u00a0que\u00a0\u00bb la cinqui\u00e8me plus chaude jamais enregistr\u00e9e, elle a subi les effets d\u00e9vastateurs du changement climatique: canicules exceptionnelles et meurtri\u00e8res en Am\u00e9rique du Nord et en Europe du Sud, incendies ravageurs au Canada ou en Sib\u00e9rie, vague de froid spectaculaire dans le centre des Etats-Unis ou pr\u00e9cipitations extr\u00eames en Chine et en Europe de l&rsquo;Ouest.<\/p><\/blockquote>\n<p>Malgr\u00e9 un niveau tir\u00e9 \u00e0 la baisse par le ph\u00e9nom\u00e8ne m\u00e9t\u00e9o La Nina, 2021 a tout de m\u00eame enregistr\u00e9 selon Copernicus une temp\u00e9rature moyenne sup\u00e9rieure de 1,1\u00b0C \u00e0 1,2\u00b0C par rapport \u00e0 l&rsquo;\u00e8re pr\u00e9-industrielle (1850-1900), comparaison de r\u00e9f\u00e9rence pour mesurer le r\u00e9chauffement caus\u00e9 par les \u00e9missions de gaz \u00e0 effet de serre issues de l&rsquo;activit\u00e9 humaine.<\/p>\n<h3>L&rsquo;objectif de l&rsquo;accord de Paris de 2015, contenir le r\u00e9chauffement \u00ab\u00a0nettement \u00a0\u00bb sous +2\u00b0C et si possible \u00e0 +1,5\u00b0C, est donc toujours aussi dangereusement proche.<\/h3>\n<p>En moyenne annuelle, 2021 se classe tr\u00e8s l\u00e9g\u00e8rement devant 2015 et 2018, l&rsquo;ann\u00e9e 2016 restant la plus chaude.<\/p>\n<p>Et les sept derni\u00e8res ann\u00e9es \u00ab\u00a0ont \u00e9t\u00e9 les plus chaudes jamais enregistr\u00e9es, d&rsquo;une marge nette\u00a0\u00bb, rel\u00e8ve l&rsquo;organisme europ\u00e9en.<\/p>\n<p>\u00ab\u00a0Il s&rsquo;agit d&rsquo;un rappel brutal de la n\u00e9cessit\u00e9 pour nous de changer, de prendre des mesures efficaces et d\u00e9cisives pour aller vers une soci\u00e9t\u00e9 durable et de travailler \u00e0 r\u00e9duire les \u00e9missions de carbone,\u00a0\u00bb a soulign\u00e9 Carlo Buontempo, directeur du service changement climatique de Copernicus.<\/p>\n<p>Car l&rsquo;agence a mesur\u00e9 pour 2021 des nouvelles concentrations record dans l&rsquo;atmosph\u00e8re des gaz \u00e0 effet de serre produits par l&rsquo;activit\u00e9 humaine et responsables du r\u00e9chauffement.<\/p>\n<p>Le CO2, de tr\u00e8s loin premier responsable du r\u00e9chauffement et qui provient principalement de la combustion de mati\u00e8res fossiles et de la production de ciment, a atteint le niveau record de 414,3 ppm (parties par million), selon les donn\u00e9es \u00ab\u00a0pr\u00e9liminaires\u00a0\u00bb de Copernicus.<\/p>\n<h3>\u00ab\u00a0Clou dans le cercueil\u00a0\u00bb<\/h3>\n<p>Pour 2020, malgr\u00e9 le ralentissement de l&rsquo;activit\u00e9 d\u00fb \u00e0 la pand\u00e9mie, l&rsquo;Organisation m\u00e9t\u00e9orologique mondiale (OMM, agence de l&rsquo;ONU) avait mesur\u00e9 cette concentration \u00e0 413,2 ppm , soit 149% sup\u00e9rieure au niveau pr\u00e9industriel.<\/p>\n<p>Copernicus traque \u00e9galement les rejets de m\u00e9thane, gaz \u00e0 effet de serre encore plus puissant que le CO2 mais qui subsiste moins longtemps dans l&rsquo;atmosph\u00e8re, dont environ 60% sont d&rsquo;origine humaine (\u00e9levage de ruminants, riziculture, d\u00e9charges, le reste provenant de sources naturelles comme les tourbi\u00e8res).<\/p>\n<p>Elles aussi ont \u00ab\u00a0continu\u00e9 \u00e0 augmenter en 2021 (&#8230;) atteignant une moyenne maximale sans pr\u00e9c\u00e9dent\u00a0\u00bb, selon l&rsquo;agence europ\u00e9enne, qui souligne toutefois que l&rsquo;origine de cette augmentation n&rsquo;est \u00ab\u00a0pas totalement comprise\u00a0\u00bb.<\/p>\n<blockquote><p>Lors de la conf\u00e9rence climat COP26 de novembre, une centaine de pays avaient rejoint une \u00ab\u00a0initiative\u00a0\u00bb visant \u00e0 r\u00e9duire de 30% les \u00e9missions de m\u00e9thane. Objectif qui pourrait, s&rsquo;il \u00e9tait tenu, rendre plus r\u00e9aliste le slogan martel\u00e9 lors de la conf\u00e9rence de Glasgow de \u00ab\u00a0maintenir en vie (l&rsquo;objectif de) 1,5 degr\u00e9\u00a0\u00bb.<\/p><\/blockquote>\n<p>Les engagements de r\u00e9duction d&rsquo;\u00e9missions pris par les diff\u00e9rents pays, en comptant ceux annonc\u00e9s \u00e0 l&rsquo;occasion de la COP26, laissent en effet le monde sur une trajectoire de r\u00e9chauffement de 2,7\u00b0C, niveau qualifi\u00e9 de \u00ab\u00a0catastrophique\u00a0\u00bb par l&rsquo;ONU.<\/p>\n<p>A l&rsquo;occasion de cette COP, l&rsquo;OMM avait d\u00e9j\u00e0 annonc\u00e9 que les sept ann\u00e9es depuis 2015 seraient probablement les plus chaudes jamais enregistr\u00e9s, avertissant que le climat mondial entrait de ce fait en \u00ab\u00a0terrain inconnu\u00a0\u00bb.<\/p>\n<p>\u00ab\u00a0C&rsquo;est un nouvel avertissement sur ce que nous faisons \u00e0 notre plan\u00e8te (et) nous avons d\u00e9sesp\u00e9r\u00e9ment besoin d&rsquo;actions v\u00e9ritables pour faire baisser les \u00e9missions\u00a0\u00bb, a comment\u00e9 lundi Sir Brian Hoskins, directeur de l&rsquo;Institut Grantham sur le changement climatique de l&rsquo;Imperial College de Londres. En soulignant qu&rsquo;il \u00ab\u00a0devient difficile de dire quelque chose de neuf \u00e0 chaque fois que nous voyons un nouveau clou plant\u00e9 dans le cercueil plan\u00e9taire\u00a0\u00bb. (AFP)<\/p>\n","protected":false},"excerpt":{"rendered":"<p>De 2015 \u00e0 2021 ont \u00e9t\u00e9 de fa\u00e7on \u00ab\u00a0nette\u00a0\u00bb les plus chaudes ann\u00e9es jamais enregistr\u00e9es, confirmant l&rsquo;avanc\u00e9e du r\u00e9chauffement climatique avec des concentrations record de gaz \u00e0 effet de serre, a annonc\u00e9 lundi le service europ\u00e9en Copernicus d&rsquo;observation de la Terre. Si 2021 n&rsquo;a \u00e9t\u00e9 \u00ab\u00a0que\u00a0\u00bb la cinqui\u00e8me plus chaude jamais enregistr\u00e9e, elle a subi [&hellip;]<\/p>\n","protected":false},"author":1,"featured_media":10182,"comment_status":"open","ping_status":"closed","sticky":false,"template":"","format":"standard","meta":{"footnotes":""},"categories":[6],"tags":[1592,208,356],"class_list":["post-10553","post","type-post","status-publish","format-standard","has-post-thumbnail","hentry","category-technologie","tag-accord-de-paris-climat","tag-climat","tag-rechauffement-climatique"],"aioseo_notices":[],"_links":{"self":[{"href":"https:\/\/www.culturalusa.com\/news\/wp-json\/wp\/v2\/posts\/10553","targetHints":{"allow":["GET"]}}],"collection":[{"href":"https:\/\/www.culturalusa.com\/news\/wp-json\/wp\/v2\/posts"}],"about":[{"href":"https:\/\/www.culturalusa.com\/news\/wp-json\/wp\/v2\/types\/post"}],"author":[{"embeddable":true,"href":"https:\/\/www.culturalusa.com\/news\/wp-json\/wp\/v2\/users\/1"}],"replies":[{"embeddable":true,"href":"https:\/\/www.culturalusa.com\/news\/wp-json\/wp\/v2\/comments?post=10553"}],"version-history":[{"count":0,"href":"https:\/\/www.culturalusa.com\/news\/wp-json\/wp\/v2\/posts\/10553\/revisions"}],"wp:featuredmedia":[{"embeddable":true,"href":"https:\/\/www.culturalusa.com\/news\/wp-json\/wp\/v2\/media\/10182"}],"wp:attachment":[{"href":"https:\/\/www.culturalusa.com\/news\/wp-json\/wp\/v2\/media?parent=10553"}],"wp:term":[{"taxonomy":"category","embeddable":true,"href":"https:\/\/www.culturalusa.com\/news\/wp-json\/wp\/v2\/categories?post=10553"},{"taxonomy":"post_tag","embeddable":true,"href":"https:\/\/www.culturalusa.com\/news\/wp-json\/wp\/v2\/tags?post=10553"}],"curies":[{"name":"wp","href":"https:\/\/api.w.org\/{rel}","templated":true}]}}