{"id":1056,"date":"2013-05-27T20:05:59","date_gmt":"2013-05-27T18:05:59","guid":{"rendered":"http:\/\/www.culturalusa.com\/news\/?p=1056"},"modified":"2025-01-21T14:05:40","modified_gmt":"2025-01-21T13:05:40","slug":"teresa-salgueiro-en-concert-a-bruxelles","status":"publish","type":"post","link":"https:\/\/www.culturalusa.com\/news\/culture\/teresa-salgueiro-en-concert-a-bruxelles\/","title":{"rendered":"Teresa Salgueiro en concert \u00e0 Bruxelles"},"content":{"rendered":"<h2>TERESA SALGUEIRO nous pr\u00e9sentera son dernier album \u00ab\u00a0O Misterio\u00a0\u00bb lors d&rsquo;un concert \u00e0 Bruxelles.<\/h2>\n<p>Ces derni\u00e8res ann\u00e9es <a href=\"https:\/\/www.culturalusa.com\/news\/media-gallery\/musique-albums\/teresa-salgueiro\/\">Teresa Salgueiro<\/a> est tr\u00e8s active dans le paysage musical portugais.<\/p>\n<p>Apr\u00e8s de nombreuses ann\u00e9es elle a \u00e9t\u00e9 la voix de <a href=\"https:\/\/www.culturalusa.com\/news\/media-gallery\/videos\/madredeus-ao-longe-o-mar\/\">Madredeus<\/a>, ensuite elle a d\u00e9cid\u00e9 \u00e0 sa mani\u00e8re une carri\u00e8re solo qui a abouti \u00e0 un nouvel album avec seulement leur propre mat\u00e9riel.<\/p>\n<p>M\u00eame si elle a fait ses premiers pas musicaux dans le monde du fado elle navigue depuis longtemps dans d&rsquo;autres \u00ab\u00a0seph\u00e8res\u00a0\u00bb, notamment en choisissant d&rsquo;autres instruments acoustiques dans le cadre de ses chansons. Radical N\u00e9anmoins, tous impr\u00e9gn\u00e9s de la \u00ab\u00a0saudade\u00a0\u00bb de la m\u00e9lancolie joyeuse qui caract\u00e9rise l&rsquo;esprit du Portugal.<\/p>\n<p>Dans ces 25 derni\u00e8res ann\u00e9es de d\u00e9vouement ininterrompu de la musique, culmine dans la cr\u00e9ation d&rsquo;un atelier de composition de pi\u00e8ces originales qui sont n\u00e9es de la rencontre avec des musiciens que Teresa a choisi. Pour la premi\u00e8re fois de sa carri\u00e8re, elle se consacre \u00e0 l&rsquo;\u00e9criture et \u00e0 la composition de tous les themes.<\/p>\n<p>Durant le mois d&rsquo;Ao\u00fbt 2011 Teresa et son groupe de musiciens se retirent au couvent \u00ab\u00a0Convento da Arr\u00e1bida\u00a0\u00bb, dans l&rsquo;environnement de la \u00ab\u00a0Serra\u00a0\u00bb. Dans une annexe du couvent, ils ont mont\u00e9 un studio d&rsquo;enregistrement o\u00f9 ils ont enregistr\u00e9 dix-sept chansons qui donnent lieu \u00e0 l&rsquo;album \u00ab\u00a0<strong>O Mist\u00e9rio<\/strong>\u00a0\u00bb (Le Myst\u00e8re).<\/p>\n<p>Teresa a invit\u00e9 Ant\u00f3nio Pinheiro da Silva, avec qui elle a partag\u00e9 les dix premi\u00e8res ann\u00e9es d&rsquo;enregistrements et de concerts de sa carri\u00e8re avec Madredeus, afin de co-produire ce nouvel album.<\/p>\n<p>La beaut\u00e9 myst\u00e9rieuse de cette voix chaude, envo\u00fbtante et mall\u00e9able \u00e0 souhait. Teresa Salgueiro restera la voix de Madredeus.<\/p>\n<p><strong>Rendez-vous \u00e0 l&rsquo;Ancienne Belgique \u00e0 Bruxelles!<\/strong><\/p>\n<p style=\"text-align: center;\"><script type=\"text\/javascript\"><!-- google_ad_client = \"ca-pub-2727717456356200\"; \/* CulturaLusa 468x60 *\/ google_ad_slot = \"2785499263\"; google_ad_width = 468; google_ad_height = 60; \/\/-->\n<\/script><br \/>\n<script type=\"text\/javascript\" src=\"https:\/\/pagead2.googlesyndication.com\/pagead\/show_ads.js\">\n<\/script><\/p>\n<hr \/>\n","protected":false},"excerpt":{"rendered":"<p>TERESA SALGUEIRO nous pr\u00e9sentera son dernier album \u00ab\u00a0O Misterio\u00a0\u00bb lors d&rsquo;un concert \u00e0 Bruxelles. Ces derni\u00e8res ann\u00e9es Teresa Salgueiro est tr\u00e8s active dans le paysage musical portugais. Apr\u00e8s de nombreuses ann\u00e9es elle a \u00e9t\u00e9 la voix de Madredeus, ensuite elle a d\u00e9cid\u00e9 \u00e0 sa mani\u00e8re une carri\u00e8re solo qui a abouti \u00e0 un nouvel album [&hellip;]<\/p>\n","protected":false},"author":1,"featured_media":6162,"comment_status":"open","ping_status":"closed","sticky":false,"template":"","format":"standard","meta":{"footnotes":""},"categories":[4],"tags":[1118,977],"class_list":["post-1056","post","type-post","status-publish","format-standard","has-post-thumbnail","hentry","category-culture","tag-madredeus","tag-teresa-salgueiro"],"aioseo_notices":[],"_links":{"self":[{"href":"https:\/\/www.culturalusa.com\/news\/wp-json\/wp\/v2\/posts\/1056","targetHints":{"allow":["GET"]}}],"collection":[{"href":"https:\/\/www.culturalusa.com\/news\/wp-json\/wp\/v2\/posts"}],"about":[{"href":"https:\/\/www.culturalusa.com\/news\/wp-json\/wp\/v2\/types\/post"}],"author":[{"embeddable":true,"href":"https:\/\/www.culturalusa.com\/news\/wp-json\/wp\/v2\/users\/1"}],"replies":[{"embeddable":true,"href":"https:\/\/www.culturalusa.com\/news\/wp-json\/wp\/v2\/comments?post=1056"}],"version-history":[{"count":2,"href":"https:\/\/www.culturalusa.com\/news\/wp-json\/wp\/v2\/posts\/1056\/revisions"}],"predecessor-version":[{"id":13200,"href":"https:\/\/www.culturalusa.com\/news\/wp-json\/wp\/v2\/posts\/1056\/revisions\/13200"}],"wp:featuredmedia":[{"embeddable":true,"href":"https:\/\/www.culturalusa.com\/news\/wp-json\/wp\/v2\/media\/6162"}],"wp:attachment":[{"href":"https:\/\/www.culturalusa.com\/news\/wp-json\/wp\/v2\/media?parent=1056"}],"wp:term":[{"taxonomy":"category","embeddable":true,"href":"https:\/\/www.culturalusa.com\/news\/wp-json\/wp\/v2\/categories?post=1056"},{"taxonomy":"post_tag","embeddable":true,"href":"https:\/\/www.culturalusa.com\/news\/wp-json\/wp\/v2\/tags?post=1056"}],"curies":[{"name":"wp","href":"https:\/\/api.w.org\/{rel}","templated":true}]}}