{"id":1059,"date":"2013-06-01T23:00:59","date_gmt":"2013-06-01T21:00:59","guid":{"rendered":"http:\/\/www.culturalusa.com\/news\/?p=1059"},"modified":"2013-06-02T17:42:09","modified_gmt":"2013-06-02T15:42:09","slug":"des-milliers-de-personnes-defilent-au-portugal-contre-la-rigueur","status":"publish","type":"post","link":"https:\/\/www.culturalusa.com\/news\/economie\/des-milliers-de-personnes-defilent-au-portugal-contre-la-rigueur\/","title":{"rendered":"Des milliers de personnes d\u00e9filent au Portugal contre la rigueur"},"content":{"rendered":"<figure id=\"attachment_1060\" aria-describedby=\"caption-attachment-1060\" style=\"width: 467px\" class=\"wp-caption aligncenter\"><img loading=\"lazy\" decoding=\"async\" src=\"http:\/\/www.culturalusa.com\/news\/wp-content\/uploads\/2013\/06\/manif-portugal-01-06-2013.jpg\" alt=\"Les portugais dans la rue contra la Troika (Portugueses na rua contra a troika: &quot;Fora daqui!&quot;)\" width=\"467\" height=\"349\" class=\"size-full wp-image-1060\" srcset=\"https:\/\/www.culturalusa.com\/news\/wp-content\/uploads\/2013\/06\/manif-portugal-01-06-2013.jpg 467w, https:\/\/www.culturalusa.com\/news\/wp-content\/uploads\/2013\/06\/manif-portugal-01-06-2013-275x206.jpg 275w\" sizes=\"auto, (max-width: 467px) 100vw, 467px\" \/><figcaption id=\"caption-attachment-1060\" class=\"wp-caption-text\">Les portugais dans la rue contra la Troika (Portugueses na rua contra a troika: \u00ab\u00a0Fora daqui!\u00a0\u00bb)<\/figcaption><\/figure>Cartons rouges, chants et sifflements ont marqu\u00e9 les manifestations contre l\u2019aust\u00e9rit\u00e9 qui ont rassembl\u00e9 des milliers de personnes samedi apr\u00e8s-midi \u00e0 Lisbonne et dans les principales autres villes portugaises contre les mesures d\u2019aust\u00e9rit\u00e9 mises en oeuvre au Portugal depuis deux ans.<\/p>\n<p>\u201cBasta!\u201d, \u201cTro\u00efka dehors!\u201d \u201cGouvernement d\u00e9mission!\u201d, \u201cRespect!\u201d, avaient \u00e9crit sur des pancartes des protestataires, qui sifflaient et brandissaient des cartons rouges devant la repr\u00e9sentation du Fonds mon\u00e9taire international (FMI) \u00e0 Lisbonne, sur l\u2019une des principales art\u00e8res de la capitale o\u00f9 la circulation automobile avait \u00e9t\u00e9 coup\u00e9e.<\/p>\n<p>\u201cTro\u00efka, gouvernement dehors!\u201d, \u201carr\u00eatons cette politique!\u201d, scandaient \u00e9galement les manifestants contre le programme de rigueur impos\u00e9 depuis deux ans par la tro\u00efka des cr\u00e9anciers du Portugal, \u00e0 savoir l\u2019Union europ\u00e9enne, la Banque centrale europ\u00e9enne et le FMI, en \u00e9change d\u2019une aide financi\u00e8re de 78 milliards d\u2019euros.<\/p>\n<p>Les protestataires, qui ont d\u00e9fil\u00e9 \u00e0 l\u2019appel du mouvement apolitique \u201cQue se lixe a troika\u201d (\u201cQue la tro\u00efka aille se faire voir\u201d) et de plusieurs collectifs de citoyens, ont \u00e9galement entonn\u00e9 \u201cGrandola Vila Morena\u201d : cet hymne de la r\u00e9volution des oeillets, qui avait renvers\u00e9 en 1974 la dictature salazariste, est r\u00e9guli\u00e8rement repris pendant des manifestations contre l\u2019aust\u00e9rit\u00e9.<\/p>\n<p>\u201cJe ne suis pas responsable de leurs erreurs. C\u2019est injuste d\u2019entendre ensuite que certains gardent leurs privil\u00e8ges tandis que la population doit se serrer la ceinture!\u201d, a confi\u00e9 \u00e0 l\u2019AFP Manuel Oliveira, agent de s\u00e9curit\u00e9.<\/p>\n<p>\u201cIl faut que \u00e7a cesse. Malheureusement, je crois qu\u2019il ne nous reste plus qu\u2018\u00e0 faire la r\u00e9volution. Ces manifestations n\u2019y changeront rien\u201d, a affirm\u00e9 pour sa part une retrait\u00e9e lisbo\u00e8te qui tenaient une pancarte r\u00e9clamant le d\u00e9part de la tro\u00efka.<\/p>\n<p style=\"text-align:center;\"><script type=\"text\/javascript\"><!--\ngoogle_ad_client = \"ca-pub-2727717456356200\";\n\/* CulturaLusa 468x60 *\/\ngoogle_ad_slot = \"2785499263\";\ngoogle_ad_width = 468;\ngoogle_ad_height = 60;\n\/\/-->\n<\/script><br \/>\n<script type=\"text\/javascript\"\nsrc=\"http:\/\/pagead2.googlesyndication.com\/pagead\/show_ads.js\">\n<\/script><\/p>\n<p>Des repr\u00e9sentants des principaux partis d\u2019extr\u00eame gauche se sont \u00e9galement joints aux manifestants \u00e0 Lisbonne.<\/p>\n<p>\u201cCe jour a une symbolique et une force particuli\u00e8res car il rassemble des pays europ\u00e9ens, les peuples d\u2019Europe, dans la lutte contre le chantage de la finance et la tro\u00efka\u201d, a d\u00e9clar\u00e9 Catarina Martins, coordinatrice du Bloc de gauche.<\/p>\n<p>Arm\u00e9nio Carlos, secr\u00e9taire g\u00e9n\u00e9ral de la CGTP, principal syndicat portugais qui a annonc\u00e9 vendredi une gr\u00e8ve g\u00e9n\u00e9rale pour le 27 juin prochain, a \u00e9galement d\u00e9fil\u00e9 samedi dans la capitale portugaise.<\/p>\n<p>A Lisbonne, il n\u2019y a pas eu d\u2018\u00e9valuations du nombre des manifestants, mais \u00e0 Porto, la capitale du nord du pays, ils \u00e9taient pr\u00e8s de mille, selon la police, et 3.000 selon les organisateurs, \u00e0 battre le pav\u00e9 contre l\u2019aust\u00e9rit\u00e9.<\/p>\n<p>A l\u2019instar des principales villes portugaises, des manifestation conte l\u2019aust\u00e9rit\u00e9 ont aussi eu lieu \u00e0 Francfort, \u00e0 Madrid et dans plusieurs autres villes europ\u00e9ennes. (AFP)<\/p>\n","protected":false},"excerpt":{"rendered":"<p>Cartons rouges, chants et sifflements ont marqu\u00e9 les manifestations contre l\u2019aust\u00e9rit\u00e9 qui ont rassembl\u00e9 des milliers de personnes samedi apr\u00e8s-midi \u00e0 Lisbonne et dans les principales autres villes portugaises contre les mesures d\u2019aust\u00e9rit\u00e9 mises en oeuvre au Portugal depuis deux ans. \u201cBasta!\u201d, \u201cTro\u00efka dehors!\u201d \u201cGouvernement d\u00e9mission!\u201d, \u201cRespect!\u201d, avaient \u00e9crit sur des pancartes des protestataires, qui [&hellip;]<\/p>\n","protected":false},"author":1,"featured_media":0,"comment_status":"open","ping_status":"closed","sticky":false,"template":"","format":"standard","meta":{"footnotes":""},"categories":[1],"tags":[],"class_list":["post-1059","post","type-post","status-publish","format-standard","hentry","category-economie"],"aioseo_notices":[],"_links":{"self":[{"href":"https:\/\/www.culturalusa.com\/news\/wp-json\/wp\/v2\/posts\/1059","targetHints":{"allow":["GET"]}}],"collection":[{"href":"https:\/\/www.culturalusa.com\/news\/wp-json\/wp\/v2\/posts"}],"about":[{"href":"https:\/\/www.culturalusa.com\/news\/wp-json\/wp\/v2\/types\/post"}],"author":[{"embeddable":true,"href":"https:\/\/www.culturalusa.com\/news\/wp-json\/wp\/v2\/users\/1"}],"replies":[{"embeddable":true,"href":"https:\/\/www.culturalusa.com\/news\/wp-json\/wp\/v2\/comments?post=1059"}],"version-history":[{"count":0,"href":"https:\/\/www.culturalusa.com\/news\/wp-json\/wp\/v2\/posts\/1059\/revisions"}],"wp:attachment":[{"href":"https:\/\/www.culturalusa.com\/news\/wp-json\/wp\/v2\/media?parent=1059"}],"wp:term":[{"taxonomy":"category","embeddable":true,"href":"https:\/\/www.culturalusa.com\/news\/wp-json\/wp\/v2\/categories?post=1059"},{"taxonomy":"post_tag","embeddable":true,"href":"https:\/\/www.culturalusa.com\/news\/wp-json\/wp\/v2\/tags?post=1059"}],"curies":[{"name":"wp","href":"https:\/\/api.w.org\/{rel}","templated":true}]}}