{"id":10649,"date":"2022-01-18T19:41:59","date_gmt":"2022-01-18T18:41:59","guid":{"rendered":"https:\/\/www.culturalusa.com\/news\/?p=10649"},"modified":"2022-01-18T19:41:59","modified_gmt":"2022-01-18T18:41:59","slug":"selon-loms-la-pandemie-de-covid-19-est-loin-detre-terminee","status":"publish","type":"post","link":"https:\/\/www.culturalusa.com\/news\/monde\/selon-loms-la-pandemie-de-covid-19-est-loin-detre-terminee\/","title":{"rendered":"Selon l&rsquo;OMS, la pand\u00e9mie de Covid-19 \u00ab\u00a0est loin d&rsquo;\u00eatre termin\u00e9e\u00a0\u00bb"},"content":{"rendered":"<p>La pand\u00e9mie de Covid-19 \u00ab\u00a0est loin d&rsquo;\u00eatre termin\u00e9e\u00a0\u00bb, a averti le directeur g\u00e9n\u00e9ral de l&rsquo;Organisation mondiale de la sant\u00e9 (OMS), mettant en garde contre l&rsquo;id\u00e9e que le variant Omicron est b\u00e9nin.<\/p>\n<blockquote><p>\u00ab\u00a0Omicron continue de d\u00e9ferler sur la plan\u00e8te. (&#8230;) Ne vous m\u00e9prenez pas, Omicron provoque des hospitalisations et des d\u00e9c\u00e8s, et m\u00eame les cas les moins graves submergent les \u00e9tablissements de sant\u00e9\u00a0\u00bb, a d\u00e9clar\u00e9 Tedros Adhanom Ghebreyesus en conf\u00e9rence de presse \u00e0 Gen\u00e8ve (Suisse).<\/p><\/blockquote>\n<h3>\u00ab\u00a0Cette pand\u00e9mie est loin d&rsquo;\u00eatre termin\u00e9e et compte tenu de l&rsquo;incroyable croissance d&rsquo;Omicron dans le monde, il est probable que de nouveaux variants vont appara\u00eetre\u00a0\u00bb, a-t-il ajout\u00e9.<\/h3>\n<p>Le 11 janvier, l&rsquo;Agence europ\u00e9enne des m\u00e9dicaments (EMA) avait estim\u00e9 que bien que la maladie soit toujours en phase de pand\u00e9mie, la propagation du variant Omicron allait transformer le Covid-19 en une maladie end\u00e9mique avec laquelle l&rsquo;humanit\u00e9 peut apprendre \u00e0 vivre.<\/p>\n<p>\u00ab\u00a0Avec l&rsquo;augmentation de l&rsquo;immunit\u00e9 dans la population &#8211; et avec Omicron, il y aura beaucoup d&rsquo;immunit\u00e9 naturelle en plus de la vaccination -, nous avancerons rapidement vers un sc\u00e9nario qui sera plus proche de l&rsquo;end\u00e9micit\u00e9\u00a0\u00bb, avait d\u00e9clar\u00e9 Marco Cavaleri, chef de la strat\u00e9gie vaccinale de l&rsquo;EMA, bas\u00e9e \u00e0 Amsterdam.<\/p>\n<p>D&rsquo;autres ont \u00e9galement \u00e9voqu\u00e9 \u00ab\u00a0le d\u00e9but de la fin\u00a0\u00bb de la pand\u00e9mie avec Omicron.<\/p>\n<p>Mais le patron de l&rsquo;OMS se montre bien plus prudent: \u00ab\u00a0Dans certains pays, les cas de Covid semblent avoir atteint un pic, ce qui laisse esp\u00e9rer que le pire de cette derni\u00e8re vague est pass\u00e9, mais aucun pays n&rsquo;est encore sorti d&rsquo;affaire\u00a0\u00bb.<\/p>\n<p>Il s&rsquo;est montr\u00e9 particuli\u00e8rement pr\u00e9occup\u00e9 par le fait que de nombreux pays ont de faibles taux de vaccination contre le Covid.<\/p>\n<p>\u00ab\u00a0Omicron est peut-\u00eatre moins grave en moyenne, mais le r\u00e9cit selon lequel il s&rsquo;agit d&rsquo;une maladie b\u00e9nigne est trompeur (et) nuit \u00e0 la r\u00e9ponse globale et co\u00fbte plus de vies\u00a0\u00bb, a estim\u00e9 le Dr Tedros.<\/p>\n<h3>Ne pas \u00ab\u00a0baisser les bras\u00a0\u00bb<\/h3>\n<p>Il a estim\u00e9 que \u00ab\u00a0ce n&rsquo;est pas le moment de baisser les bras et d&rsquo;agiter le drapeau blanc\u00a0\u00bb, car il est encore \u00ab\u00a0possible de r\u00e9duire consid\u00e9rablement l&rsquo;impact de la vague actuelle\u00a0\u00bb gr\u00e2ce aux mesures de sant\u00e9 publique et aux vaccins.<\/p>\n<p>Car, a-t-il dit, \u00ab\u00a0les vaccins sont peut-\u00eatre moins efficaces pour pr\u00e9venir l&rsquo;infection d&rsquo;Omicron, et sa transmission, qu&rsquo;ils ne l&rsquo;\u00e9taient face aux variants pr\u00e9c\u00e9dents, mais ils restent exceptionnellement efficaces pour pr\u00e9venir les formes graves de la maladie et les d\u00e9c\u00e8s\u00a0\u00bb.<\/p>\n<p>La semaine derni\u00e8re, le Groupe consultatif technique de l&rsquo;OMS sur la composition des vaccins contre le Covid a estim\u00e9 qu'\u00a0\u00bbil serait bon\u00a0\u00bb de mettre au point des vaccins qui, en plus de pr\u00e9venir les formes graves de la maladie et les d\u00e9c\u00e8s, ont un impact marqu\u00e9 sur la pr\u00e9vention des infections et sur la transmission.<\/p>\n<p>En attendant que ces vaccins soient disponibles, ces experts demandent une mise \u00e0 jour de la composition des vaccins actuels \u00ab\u00a0pour s&rsquo;assurer qu&rsquo;ils continuent d&rsquo;offrir les niveaux de protection recommand\u00e9s par l&rsquo;OMS\u00a0\u00bb, y compris contre Omicron et les futurs variants.<\/p>\n<p>Mardi, Soumya Swaminathan, scientifique en chef \u00e0 l&rsquo;OMS, a soulign\u00e9 qu&rsquo;il ne fallait pas attendre la mise sur le march\u00e9 de vaccins sp\u00e9cifiques \u00e0 Omicron pour se faire vacciner, car les vaccins actuels sont \u00ab\u00a0efficaces\u00a0\u00bb.<\/p>\n<p>\u00ab\u00a0Certes, avoir des vaccins sp\u00e9cifiques contre des variants est une approche, mais une meilleure approche pourrait \u00eatre d&rsquo;avoir des vaccins polyvalents\u00a0\u00bb, a-t-elle dit.<\/p>\n<p>A ses c\u00f4t\u00e9s, Michael Ryan, charg\u00e9 des situations d&rsquo;urgence sanitaire \u00e0 l&rsquo;OMS, a pour sa part soulign\u00e9 qu&rsquo;il \u00e9tait difficile de comparer les strat\u00e9gies nationales.<\/p>\n<p>Mais, a-t-il dit, \u00ab\u00a0je pr\u00e9f\u00e9rerais de loin \u00eatre dans une situation o\u00f9 la grande majorit\u00e9 de la population n&rsquo;a jamais \u00e9t\u00e9 infect\u00e9e par le Covid et atteint maintenant des niveaux \u00e9lev\u00e9s de protection vaccinale\u00a0\u00bb. (AFP)<\/p>\n","protected":false},"excerpt":{"rendered":"<p>La pand\u00e9mie de Covid-19 \u00ab\u00a0est loin d&rsquo;\u00eatre termin\u00e9e\u00a0\u00bb, a averti le directeur g\u00e9n\u00e9ral de l&rsquo;Organisation mondiale de la sant\u00e9 (OMS), mettant en garde contre l&rsquo;id\u00e9e que le variant Omicron est b\u00e9nin. \u00ab\u00a0Omicron continue de d\u00e9ferler sur la plan\u00e8te. (&#8230;) Ne vous m\u00e9prenez pas, Omicron provoque des hospitalisations et des d\u00e9c\u00e8s, et m\u00eame les cas les [&hellip;]<\/p>\n","protected":false},"author":1,"featured_media":10650,"comment_status":"open","ping_status":"closed","sticky":false,"template":"","format":"standard","meta":{"footnotes":""},"categories":[1372],"tags":[1214,1298,1823,2176],"class_list":["post-10649","post","type-post","status-publish","format-standard","has-post-thumbnail","hentry","category-monde","tag-covid-19","tag-oms","tag-pandemie-mondiale","tag-tedros-adhanom-ghebreyesus"],"aioseo_notices":[],"_links":{"self":[{"href":"https:\/\/www.culturalusa.com\/news\/wp-json\/wp\/v2\/posts\/10649","targetHints":{"allow":["GET"]}}],"collection":[{"href":"https:\/\/www.culturalusa.com\/news\/wp-json\/wp\/v2\/posts"}],"about":[{"href":"https:\/\/www.culturalusa.com\/news\/wp-json\/wp\/v2\/types\/post"}],"author":[{"embeddable":true,"href":"https:\/\/www.culturalusa.com\/news\/wp-json\/wp\/v2\/users\/1"}],"replies":[{"embeddable":true,"href":"https:\/\/www.culturalusa.com\/news\/wp-json\/wp\/v2\/comments?post=10649"}],"version-history":[{"count":0,"href":"https:\/\/www.culturalusa.com\/news\/wp-json\/wp\/v2\/posts\/10649\/revisions"}],"wp:featuredmedia":[{"embeddable":true,"href":"https:\/\/www.culturalusa.com\/news\/wp-json\/wp\/v2\/media\/10650"}],"wp:attachment":[{"href":"https:\/\/www.culturalusa.com\/news\/wp-json\/wp\/v2\/media?parent=10649"}],"wp:term":[{"taxonomy":"category","embeddable":true,"href":"https:\/\/www.culturalusa.com\/news\/wp-json\/wp\/v2\/categories?post=10649"},{"taxonomy":"post_tag","embeddable":true,"href":"https:\/\/www.culturalusa.com\/news\/wp-json\/wp\/v2\/tags?post=10649"}],"curies":[{"name":"wp","href":"https:\/\/api.w.org\/{rel}","templated":true}]}}