{"id":10652,"date":"2022-01-20T18:29:46","date_gmt":"2022-01-20T17:29:46","guid":{"rendered":"https:\/\/www.culturalusa.com\/news\/?p=10652"},"modified":"2022-01-20T18:29:46","modified_gmt":"2022-01-20T17:29:46","slug":"europe-les-eurodeputes-ont-vote-pour-mettre-fin-au-far-west-numerique","status":"publish","type":"post","link":"https:\/\/www.culturalusa.com\/news\/politique\/europe-les-eurodeputes-ont-vote-pour-mettre-fin-au-far-west-numerique\/","title":{"rendered":"Europe : les eurod\u00e9put\u00e9s ont vot\u00e9 pour mettre fin au \u00ab\u00a0far-west num\u00e9rique\u00a0\u00bb"},"content":{"rendered":"<p>Le <strong>Parlement europ\u00e9en<\/strong> a adopt\u00e9 sa position sur le projet de l\u00e9gislation sur les <strong>services num\u00e9riques<\/strong>, un texte qui doit permettre de mieux r\u00e9guler le fonctionnement des plateformes et de bannir les contenus ill\u00e9gaux en ligne.<\/p>\n<blockquote><p>Les eurod\u00e9put\u00e9s ont vot\u00e9, \u00e0 530 voix contre 78 (et 80 abstentions), en faveur d&rsquo;une version amend\u00e9e du \u00ab\u00a0R\u00e8glement sur les services num\u00e9riques\u00a0\u00bb (\u00ab\u00a0Digital Services Act\u00a0\u00bb, DSA), un texte pr\u00e9sent\u00e9 en d\u00e9cembre 2020 par la Commission europ\u00e9enne, qu&rsquo;ils ont compl\u00e9t\u00e9 sur certains aspects.<\/p><\/blockquote>\n<p>\u00ab\u00a0<strong>Nous reprenons le contr\u00f4le sur les g\u00e9ants de l&rsquo;internet<\/strong>\u00ab\u00a0, s&rsquo;\u00e9tait r\u00e9jouie la rapporteur du texte, l&rsquo;eurod\u00e9put\u00e9e Christel Schaldemose (groupe Socialistes et D\u00e9mocrates), lors du d\u00e9bat sur ce texte mercredi. \u00ab\u00a0Avec le DSA, nous allons mener un combat de fond contre le far-west qu&rsquo;est devenu le monde num\u00e9rique\u00a0\u00bb.<\/p>\n<p>\u00ab\u00a0L&rsquo;absence de contr\u00f4le sur les d\u00e9cisions d&rsquo;une poign\u00e9e de grandes plateformes n&rsquo;\u00e9tait plus tol\u00e9rable\u00a0\u00bb, avait rench\u00e9ri Thierry Breton, le commissaire europ\u00e9en au march\u00e9 int\u00e9rieur. \u00ab\u00a0Nous allons cr\u00e9er un syst\u00e8me innovant, avec un principe simple : tout ce qui est interdit +offline+ est interdit +online+\u00a0\u00bb.<\/p>\n<p>Ce projet de l\u00e9gislation doit moderniser la r\u00e8glementation europ\u00e9enne applicable aux services num\u00e9riques, qui date de 2000, une \u00e9poque o\u00f9 les r\u00e9seaux sociaux et les smartphones n&rsquo;existaient pas.<\/p>\n<h3>Le texte vise \u00e0 obliger les mastodontes comme Google, Facebook et Amazon \u00e0 s&rsquo;attaquer aux contenus illicites (incitation \u00e0 la haine, d\u00e9sinformation&#8230;) et \u00e0 contr\u00f4ler les biens vendus sur leurs plateformes (contrefa\u00e7ons, produits dangereux&#8230;).<\/h3>\n<p>Il impose \u00e9galement une \u00ab\u00a0transparence renforc\u00e9e\u00a0\u00bb sur les algorithmes utilis\u00e9s par ces plateformes. Il pr\u00e9voit aussi d&rsquo;instaurer des garde-fous pour rep\u00e9rer les abus sexuels ou les images diffus\u00e9es sans le consentement des personnes dans les contenus pornographiques diffus\u00e9s par des usagers sur des plateformes.<\/p>\n<p>Les entreprises qui violeront ces dispositions pourront se voir infliger des amendes allant jusqu&rsquo;\u00e0 6% de leur chiffre d&rsquo;affaires annuel.<\/p>\n<p>Les eurod\u00e9put\u00e9s ont compl\u00e9t\u00e9 le texte de la Commission pour mettre fin \u00e0 la collecte des donn\u00e9es utilis\u00e9es \u00e0 des fins de ciblage des mineurs ou de personnes vuln\u00e9rables, ou introduire une proc\u00e9dure de d\u00e9dommagement des usagers l\u00e9s\u00e9s par des plateformes.<\/p>\n<p>Apr\u00e8s le vote du texte au Parlement europ\u00e9en, une d\u00e9licate phase de n\u00e9gociations s&rsquo;engage d\u00e9sormais avec les \u00c9tats membres, afin d&rsquo;aboutir \u00e0 une version finale du texte qui sera de nouveau soumise au vote des eurod\u00e9put\u00e9s.<\/p>\n<p>\u00ab\u00a0La bataille n&rsquo;est pas finie\u00a0\u00bb, a r\u00e9agi l&rsquo;eurod\u00e9put\u00e9 \u00e9cologiste David Cormand. \u00ab\u00a0Nous devons nous montrer plus ambitieux lorsqu&rsquo;il s&rsquo;agit de s&rsquo;attaquer aux algorithmes manipulateurs et aux mod\u00e8les \u00e9conomiques de division des Big Tech\u00a0\u00bb, a-t-il ajout\u00e9, appelant de ses voeux un texte plus protecteur.<\/p>\n","protected":false},"excerpt":{"rendered":"<p>Le Parlement europ\u00e9en a adopt\u00e9 sa position sur le projet de l\u00e9gislation sur les services num\u00e9riques, un texte qui doit permettre de mieux r\u00e9guler le fonctionnement des plateformes et de bannir les contenus ill\u00e9gaux en ligne. Les eurod\u00e9put\u00e9s ont vot\u00e9, \u00e0 530 voix contre 78 (et 80 abstentions), en faveur d&rsquo;une version amend\u00e9e du \u00ab\u00a0R\u00e8glement [&hellip;]<\/p>\n","protected":false},"author":1,"featured_media":10653,"comment_status":"open","ping_status":"closed","sticky":false,"template":"","format":"standard","meta":{"footnotes":""},"categories":[1494],"tags":[2042,85,2178,252,2177],"class_list":["post-10652","post","type-post","status-publish","format-standard","has-post-thumbnail","hentry","category-politique","tag-eurodeputes","tag-europe","tag-far-west-numerique","tag-parlement-europeen","tag-services-numeriques"],"aioseo_notices":[],"_links":{"self":[{"href":"https:\/\/www.culturalusa.com\/news\/wp-json\/wp\/v2\/posts\/10652","targetHints":{"allow":["GET"]}}],"collection":[{"href":"https:\/\/www.culturalusa.com\/news\/wp-json\/wp\/v2\/posts"}],"about":[{"href":"https:\/\/www.culturalusa.com\/news\/wp-json\/wp\/v2\/types\/post"}],"author":[{"embeddable":true,"href":"https:\/\/www.culturalusa.com\/news\/wp-json\/wp\/v2\/users\/1"}],"replies":[{"embeddable":true,"href":"https:\/\/www.culturalusa.com\/news\/wp-json\/wp\/v2\/comments?post=10652"}],"version-history":[{"count":0,"href":"https:\/\/www.culturalusa.com\/news\/wp-json\/wp\/v2\/posts\/10652\/revisions"}],"wp:featuredmedia":[{"embeddable":true,"href":"https:\/\/www.culturalusa.com\/news\/wp-json\/wp\/v2\/media\/10653"}],"wp:attachment":[{"href":"https:\/\/www.culturalusa.com\/news\/wp-json\/wp\/v2\/media?parent=10652"}],"wp:term":[{"taxonomy":"category","embeddable":true,"href":"https:\/\/www.culturalusa.com\/news\/wp-json\/wp\/v2\/categories?post=10652"},{"taxonomy":"post_tag","embeddable":true,"href":"https:\/\/www.culturalusa.com\/news\/wp-json\/wp\/v2\/tags?post=10652"}],"curies":[{"name":"wp","href":"https:\/\/api.w.org\/{rel}","templated":true}]}}