{"id":10659,"date":"2022-01-22T12:20:27","date_gmt":"2022-01-22T11:20:27","guid":{"rendered":"https:\/\/www.culturalusa.com\/news\/?p=10659"},"modified":"2022-01-22T12:20:27","modified_gmt":"2022-01-22T11:20:27","slug":"presidentielle-emmanuel-macron-obtient-son-pass-vaccinal","status":"publish","type":"post","link":"https:\/\/www.culturalusa.com\/news\/politique\/presidentielle-emmanuel-macron-obtient-son-pass-vaccinal\/","title":{"rendered":"Pr\u00e9sidentielle : Emmanuel Macron obtient son \u00ab\u00a0pass vaccinal\u00a0\u00bb"},"content":{"rendered":"<p><strong>Un feu vert de plus: confort\u00e9e par la validation du pass vaccinal par le Conseil constitutionnel<\/strong>, la majorit\u00e9 poursuit la pr\u00e9paration de l&rsquo;entr\u00e9e en <strong>campagne d&rsquo;Emmanuel Macron<\/strong>, quand Val\u00e9rie P\u00e9cresse veut d\u00e9passer les oppositions du pass\u00e9 en s&rsquo;affichant avec Laurent Wauquiez.<\/p>\n<p>Ni la v\u00e9rification d&rsquo;identit\u00e9 par les cafetiers, ni la mise en oeuvre d\u00e8s l&rsquo;\u00e2ge de 16 ans n&rsquo;auront fait sourciller les Sages gardiens de la Constitution: le gouvernement pourra appliquer comme pr\u00e9vu la loi sur le pass vaccinal \u00e0 partir de lundi, un revers pour les oppositions qui n&rsquo;ont obtenu qu&rsquo;une seule censure du Conseil concernant la possibilit\u00e9 pour les organisateurs de meetings politiques de demander un pass aux participants.<\/p>\n<p>De quoi revigorer les soutiens du chef de l&rsquo;Etat, qui n&rsquo;attendent plus qu&rsquo;une annonce formelle de candidature.<\/p>\n<blockquote><p>L&rsquo;am\u00e9lioration des conditions sanitaires, anticip\u00e9e par l&rsquo;annonce d&rsquo;un calendrier de lev\u00e9e progressive des restrictions \u00e0 partir de d\u00e9but f\u00e9vrier, fait d\u00e9sormais parier certains sur une officialisation d&rsquo;ici au 15 f\u00e9vrier.<\/p><\/blockquote>\n<p>\u00ab\u00a0Je vous confirme qu&rsquo;on se pr\u00e9pare (&#8230;) Dans toute bonne campagne on r\u00e9serve du papier pour les affiches et puis on prend quelques pr\u00e9cautions pour des salles\u00a0\u00bb, a admis le d\u00e9l\u00e9gu\u00e9 g\u00e9n\u00e9ral de LREM Stanislas Guerini vendredi sur France 2.<\/p>\n<p>En attendant, le pr\u00e9sident sortant, qui fait la course en t\u00eate dans les sondages, devant Val\u00e9rie P\u00e9cresse et Marine Le Pen, toujours au coude \u00e0 coude, sera sur le terrain avec un d\u00e9placement dans la Creuse lundi et la Haute-Vienne mardi.<\/p>\n<p>Chez les R\u00e9publicains, l&rsquo;heure de la mobilisation a d\u00e9j\u00e0 sonn\u00e9: vendredi, la candidate Val\u00e9rie P\u00e9cresse \u00e9tait en visite sur les terres de l&rsquo;ancien patron de LR, Laurent Wauquiez, mani\u00e8re de d\u00e9passer les solides et anciennes inimiti\u00e9s qui les lient.<\/p>\n<p>Devant une nu\u00e9e de cam\u00e9ras, elle a promis un \u00ab\u00a0r\u00f4le pilier\u00a0\u00bb dans sa campagne au \u00ab\u00a0grand pr\u00e9sident de la r\u00e9gion\u00a0\u00bb Auvergne-Rh\u00f4ne-Alpes, jusqu&rsquo;alors discret dans la campagne, en promettant de \u00ab\u00a0gagner ensemble\u00a0\u00bb pour \u00ab\u00a0restaurer la fiert\u00e9 fran\u00e7aise\u00a0\u00bb.<\/p>\n<p>C&rsquo;est pourtant alors qu&rsquo;il pr\u00e9sidait le parti, en juin 2019, que celle qui portait une vision lib\u00e9rale de la droite avait quitt\u00e9 la formation, d\u00e9non\u00e7ant un mouvement \u00ab\u00a0cadenass\u00e9 de l&rsquo;int\u00e9rieur, dans son organisation, mais aussi dans ses id\u00e9es\u00a0\u00bb.<\/p>\n<p>\u00ab\u00a0L&rsquo;accueillir ici est un symbole de mon soutien et de mon engagement total aux c\u00f4t\u00e9s de Val\u00e9rie\u00a0\u00bb, lui a r\u00e9pondu vendredi M. Wauquiez.<\/p>\n<p>L&rsquo;unit\u00e9 \u00e0 droite doit se poursuivre samedi lors du conseil national des Centristes emmen\u00e9s par Herv\u00e9 Morin auquel Mme P\u00e9cresse a pr\u00e9vu de se rendre, puis \u00e0 celui de l&rsquo;UDI de Jean-Christophe Lagarde, lequel lui a d\u00e9j\u00e0 apport\u00e9 son soutien dans un entretien au quotidien Le Figaro vendredi, en entendant incarner la \u00ab\u00a0jambe mod\u00e9r\u00e9e\u00a0\u00bb de la candidate face \u00e0 la ligne droiti\u00e8re de son lieutenant Eric Ciotti.<\/p>\n<h3>Le \u00ab\u00a0coup de Fran\u00e7ois Fillon\u00a0\u00bb<\/h3>\n<p>Toujours plus \u00e0 droite, Eric Zemmour, qui traverse un trou d&rsquo;air sondagier, s&rsquo;est r\u00e9fugi\u00e9 dans les terres r\u00e9put\u00e9es promises de l&rsquo;extr\u00eame droite du Sud-Est, \u00e0 Menton puis \u00e0 Antibes (Alpes-Maritimes), avant de tenir un meeting samedi soir \u00e0 Cannes.<\/p>\n<p>Au poste-fronti\u00e8re de Menton, accueilli par des manifestants hostiles dont C\u00e9dric Herrou, poursuivi pour avoir convoy\u00e9 des migrants venus d&rsquo;Italie et organis\u00e9 un camp d&rsquo;accueil en 2016 dans la vall\u00e9e de la Roya avant d&rsquo;\u00eatre relax\u00e9, M. Zemmour a consid\u00e9r\u00e9 qu&rsquo;il \u00ab\u00a0devrait \u00eatre en prison\u00a0\u00bb et assur\u00e9 que les associations d&rsquo;aide aux r\u00e9fugi\u00e9s \u00ab\u00a0seront trait\u00e9es comme des ennemis\u00a0\u00bb s&rsquo;il venait \u00e0 acc\u00e9der \u00e0 l&rsquo;Elys\u00e9e.<\/p>\n<p>Le candidat s&rsquo;est par ailleurs f\u00e9licit\u00e9 d'\u00a0\u00bbapprocher des 400&Prime; parrainages requis pour se pr\u00e9senter au premier tour, dans un entretien donn\u00e9 au journal Nice-Matin, en s&rsquo;enorgueillissant par ailleurs d&rsquo;accueillir les ralliements d&rsquo;ex-RN, l&rsquo;eurod\u00e9put\u00e9 J\u00e9r\u00f4me Rivi\u00e8re et le militant identitaire Damien Lefevre, dit Rieu, un proche de Marion Mar\u00e9chal.<\/p>\n<p>L&rsquo;ancien pol\u00e9miste, contre qui le parquet g\u00e9n\u00e9ral a r\u00e9clam\u00e9 jeudi une condamnation pour contestation de crime contre l&rsquo;humanit\u00e9 lors de son proc\u00e8s en appel, a estim\u00e9 que la justice \u00e9tait \u00ab\u00a0instrumentalis\u00e9e\u00a0\u00bb.<\/p>\n<p>Dans quel but ? Lui \u00ab\u00a0refaire le coup de Fran\u00e7ois Fillon\u00a0\u00bb, \u00e9vinc\u00e9 du deuxi\u00e8me tour en 2017 en pleine tourmente judiciaire, a plaid\u00e9 M. Zemmour.<\/p>\n<p>Pour la candidate PS Anne Hidalgo, en meeting samedi \u00e0 Aubervilliers (Seine-Saint-Denis), difficile de retrouver le coup de la gauche victorieuse.<\/p>\n<p>De plus en plus \u00e0 la peine dans les sondages, la maire de Paris a esp\u00e9r\u00e9 que l&rsquo;\u00e9claircie sur le front du Covid, \u00ab\u00a0peut-\u00eatre, enfin\u00a0\u00bb, permettra \u00e0 la campagne de se d\u00e9rouler sans que la crise sanitaire \u00ab\u00a0entrave la rencontre avec les Fran\u00e7ais\u00a0\u00bb ou que \u00ab\u00a0le pouvoir en place (&#8230;) l&rsquo;instrumentalise\u00a0\u00bb pour \u00ab\u00a0mettre sous l&rsquo;\u00e9teignoir la vie politique fran\u00e7aise\u00a0\u00bb. (AFP)<\/p>\n","protected":false},"excerpt":{"rendered":"<p>Un feu vert de plus: confort\u00e9e par la validation du pass vaccinal par le Conseil constitutionnel, la majorit\u00e9 poursuit la pr\u00e9paration de l&rsquo;entr\u00e9e en campagne d&rsquo;Emmanuel Macron, quand Val\u00e9rie P\u00e9cresse veut d\u00e9passer les oppositions du pass\u00e9 en s&rsquo;affichant avec Laurent Wauquiez. Ni la v\u00e9rification d&rsquo;identit\u00e9 par les cafetiers, ni la mise en oeuvre d\u00e8s l&rsquo;\u00e2ge [&hellip;]<\/p>\n","protected":false},"author":1,"featured_media":8242,"comment_status":"open","ping_status":"closed","sticky":false,"template":"","format":"standard","meta":{"footnotes":""},"categories":[1494],"tags":[2011,642,2162,1707],"class_list":["post-10659","post","type-post","status-publish","format-standard","has-post-thumbnail","hentry","category-politique","tag-conseil-constitutionnel","tag-emmanuel-macron","tag-pass-vaccinal","tag-presidentielle-2022"],"aioseo_notices":[],"_links":{"self":[{"href":"https:\/\/www.culturalusa.com\/news\/wp-json\/wp\/v2\/posts\/10659","targetHints":{"allow":["GET"]}}],"collection":[{"href":"https:\/\/www.culturalusa.com\/news\/wp-json\/wp\/v2\/posts"}],"about":[{"href":"https:\/\/www.culturalusa.com\/news\/wp-json\/wp\/v2\/types\/post"}],"author":[{"embeddable":true,"href":"https:\/\/www.culturalusa.com\/news\/wp-json\/wp\/v2\/users\/1"}],"replies":[{"embeddable":true,"href":"https:\/\/www.culturalusa.com\/news\/wp-json\/wp\/v2\/comments?post=10659"}],"version-history":[{"count":0,"href":"https:\/\/www.culturalusa.com\/news\/wp-json\/wp\/v2\/posts\/10659\/revisions"}],"wp:featuredmedia":[{"embeddable":true,"href":"https:\/\/www.culturalusa.com\/news\/wp-json\/wp\/v2\/media\/8242"}],"wp:attachment":[{"href":"https:\/\/www.culturalusa.com\/news\/wp-json\/wp\/v2\/media?parent=10659"}],"wp:term":[{"taxonomy":"category","embeddable":true,"href":"https:\/\/www.culturalusa.com\/news\/wp-json\/wp\/v2\/categories?post=10659"},{"taxonomy":"post_tag","embeddable":true,"href":"https:\/\/www.culturalusa.com\/news\/wp-json\/wp\/v2\/tags?post=10659"}],"curies":[{"name":"wp","href":"https:\/\/api.w.org\/{rel}","templated":true}]}}