{"id":10686,"date":"2022-02-01T12:05:18","date_gmt":"2022-02-01T11:05:18","guid":{"rendered":"https:\/\/www.culturalusa.com\/news\/?p=10686"},"modified":"2022-02-01T12:05:18","modified_gmt":"2022-02-01T11:05:18","slug":"le-danemark-tente-a-nouveau-le-retour-a-la-vie-davant","status":"publish","type":"post","link":"https:\/\/www.culturalusa.com\/news\/monde\/le-danemark-tente-a-nouveau-le-retour-a-la-vie-davant\/","title":{"rendered":"Le Danemark tente \u00e0 nouveau le retour \u00ab\u00a0\u00e0 la vie d&rsquo;avant\u00a0\u00bb"},"content":{"rendered":"<p>Pand\u00e9mie: en d\u00e9pit de l&rsquo;omnipr\u00e9sence du <strong>Covid-19<\/strong>, le Danemark devient mardi le premier pays de l&rsquo;Union europ\u00e9enne \u00e0 lever toutes ses restrictions, s&rsquo;estimant en mesure de le faire gr\u00e2ce \u00e0 sa forte couverture vaccinale et \u00e0 la moindre s\u00e9v\u00e9rit\u00e9 du variant Omicron.<\/p>\n<blockquote><p>Apr\u00e8s une premi\u00e8re tentative de deux mois entre septembre et novembre, masques, passe sanitaire et ouvertures r\u00e9duites des bars et des restaurants vont redevenir de l&rsquo;histoire ancienne dans le royaume nordique.<\/p><\/blockquote>\n<p>\u00ab\u00a0Je suis tr\u00e8s contente que \u00e7a finisse demain. C&rsquo;est bien pour la vie en ville, la vie nocturne, juste pouvoir \u00eatre dehors plus longtemps\u00a0\u00bb, confiait lundi \u00e0 l&rsquo;AFP Thea Skovgaard, une lyc\u00e9enne de 17 ans.<\/p>\n<p>Les bo\u00eetes de nuit rouvrent mardi, les jauges disparaissent aussi. De tr\u00e8s rares restrictions restent en vigueur \u00e0 l&rsquo;entr\u00e9e dans le pays, seulement pour les voyageurs non vaccin\u00e9s arrivant d&rsquo;un pays en dehors de l&rsquo;espace Schengen.<\/p>\n<p>Un assouplissement quasi total qui intervient alors que les nouveaux cas au Danemark avoisinent chaque jour les 40.000 \u00e0 50.000. Soit un niveau record de presque 1 % des 5,8 millions d&rsquo;habitants du pays scandinave.<\/p>\n<h3>\u00ab\u00a0Nous avons un nombre extr\u00eamement \u00e9lev\u00e9 d&rsquo;adultes vaccin\u00e9s avec trois doses, c&rsquo;est notre secret\u00a0\u00bb, explique l&rsquo;\u00e9pid\u00e9miologiste Lone Simonsen, professeure \u00e0 l&rsquo;Universit\u00e9 de Roskilde pr\u00e8s de Copenhague.<\/h3>\n<p>Plus de 60 % des Danois a re\u00e7u une dose de rappel &#8211;contre un peu moins de 45 % dans le reste de l&rsquo;Union europ\u00e9enne. En incluant les r\u00e9cents cas de Covid, les autorit\u00e9s sanitaires estiment que 80 % de la population est prot\u00e9g\u00e9e contre les formes graves.<\/p>\n<p>\u00ab\u00a0Avec Omicron, qui n&rsquo;est pas une maladie grave pour les vaccin\u00e9s, nous pensons qu&rsquo;il est raisonnable de lever les restrictions\u00a0\u00bb, poursuit Mme Simonsen.<\/p>\n<p>La circulation du variant devrait aussi d\u00e9boucher sur une immunit\u00e9 plus durable, permettant de mieux encaisser de futures vagues, estime l&rsquo;universitaire.<\/p>\n<p>Apr\u00e8s deux ans de pand\u00e9mie, cette strat\u00e9gie est soutenue par la majorit\u00e9 du pays. 64 % des Danois ont confiance dans la politique sanitaire du gouvernement, selon un sondage publi\u00e9 lundi par le quotidien Politiken.<\/p>\n<h3>Responsabiliser<\/h3>\n<p>C&rsquo;est le moment pour chacun de prendre ses responsabilit\u00e9s, avance pour sa part Mme Simonsen.<\/p>\n<p>\u00ab\u00a0Sans passe sanitaire, il y a un changement de responsabilit\u00e9: les Danois utilisent de plus en plus les auto-tests \u00e0 l&rsquo;heure o\u00f9 le nombre d&rsquo;antig\u00e9nique disponibles d\u00e9croit. De cette mani\u00e8re les personnes symptomatiques sauront si elles sont infect\u00e9es et pourront rester \u00e0 la maison le cas \u00e9ch\u00e9ant\u00a0\u00bb, affirme l&rsquo;\u00e9pid\u00e9miologiste.<\/p>\n<p>Il reste encore \u00ab\u00a0recommand\u00e9\u00a0\u00bb de s&rsquo;isoler pendant quatre jours en cas de test positif, selon l&rsquo;Agence nationale de sant\u00e9, mais les cas contacts ne sont plus contraints \u00e0 aucune quarantaine.<\/p>\n<p>Le port du masque et le passe sanitaire restent \u00e9galement conseill\u00e9s pour les visites \u00e0 l&rsquo;h\u00f4pital.<\/p>\n<p>Optimistes, les autorit\u00e9s ne tablent pas sur de nouvelles fermetures mais pr\u00f4nent la prudence.<\/p>\n<p>\u00ab\u00a0On ne peut pas donner de garanties quand il s&rsquo;agit de biologie\u00a0\u00bb, a reconnu la cheffe du gouvernement, Mette Frederiksen, qui avait annonc\u00e9 la semaine derni\u00e8re ce retour \u00ab\u00a0\u00e0 la vie d&rsquo;avant\u00a0\u00bb.<\/p>\n<p>\u00ab\u00a0C&rsquo;est vraiment agr\u00e9able que \u00e7a s&rsquo;arr\u00eate mais est-ce qu&rsquo;on va toujours vivre sans restrictions maintenant ? J&rsquo;en doute\u00a0\u00bb, reconna\u00eet Cille Hjort, vendeuse dans un fast-food, impatiente d&rsquo;entendre ses clients parler sans masque.<\/p>\n<p>Ce n&rsquo;est pas la premi\u00e8re fois que le royaume scandinave fait le pari du retour \u00e0 la normalit\u00e9. Le 10 septembre, le Danemark avait lev\u00e9 les restrictions avant de r\u00e9introduire le passe sanitaire d\u00e9but novembre.<\/p>\n<p>Ferm\u00e9s juste avant No\u00ebl, mus\u00e9es, cin\u00e9mas et salles de spectacles avaient pu rouvrir d\u00e9but janvier.<\/p>\n<p>Face \u00e0 un niveau d&rsquo;hospitalisations en soins intensifs plus faible que lors des vagues pr\u00e9c\u00e9dentes, plusieurs pays europ\u00e9ens comme la France ou le Royaume-Uni ont annonc\u00e9 un all\u00e8gement consid\u00e9rable ou la lev\u00e9e de l&rsquo;essentiel de leurs restrictions, malgr\u00e9 des niveaux de cas tr\u00e8s \u00e9lev\u00e9s.<\/p>\n<p>\u00ab\u00a0Apr\u00e8s deux ans de pand\u00e9mie, les populations dans la plupart des pays ont atteint des niveaux d&rsquo;immunit\u00e9 \u00e9lev\u00e9, que ce soit gr\u00e2ce au vaccin ou naturellement. C&rsquo;est comme \u00e7a que \u00e7a finit si l&rsquo;on juge \u00e0 partir de ce qu&rsquo;on a vu lors des pand\u00e9mies par le pass\u00e9\u00a0\u00bb, conclut Mme Simonsen.<\/p>\n<p>A l&rsquo;\u00e9chelle europ\u00e9enne, l&rsquo;OMS estime que 73 % de la population aurait contract\u00e9 le Covid depuis d\u00e9but 2020. (AFP)<\/p>\n","protected":false},"excerpt":{"rendered":"<p>Pand\u00e9mie: en d\u00e9pit de l&rsquo;omnipr\u00e9sence du Covid-19, le Danemark devient mardi le premier pays de l&rsquo;Union europ\u00e9enne \u00e0 lever toutes ses restrictions, s&rsquo;estimant en mesure de le faire gr\u00e2ce \u00e0 sa forte couverture vaccinale et \u00e0 la moindre s\u00e9v\u00e9rit\u00e9 du variant Omicron. Apr\u00e8s une premi\u00e8re tentative de deux mois entre septembre et novembre, masques, passe [&hellip;]<\/p>\n","protected":false},"author":1,"featured_media":10687,"comment_status":"open","ping_status":"closed","sticky":false,"template":"","format":"standard","meta":{"footnotes":""},"categories":[1372],"tags":[1214,427,1211],"class_list":["post-10686","post","type-post","status-publish","format-standard","has-post-thumbnail","hentry","category-monde","tag-covid-19","tag-danemark","tag-pandemie"],"aioseo_notices":[],"_links":{"self":[{"href":"https:\/\/www.culturalusa.com\/news\/wp-json\/wp\/v2\/posts\/10686","targetHints":{"allow":["GET"]}}],"collection":[{"href":"https:\/\/www.culturalusa.com\/news\/wp-json\/wp\/v2\/posts"}],"about":[{"href":"https:\/\/www.culturalusa.com\/news\/wp-json\/wp\/v2\/types\/post"}],"author":[{"embeddable":true,"href":"https:\/\/www.culturalusa.com\/news\/wp-json\/wp\/v2\/users\/1"}],"replies":[{"embeddable":true,"href":"https:\/\/www.culturalusa.com\/news\/wp-json\/wp\/v2\/comments?post=10686"}],"version-history":[{"count":0,"href":"https:\/\/www.culturalusa.com\/news\/wp-json\/wp\/v2\/posts\/10686\/revisions"}],"wp:featuredmedia":[{"embeddable":true,"href":"https:\/\/www.culturalusa.com\/news\/wp-json\/wp\/v2\/media\/10687"}],"wp:attachment":[{"href":"https:\/\/www.culturalusa.com\/news\/wp-json\/wp\/v2\/media?parent=10686"}],"wp:term":[{"taxonomy":"category","embeddable":true,"href":"https:\/\/www.culturalusa.com\/news\/wp-json\/wp\/v2\/categories?post=10686"},{"taxonomy":"post_tag","embeddable":true,"href":"https:\/\/www.culturalusa.com\/news\/wp-json\/wp\/v2\/tags?post=10686"}],"curies":[{"name":"wp","href":"https:\/\/api.w.org\/{rel}","templated":true}]}}