{"id":10693,"date":"2022-02-02T17:14:55","date_gmt":"2022-02-02T16:14:55","guid":{"rendered":"https:\/\/www.culturalusa.com\/news\/?p=10693"},"modified":"2022-02-02T17:14:55","modified_gmt":"2022-02-02T16:14:55","slug":"presidentielle-2022-la-campagne-met-le-cap-sur-la-securite-et-le-social","status":"publish","type":"post","link":"https:\/\/www.culturalusa.com\/news\/politique\/presidentielle-2022-la-campagne-met-le-cap-sur-la-securite-et-le-social\/","title":{"rendered":"Pr\u00e9sidentielle 2022: la campagne met le cap sur la s\u00e9curit\u00e9 et le social"},"content":{"rendered":"<p>La campagne pr\u00e9sidentielle a mis le cap sur la s\u00e9curit\u00e9 et le social: les candidats de droite \u00e0 la pr\u00e9sidentielle ont rivalis\u00e9 de fermet\u00e9 sur la lutte contre la d\u00e9linquance, tandis que la gauche d\u00e9non\u00e7ait le mal-logement.<\/p>\n<blockquote><p>De son c\u00f4t\u00e9, le futur candidat Emmanuel Macron a pr\u00e9cis\u00e9 les contours du \u00ab\u00a0revenu universel d&rsquo;activit\u00e9\u00a0\u00bb qu&rsquo;il souhaite mettre en place en fusionnant APL et minima sociaux, et souhait\u00e9 plus de logement social, avant de se rendre dans les Hauts-de-France parler aide aux territoires et immigration.<\/p><\/blockquote>\n<p>A 67 jours du premier tour, le pr\u00e9sident sortant retient toujours son annonce de candidature, assurant, dans le quotidien La Voix du Nord, avoir \u00ab\u00a0d&rsquo;abord l&rsquo;obsession que la phase aigu\u00eb de l&rsquo;\u00e9pid\u00e9mie (de Covid-19) et le pic de la crise g\u00e9opolitique actuelle soient derri\u00e8re nous\u00a0\u00bb. Sur le front du Covid justement, la situation s&rsquo;am\u00e9liore un peu et plusieurs restrictions ont \u00e9t\u00e9 lev\u00e9es mercredi.<\/p>\n<p>La candidate de droite Val\u00e9rie P\u00e9cresse \u00e9tait la premi\u00e8re \u00e0 intervenir lors du \u00ab\u00a0grand oral\u00a0\u00bb des pr\u00e9tendants \u00e0 l&rsquo;Elys\u00e9e organis\u00e9 par le syndicat de police Alliance. Seuls les candidats de droite et d&rsquo;extr\u00eame droite ont accept\u00e9 d&rsquo;y participer, ainsi que le ministre de l&rsquo;Int\u00e9rieur, G\u00e9rald Darmanin.<\/p>\n<h3>\u00ab\u00a0Intraitable\u00a0\u00bb<\/h3>\n<p>La candidate LR a promis d&rsquo;\u00eatre \u00ab\u00a0intraitable\u00a0\u00bb avec les \u00ab\u00a0voyous\u00a0\u00bb, tirant \u00e0 boulets rouges sur l&rsquo;action du gouvernement. Elle a aussi souhait\u00e9 la mise en place d&rsquo;une peine automatique d&rsquo;un an de prison ferme avec incarc\u00e9ration \u00ab\u00a0si on touche \u00e0 un policier ou un gendarme\u00a0\u00bb afin de \u00ab\u00a0ramener l&rsquo;ordre dans le pays\u00a0\u00bb.<\/p>\n<p>La candidate d&rsquo;extr\u00eame droite Marine Le Pen, au coude \u00e0 coude avec Mme P\u00e9cresse autour de 17 % dans les sondages, et Eric Zemmour (autour de 14 %) ont \u00e9galement r\u00e9pondu pr\u00e9sent sur ce th\u00e8me s\u00e9curitaire, une des principales pr\u00e9occupations des Fran\u00e7ais derri\u00e8re le pouvoir d&rsquo;achat et la sant\u00e9.<\/p>\n<p>L&rsquo;ancien pol\u00e9miste a affirm\u00e9 que la lutte contre l&rsquo;immigration \u00e9tait \u00ab\u00a0la m\u00e8re de toutes les batailles\u00a0\u00bb, plaidant de nouveau en faveur d&rsquo;une \u00ab\u00a0immigration z\u00e9ro\u00a0\u00bb, qui constitue selon lui \u00ab\u00a0la premi\u00e8re r\u00e9ponse fondamentale\u00a0\u00bb \u00e0 la d\u00e9linquance.<\/p>\n<p>A gauche, la candidate PS Anne Hidalgo et le communiste Fabien Roussel ont d\u00e9clin\u00e9 l&rsquo;invitation, tout comme Yannick Jadot (EELV). Quant au leader insoumis Jean-Luc M\u00e9lenchon, qui selon Alliance \u00ab\u00a0ne fait que pr\u00f4ner la haine anti-flic\u00a0\u00bb, le syndicat ne l&rsquo;a pas invit\u00e9.<\/p>\n<p>Le patron de la France insoumise, candidat de gauche le plus haut dans les sondages (autour de 10 %), a pr\u00e9f\u00e9r\u00e9 aborder, avec Christiane Taubira, Anne Hidalgo, Yannick Jadot et Fabien Roussel, une autre probl\u00e9matique, ch\u00e8re \u00e0 leur famille politique, le mal-logement, \u00e0 l&rsquo;occasion de la publication du rapport 2022 de la Fondation Abb\u00e9 Pierre.<\/p>\n<h3>\u00ab\u00a0Pas \u00e0 la hauteur\u00a0\u00bb<\/h3>\n<p>Sur RTL, Yannick Jadot a d\u00e9j\u00e0 estim\u00e9 que la facture \u00e9nerg\u00e9tique des Fran\u00e7ais li\u00e9e \u00e0 leur domicile pourrait \u00eatre r\u00e9duite de \u00ab\u00a0600 \u00e0 700 euros\u00a0\u00bb par an s&rsquo;il \u00e9tait \u00e9lu.<\/p>\n<p>Il a notamment cit\u00e9 \u00ab\u00a010 milliards (d&rsquo;euros) d&rsquo;investissements sur les logements\u00a0\u00bb, qui permettraient via leur r\u00e9novation \u00ab\u00a0700 euros d&rsquo;\u00e9conomies par an\u00a0\u00bb sur la facture \u00e9nerg\u00e9tique des Fran\u00e7ais et l&#8217;emploi de \u00ab\u00a0100.000 artisans sur tous nos territoires\u00a0\u00bb.<\/p>\n<p>La fondation dresse un constat s\u00e9v\u00e8re du quinquennat d&rsquo;Emmanuel Macron, \u00ab\u00a0pas \u00e0 la hauteur\u00a0\u00bb des enjeux \u00e0 ses yeux, en pointant du doigt particuli\u00e8rement les \u00e9conomies sur les aides au logement (APL), d\u00e9sormais calcul\u00e9es en fonction des revenus r\u00e9cents et non plus ceux remontant \u00e0 deux ans auparavant.<\/p>\n<p>Apr\u00e8s un conseil de d\u00e9fense sanitaire et un conseil des ministres, le chef de l&rsquo;\u00c9tat a pris la direction des Hauts-de-France, coiff\u00e9 de sa triple casquette de pr\u00e9sident, futur candidat et chef en exercice du conseil de l&rsquo;UE.<\/p>\n<p>Aupr\u00e8s des ministres de l&rsquo;Int\u00e9rieur europ\u00e9ens, il y parlera de l&rsquo;immigration en Europe. Mais aussi social, avec l&rsquo;annonce au coeur du bassin minier d&rsquo;une nouvelle subvention de l&rsquo;\u00c9tat de 100 millions d&rsquo;euros pour la r\u00e9novation urbaine de ce territoire o\u00f9 les taux de ch\u00f4mage (15 %) et de pauvret\u00e9 (18,5 %) sont tr\u00e8s sup\u00e9rieurs \u00e0 la moyenne nationale.<\/p>\n<p>Saisissant l&rsquo;occasion, Marine Le Pen s&rsquo;est, elle aussi, rendue dans les Hauts-de-France, \u00e9trillant le candidat non d\u00e9clar\u00e9: \u00ab\u00a0C&rsquo;est une forme de m\u00e9pris de venir avec sa casquette de pr\u00e9sident alors qu&rsquo;il (Macron) est candidat pour faire des promesses avec le ch\u00e9quier de la R\u00e9publique dont il sait pertinemment qu&rsquo;elles ne seront pas tenues\u00a0\u00bb.<\/p>\n<p>Comme en \u00e9cho \u00e0 ces attaques r\u00e9currentes de l&rsquo;opposition, Olivier Becht, patron des d\u00e9put\u00e9s Agir alli\u00e9s dans la majorit\u00e9, a soulign\u00e9 que le pr\u00e9sident sortant avait int\u00e9r\u00eat \u00e0 d\u00e9clarer sa candidature \u00ab\u00a0le plus tard possible\u00a0\u00bb afin de ne pas affaiblir son image de chef d&rsquo;Etat au moment o\u00f9 la France affronte des crises majeures. (AFP)<\/p>\n","protected":false},"excerpt":{"rendered":"<p>La campagne pr\u00e9sidentielle a mis le cap sur la s\u00e9curit\u00e9 et le social: les candidats de droite \u00e0 la pr\u00e9sidentielle ont rivalis\u00e9 de fermet\u00e9 sur la lutte contre la d\u00e9linquance, tandis que la gauche d\u00e9non\u00e7ait le mal-logement. De son c\u00f4t\u00e9, le futur candidat Emmanuel Macron a pr\u00e9cis\u00e9 les contours du \u00ab\u00a0revenu universel d&rsquo;activit\u00e9\u00a0\u00bb qu&rsquo;il souhaite [&hellip;]<\/p>\n","protected":false},"author":1,"featured_media":10694,"comment_status":"open","ping_status":"closed","sticky":false,"template":"","format":"standard","meta":{"footnotes":""},"categories":[1494],"tags":[1707,2188,2189],"class_list":["post-10693","post","type-post","status-publish","format-standard","has-post-thumbnail","hentry","category-politique","tag-presidentielle-2022","tag-securite","tag-social"],"aioseo_notices":[],"_links":{"self":[{"href":"https:\/\/www.culturalusa.com\/news\/wp-json\/wp\/v2\/posts\/10693","targetHints":{"allow":["GET"]}}],"collection":[{"href":"https:\/\/www.culturalusa.com\/news\/wp-json\/wp\/v2\/posts"}],"about":[{"href":"https:\/\/www.culturalusa.com\/news\/wp-json\/wp\/v2\/types\/post"}],"author":[{"embeddable":true,"href":"https:\/\/www.culturalusa.com\/news\/wp-json\/wp\/v2\/users\/1"}],"replies":[{"embeddable":true,"href":"https:\/\/www.culturalusa.com\/news\/wp-json\/wp\/v2\/comments?post=10693"}],"version-history":[{"count":0,"href":"https:\/\/www.culturalusa.com\/news\/wp-json\/wp\/v2\/posts\/10693\/revisions"}],"wp:featuredmedia":[{"embeddable":true,"href":"https:\/\/www.culturalusa.com\/news\/wp-json\/wp\/v2\/media\/10694"}],"wp:attachment":[{"href":"https:\/\/www.culturalusa.com\/news\/wp-json\/wp\/v2\/media?parent=10693"}],"wp:term":[{"taxonomy":"category","embeddable":true,"href":"https:\/\/www.culturalusa.com\/news\/wp-json\/wp\/v2\/categories?post=10693"},{"taxonomy":"post_tag","embeddable":true,"href":"https:\/\/www.culturalusa.com\/news\/wp-json\/wp\/v2\/tags?post=10693"}],"curies":[{"name":"wp","href":"https:\/\/api.w.org\/{rel}","templated":true}]}}