{"id":107,"date":"2012-04-13T08:05:02","date_gmt":"2012-04-13T08:05:02","guid":{"rendered":"http:\/\/www.culturalusa.com\/news\/?p=107"},"modified":"2025-09-09T17:37:53","modified_gmt":"2025-09-09T15:37:53","slug":"nouvel-album-de-david-fonseca","status":"publish","type":"post","link":"https:\/\/www.culturalusa.com\/news\/culture\/nouvel-album-de-david-fonseca\/","title":{"rendered":"Nouvel album de David Fonseca"},"content":{"rendered":"<h2>Nouvel album de David Fonseca<\/h2>\n<p><strong><a href=\"http:\/\/www.culturalusa.com\/news\/culture\/nouvel-album-de-david-fonseca\/attachment\/davidfonseca\/\" rel=\"attachment wp-att-110\"><img loading=\"lazy\" decoding=\"async\" class=\"alignleft size-medium wp-image-110\" title=\"David Fonseca\" src=\"http:\/\/www.culturalusa.com\/news\/wp-content\/uploads\/2012\/04\/davidfonseca-275x164.jpg\" alt=\"\" width=\"275\" height=\"164\" srcset=\"https:\/\/www.culturalusa.com\/news\/wp-content\/uploads\/2012\/04\/davidfonseca-275x164.jpg 275w, https:\/\/www.culturalusa.com\/news\/wp-content\/uploads\/2012\/04\/davidfonseca.jpg 297w\" sizes=\"auto, (max-width: 275px) 100vw, 275px\" \/><\/a>David Fonseca sort un nouveau disque \u00ab\u00a0plus introspectif\u00a0\u00bb pour Septembre.<\/strong><\/p>\n<p>Fanfarlo et Mark Lanegan sont dans la musique que David Fonseca \u00e9coute aujourd&rsquo;hui. La musique qu&rsquo;il joue, peut \u00eatre entendue actuellement au Hard Club, \u00e0 Porto, et vous emm\u00e8nera \u00e9galement en tourn\u00e9e en Espagne et au Portugal.<br \/>\nEn Septembre, un nouvel album, \u00ab\u00a0plus introspectif,\u00a0\u00bb peut-\u00eatre avec moins de musique \u00e9lectronique, a d\u00e9clar\u00e9 David Fonseca.<\/p>\n<p><img loading=\"lazy\" decoding=\"async\" class=\"alignleft size-full wp-image-180\" style=\"border: 0pt none;\" title=\"icon-pt\" src=\"http:\/\/www.culturalusa.com\/news\/wp-content\/uploads\/2012\/04\/icon-pt.gif\" alt=\"\" width=\"14\" height=\"14\" \/> <span style=\"color: #800000;\">Novo disco de David Fonseca \u00ab\u00a0mais introspetivo\u00a0\u00bb chega em Setembro.<\/span><\/p>\n<p>Fanfarlo e Mark Lanegan est\u00e3o entre as m\u00fasica que David Fonseca ouve atualmente. As que toca, e que se podem ouvir no Hard Club, no Porto, v\u00e3o lev\u00e1-lo em digress\u00e3o por Espanha e Portugal. Em setembro, um novo disco \u00ab\u00a0mais introspetivo\u00a0\u00bb, talvez com menos musica eletr\u00f3nica, comentou David Fonseca.<br \/>\nAcheter les albums CD ou mp3 de <a href=\"http:\/\/www.amazon.fr\/gp\/search?ie=UTF8&amp;keywords=David%20Fonseca&amp;tag=culturalusa-21&amp;index=music&amp;linkCode=ur2&amp;camp=1642&amp;creative=6746\" target=\"_blank\" rel=\"noopener\">David Fonseca<\/a><img loading=\"lazy\" decoding=\"async\" style=\"border: none !important; margin: 0px !important;\" src=\"http:\/\/www.assoc-amazon.fr\/e\/ir?t=culturalusa-21&amp;l=ur2&amp;o=8\" alt=\"\" width=\"1\" height=\"1\" border=\"0\" \/><\/p>\n<p><iframe loading=\"lazy\" title=\"YouTube video player\" src=\"https:\/\/www.youtube-nocookie.com\/embed\/Xyg9hoarat4?si=vftSpPAtTFLf06mr\" width=\"100%\" height=\"455\" frameborder=\"0\" allowfullscreen=\"allowfullscreen\"><\/iframe><\/p>\n<p><script type=\"text\/javascript\">\/\/ <![CDATA[ google_ad_client = \"ca-pub-2727717456356200\"; \/* CulturaLusa 468x60 *\/ google_ad_slot = \"2785499263\"; google_ad_width = 468; google_ad_height = 60; \/\/ ]]><\/script><br \/>\n<script type=\"text\/javascript\" src=\"http:\/\/pagead2.googlesyndication.com\/pagead\/show_ads.js\">\/\/ <![CDATA[ \/\/ ]]><\/script><\/p>\n","protected":false},"excerpt":{"rendered":"<p>Nouvel album de David Fonseca David Fonseca sort un nouveau disque \u00ab\u00a0plus introspectif\u00a0\u00bb pour Septembre. Fanfarlo et Mark Lanegan sont dans la musique que David Fonseca \u00e9coute aujourd&rsquo;hui. La musique qu&rsquo;il joue, peut \u00eatre entendue actuellement au Hard Club, \u00e0 Porto, et vous emm\u00e8nera \u00e9galement en tourn\u00e9e en Espagne et au Portugal. En Septembre, un [&hellip;]<\/p>\n","protected":false},"author":1,"featured_media":2159,"comment_status":"open","ping_status":"closed","sticky":false,"template":"","format":"standard","meta":{"footnotes":""},"categories":[4],"tags":[17,3448],"class_list":["post-107","post","type-post","status-publish","format-standard","has-post-thumbnail","hentry","category-culture","tag-david-fonseca","tag-nouvel-album-de-david-fonseca"],"aioseo_notices":[],"_links":{"self":[{"href":"https:\/\/www.culturalusa.com\/news\/wp-json\/wp\/v2\/posts\/107","targetHints":{"allow":["GET"]}}],"collection":[{"href":"https:\/\/www.culturalusa.com\/news\/wp-json\/wp\/v2\/posts"}],"about":[{"href":"https:\/\/www.culturalusa.com\/news\/wp-json\/wp\/v2\/types\/post"}],"author":[{"embeddable":true,"href":"https:\/\/www.culturalusa.com\/news\/wp-json\/wp\/v2\/users\/1"}],"replies":[{"embeddable":true,"href":"https:\/\/www.culturalusa.com\/news\/wp-json\/wp\/v2\/comments?post=107"}],"version-history":[{"count":3,"href":"https:\/\/www.culturalusa.com\/news\/wp-json\/wp\/v2\/posts\/107\/revisions"}],"predecessor-version":[{"id":13748,"href":"https:\/\/www.culturalusa.com\/news\/wp-json\/wp\/v2\/posts\/107\/revisions\/13748"}],"wp:featuredmedia":[{"embeddable":true,"href":"https:\/\/www.culturalusa.com\/news\/wp-json\/wp\/v2\/media\/2159"}],"wp:attachment":[{"href":"https:\/\/www.culturalusa.com\/news\/wp-json\/wp\/v2\/media?parent=107"}],"wp:term":[{"taxonomy":"category","embeddable":true,"href":"https:\/\/www.culturalusa.com\/news\/wp-json\/wp\/v2\/categories?post=107"},{"taxonomy":"post_tag","embeddable":true,"href":"https:\/\/www.culturalusa.com\/news\/wp-json\/wp\/v2\/tags?post=107"}],"curies":[{"name":"wp","href":"https:\/\/api.w.org\/{rel}","templated":true}]}}