{"id":10702,"date":"2022-02-05T11:02:12","date_gmt":"2022-02-05T10:02:12","guid":{"rendered":"https:\/\/www.culturalusa.com\/news\/?p=10702"},"modified":"2022-02-05T11:02:12","modified_gmt":"2022-02-05T10:02:12","slug":"pandemie-la-vaccination-pour-tous-desormais-une-realite-en-autriche","status":"publish","type":"post","link":"https:\/\/www.culturalusa.com\/news\/monde\/pandemie-la-vaccination-pour-tous-desormais-une-realite-en-autriche\/","title":{"rendered":"Pand\u00e9mie: la vaccination pour tous, d\u00e9sormais une r\u00e9alit\u00e9 en Autriche"},"content":{"rendered":"<p>C&rsquo;est officiel: <strong>les Autrichiens de plus de 18 ans doivent \u00e0 partir de samedi se faire vacciner contre le Covid-19<\/strong>, sous peine d&rsquo;encourir une forte amende, une mesure sans pr\u00e9c\u00e9dent dans l&rsquo;Union europ\u00e9enne.<\/p>\n<p>La loi, adopt\u00e9e le 20 janvier par le Parlement, a \u00e9t\u00e9 promulgu\u00e9e par le pr\u00e9sident vendredi, l&rsquo;aboutissement d&rsquo;un processus entam\u00e9 en novembre face \u00e0 la propagation fulgurante de la pand\u00e9mie.<\/p>\n<p>Le gouvernement a d\u00e9cid\u00e9 d&rsquo;opter pour la mani\u00e8re forte malgr\u00e9 les critiques, se d\u00e9marquant de ses partenaires europ\u00e9ens.<\/p>\n<blockquote><p>\u00ab\u00a0Aucun autre pays d&rsquo;Europe ne nous suit sur le vaccin obligatoire\u00a0\u00bb, d\u00e9nonce Manuel Krautgartner, qui s&rsquo;est engag\u00e9 en politique contre les r\u00e8gles sanitaires \u00e0 Linz (nord).<\/p><\/blockquote>\n<p>Dans l&rsquo;Allemagne voisine, un projet similaire, d\u00e9fendu par le nouveau chancelier social-d\u00e9mocrate Olaf Scholz, a commenc\u00e9 \u00e0 \u00eatre d\u00e9battu le 26 janvier au Bundestag. Mais il a pris du retard sur fond de divisions de la classe politique.<\/p>\n<h3>Contr\u00f4les mi-mars<\/h3>\n<p>Malgr\u00e9 cette mesure drastique, le taux de vaccination n&rsquo;a gu\u00e8re d\u00e9coll\u00e9 en Autriche, se situant toujours en de\u00e7\u00e0 des niveaux observ\u00e9s en France ou en Espagne &#8211; autour de 70% de la population.<\/p>\n<p>Dans les centres de vaccination de Vienne, l&rsquo;affluence n&rsquo;est pas au rendez-vous.<\/p>\n<p>\u00ab\u00a0Nous sommes loin d&rsquo;atteindre la capacit\u00e9 maximale, \u00e7a stagne totalement\u00a0\u00bb, confiait \u00e0 l&rsquo;AFP Stefanie Kurzweil, de l&rsquo;association humanitaire Arbeiter Samariter Bund, qui supervise un de ces sites, quelques jours avant l&rsquo;entr\u00e9e en vigueur de la loi.<\/p>\n<p>Venue recevoir sa troisi\u00e8me dose pour \u00e9viter que son certificat vaccinal n&rsquo;expire, Melanie, une serveuse de 23 ans qui n&rsquo;a pas souhait\u00e9 donner son nom de famille, le fait sans conviction.<\/p>\n<p>\u00ab\u00a0Je ne voulais pas rester enferm\u00e9e chez moi\u00a0\u00bb, dit-elle, alors qu&rsquo;en Autriche, les non-vaccin\u00e9s sont exclus des restaurants, lieux sportifs et culturels. D\u00e9sormais ils seront aussi soumis \u00e0 des amendes, ce qu&rsquo;elle juge \u00ab\u00a0malsain\u00a0\u00bb.<\/p>\n<p>L&rsquo;ensemble des r\u00e9sidents majeurs sont concern\u00e9s par le texte de loi, \u00e0 l&rsquo;exception des femmes enceintes, de ceux qui ont contract\u00e9 le virus il y a moins de 180 jours et enfin de ceux qui peuvent se faire exempter pour raisons m\u00e9dicales.<\/p>\n<p>Les contr\u00f4les, toutefois, ne d\u00e9buteront que mi-mars : des sanctions pourront alors \u00eatre appliqu\u00e9es, pour un montant variant de 600 \u00e0 3.600 euros mais elles seront lev\u00e9es si le contrevenant obtemp\u00e8re dans les deux semaines.<\/p>\n<h3>Exception dans le monde<\/h3>\n<p>Dans la file d&rsquo;attente, d&rsquo;autres sont au contraire favorables \u00e0 la piq\u00fbre pour tous.<\/p>\n<p>\u00ab\u00a0On en aurait fini depuis longtemps (avec la pand\u00e9mie) si tout le monde s&rsquo;\u00e9tait fait vacciner\u00a0\u00bb, peste Angelika Altmann, qui travaille dans un cabinet de notaire.<\/p>\n<p>Plus de 60% des Autrichiens soutiennent la mesure d&rsquo;apr\u00e8s une r\u00e9cente enqu\u00eate, mais de larges pans de la population y restent fermement oppos\u00e9s.<\/p>\n<p>Pendant plusieurs semaines apr\u00e8s l&rsquo;annonce du projet, des dizaines de milliers de personnes sont descendues dans la rue pour fustiger une mesure qualifi\u00e9e de radicale et liberticide.<\/p>\n<p>Des critiques ont aussi \u00e9merg\u00e9 sur le sens de cette loi face \u00e0 la moindre gravit\u00e9 du variant Omicron et l&rsquo;explosion du nombre de cas. Le chancelier conservateur Karl Nehammer, qui dirige le pays alpin avec les \u00e9cologistes, a d&rsquo;ailleurs annonc\u00e9 dans le m\u00eame temps un assouplissement des restrictions sanitaires.<\/p>\n<p>Mais pour le ministre de la Sant\u00e9 Wolfgang M\u00fcckstein, la vaccination obligatoire vise \u00e0 prot\u00e9ger contre \u00ab\u00a0les nouvelles vagues\u00a0\u00bb, \u00ab\u00a0\u00e0 lutter contre les nouveaux variants\u00a0\u00bb qui pourraient appara\u00eetre dans les mois \u00e0 venir.<\/p>\n<h3>Le pass vaccinal s&rsquo;impose dans un nombre croissant de pays pour certaines professions ou activit\u00e9s mais la vaccination anti-Covid pour tous demeure, elle, une exception.<\/h3>\n<p>En Equateur, elle est obligatoire, y compris pour les enfants de plus de cinq ans, ce qui constitue une premi\u00e8re mondiale.<\/p>\n<p>Avant cela, deux \u00c9tats autoritaires d&rsquo;Asie centrale, le Tadjikistan et le Turkm\u00e9nistan, avaient impos\u00e9 la vaccination. Tout comme l&rsquo;Indon\u00e9sie, m\u00eame si dans les faits, moins de la moiti\u00e9 de la population est vaccin\u00e9e. (AFP)<\/p>\n","protected":false},"excerpt":{"rendered":"<p>C&rsquo;est officiel: les Autrichiens de plus de 18 ans doivent \u00e0 partir de samedi se faire vacciner contre le Covid-19, sous peine d&rsquo;encourir une forte amende, une mesure sans pr\u00e9c\u00e9dent dans l&rsquo;Union europ\u00e9enne. La loi, adopt\u00e9e le 20 janvier par le Parlement, a \u00e9t\u00e9 promulgu\u00e9e par le pr\u00e9sident vendredi, l&rsquo;aboutissement d&rsquo;un processus entam\u00e9 en novembre [&hellip;]<\/p>\n","protected":false},"author":1,"featured_media":7390,"comment_status":"open","ping_status":"closed","sticky":false,"template":"","format":"standard","meta":{"footnotes":""},"categories":[1372],"tags":[450,1214,1211,2162,1349],"class_list":["post-10702","post","type-post","status-publish","format-standard","has-post-thumbnail","hentry","category-monde","tag-autriche","tag-covid-19","tag-pandemie","tag-pass-vaccinal","tag-vaccination"],"aioseo_notices":[],"_links":{"self":[{"href":"https:\/\/www.culturalusa.com\/news\/wp-json\/wp\/v2\/posts\/10702","targetHints":{"allow":["GET"]}}],"collection":[{"href":"https:\/\/www.culturalusa.com\/news\/wp-json\/wp\/v2\/posts"}],"about":[{"href":"https:\/\/www.culturalusa.com\/news\/wp-json\/wp\/v2\/types\/post"}],"author":[{"embeddable":true,"href":"https:\/\/www.culturalusa.com\/news\/wp-json\/wp\/v2\/users\/1"}],"replies":[{"embeddable":true,"href":"https:\/\/www.culturalusa.com\/news\/wp-json\/wp\/v2\/comments?post=10702"}],"version-history":[{"count":0,"href":"https:\/\/www.culturalusa.com\/news\/wp-json\/wp\/v2\/posts\/10702\/revisions"}],"wp:featuredmedia":[{"embeddable":true,"href":"https:\/\/www.culturalusa.com\/news\/wp-json\/wp\/v2\/media\/7390"}],"wp:attachment":[{"href":"https:\/\/www.culturalusa.com\/news\/wp-json\/wp\/v2\/media?parent=10702"}],"wp:term":[{"taxonomy":"category","embeddable":true,"href":"https:\/\/www.culturalusa.com\/news\/wp-json\/wp\/v2\/categories?post=10702"},{"taxonomy":"post_tag","embeddable":true,"href":"https:\/\/www.culturalusa.com\/news\/wp-json\/wp\/v2\/tags?post=10702"}],"curies":[{"name":"wp","href":"https:\/\/api.w.org\/{rel}","templated":true}]}}