{"id":10709,"date":"2022-02-11T10:27:11","date_gmt":"2022-02-11T09:27:11","guid":{"rendered":"https:\/\/www.culturalusa.com\/news\/?p=10709"},"modified":"2022-02-11T10:27:11","modified_gmt":"2022-02-11T09:27:11","slug":"etats-unis-et-leurs-allies-asiatiques-se-reunissent-pour-endiguer-linfluence-chinoise","status":"publish","type":"post","link":"https:\/\/www.culturalusa.com\/news\/monde\/etats-unis-et-leurs-allies-asiatiques-se-reunissent-pour-endiguer-linfluence-chinoise\/","title":{"rendered":"Etats-Unis et leurs alli\u00e9s asiatiques se r\u00e9unissent pour endiguer l&rsquo;influence chinoise"},"content":{"rendered":"<p>Les ministres des Affaires \u00e9trang\u00e8res des Etats-Unis, de l&rsquo;Australie, du Japon et de l&rsquo;Inde ont commenc\u00e9 vendredi leurs discussions sur l&rsquo;approfondissement de leur <strong>alliance dite du Quad<\/strong>, visant sans la nommer la Chine et son l&rsquo;influence en pleine expansion dans la r\u00e9gion Asie-Pacifique.<\/p>\n<p>Le Premier ministre australien Scott Morrison a ouvert la journ\u00e9e en soulignant l&rsquo;importance de ce groupe dans la mise en place de coop\u00e9rations entre d\u00e9mocraties partageant les m\u00eames id\u00e9es, faisant allusion aux relations difficiles de son propre pays avec P\u00e9kin.<\/p>\n<p>\u00ab\u00a0Nous vivons dans un monde tr\u00e8s fragile, fragment\u00e9 et conflictuel\u00a0\u00bb, a-t-il soulign\u00e9 devant les diplomates invit\u00e9s.<\/p>\n<p>\u00ab\u00a0Nous nous opposons \u00e0 ceux qui cherchent \u00e0 nous contraindre\u00a0\u00bb, a-t-il ajout\u00e9.<\/p>\n<p>Sans mentionner nomm\u00e9ment la Chine, M. Morrison a dit son \u00ab\u00a0grand r\u00e9confort\u00a0\u00bb \u00e0 savoir que ses trois partenaires comprennent \u00ab\u00a0la contrainte et la pression que subit l&rsquo;Australie\u00a0\u00bb.<\/p>\n<p>Le secr\u00e9taire d&rsquo;Etat am\u00e9ricain Antony Blinken a assur\u00e9 que, m\u00eame si Washington se focalise \u00e0 l&rsquo;heure actuelle sur la menace russe en Ukraine, le d\u00e9fi \u00e0 plus long terme reste l&rsquo;avanc\u00e9e de la Chine, qui remet en cause \u00ab\u00a0l&rsquo;ordre traditionnel\u00a0\u00bb.<\/p>\n<p>\u00ab\u00a0A mon avis, il ne fait gu\u00e8re de doute que l&rsquo;ambition de la Chine, \u00e0 terme, est de devenir la premi\u00e8re puissance militaire, \u00e9conomique, diplomatique et politique, non seulement dans la r\u00e9gion mais aussi dans le monde\u00a0\u00bb, a-t-il d\u00e9clar\u00e9 au journal The Australian \u00e0 la veille des discussions.<\/p>\n<blockquote><p>Le <span style=\"color: #800000;\"><strong>groupe du Quad a<\/strong><\/span> \u00e9t\u00e9 lanc\u00e9 en 2007 mais n&rsquo;a vraiment pris forme qu&rsquo;une dizaine d&rsquo;ann\u00e9es plus tard, apr\u00e8s des affrontements violents \u00e0 la fronti\u00e8re entre l&rsquo;Inde et la Chine et un d\u00e9ploiement de la puissance militaire chinoise dans la mer de Chine m\u00e9ridionale.<br \/>\nCovid, 5G, climat<\/p><\/blockquote>\n<h3>\u00ab\u00a0Ensemble, nous formons un r\u00e9seau vital de d\u00e9mocraties lib\u00e9rales qui s&rsquo;engagent \u00e0 coop\u00e9rer concr\u00e8tement et \u00e0 faire en sorte que tous les pays de l&rsquo;Indo-Pacifique, grands et petits, soient en mesure de prendre leurs propres d\u00e9cisions strat\u00e9giques, sans coercition\u00a0\u00bb, a d\u00e9clar\u00e9 vendredi la ministre australienne des Affaires \u00e9trang\u00e8res Marise Payne, en amont du sommet.<\/h3>\n<p>Apr\u00e8s des exercices navals communs en 2020 dans le Golfe du Bengale, la rencontre de Melbourne vise \u00e0 approfondir la coop\u00e9ration dans des domaines tels que la lutte contre le Covid-19, les questions des technologies de l&rsquo;information, avec notamment le d\u00e9ploiement des r\u00e9seaux de t\u00e9l\u00e9communications 5G, ou encore le changement climatique.<\/p>\n<p>Le ministre japonais des Affaires \u00e9trang\u00e8res Yoshimasa Hayashi a expliqu\u00e9 en janvier devant son Parlement que le Quad permettait d&rsquo;\u00e9tablir \u00ab\u00a0un ordre libre et ouvert fond\u00e9 sur l&rsquo;Etat de droit\u00a0\u00bb dans la r\u00e9gion Asie-Pacifique.<\/p>\n<p>La pand\u00e9mie a permis au groupe de s&rsquo;attribuer une mission plus large que l&rsquo;endiguement de la puissance chinoise.<\/p>\n<p>Les quatre pays ont utilis\u00e9 ce cadre pour s&rsquo;engager \u00e0 distribuer 1,3 milliard de vaccins, dont 500 millions ont d\u00e9j\u00e0 \u00e9t\u00e9 livr\u00e9s, selon Mme Payne.<\/p>\n<p>Pour les Etats-Unis, cette rencontre de Melbourne est l&rsquo;occasion de r\u00e9affirmer son choix de faire de l&rsquo;Asie le coeur de sa politique \u00e9trang\u00e8re et de d\u00e9fense.<\/p>\n<p>M\u00eame si l&rsquo;Ukraine est \u00ab\u00a0au centre des attentions\u00a0\u00bb \u00e0 Washington, a assur\u00e9 M. Blinken \u00e0 son arriv\u00e9e en Australie, \u00ab\u00a0le monde est grand\u00a0\u00bb.<\/p>\n<p>\u00ab\u00a0Nos int\u00e9r\u00eats sont mondiaux et vous savez tous tr\u00e8s bien que nous mettons l&rsquo;accent sur les r\u00e9gions Asie-Pacifique et Indo-Pacifique\u00a0\u00bb, a-t-il ajout\u00e9. (AFP)<\/p>\n","protected":false},"excerpt":{"rendered":"<p>Les ministres des Affaires \u00e9trang\u00e8res des Etats-Unis, de l&rsquo;Australie, du Japon et de l&rsquo;Inde ont commenc\u00e9 vendredi leurs discussions sur l&rsquo;approfondissement de leur alliance dite du Quad, visant sans la nommer la Chine et son l&rsquo;influence en pleine expansion dans la r\u00e9gion Asie-Pacifique. Le Premier ministre australien Scott Morrison a ouvert la journ\u00e9e en soulignant [&hellip;]<\/p>\n","protected":false},"author":1,"featured_media":10710,"comment_status":"open","ping_status":"closed","sticky":false,"template":"","format":"standard","meta":{"footnotes":""},"categories":[1372],"tags":[2195,2192,2194,2193],"class_list":["post-10709","post","type-post","status-publish","format-standard","has-post-thumbnail","hentry","category-monde","tag-alliance-du-quad","tag-allies-asiatiques","tag-groupe-du-quad","tag-influence-chinoise"],"aioseo_notices":[],"_links":{"self":[{"href":"https:\/\/www.culturalusa.com\/news\/wp-json\/wp\/v2\/posts\/10709","targetHints":{"allow":["GET"]}}],"collection":[{"href":"https:\/\/www.culturalusa.com\/news\/wp-json\/wp\/v2\/posts"}],"about":[{"href":"https:\/\/www.culturalusa.com\/news\/wp-json\/wp\/v2\/types\/post"}],"author":[{"embeddable":true,"href":"https:\/\/www.culturalusa.com\/news\/wp-json\/wp\/v2\/users\/1"}],"replies":[{"embeddable":true,"href":"https:\/\/www.culturalusa.com\/news\/wp-json\/wp\/v2\/comments?post=10709"}],"version-history":[{"count":1,"href":"https:\/\/www.culturalusa.com\/news\/wp-json\/wp\/v2\/posts\/10709\/revisions"}],"predecessor-version":[{"id":10711,"href":"https:\/\/www.culturalusa.com\/news\/wp-json\/wp\/v2\/posts\/10709\/revisions\/10711"}],"wp:featuredmedia":[{"embeddable":true,"href":"https:\/\/www.culturalusa.com\/news\/wp-json\/wp\/v2\/media\/10710"}],"wp:attachment":[{"href":"https:\/\/www.culturalusa.com\/news\/wp-json\/wp\/v2\/media?parent=10709"}],"wp:term":[{"taxonomy":"category","embeddable":true,"href":"https:\/\/www.culturalusa.com\/news\/wp-json\/wp\/v2\/categories?post=10709"},{"taxonomy":"post_tag","embeddable":true,"href":"https:\/\/www.culturalusa.com\/news\/wp-json\/wp\/v2\/tags?post=10709"}],"curies":[{"name":"wp","href":"https:\/\/api.w.org\/{rel}","templated":true}]}}