{"id":1074,"date":"2013-06-05T00:05:57","date_gmt":"2013-06-04T22:05:57","guid":{"rendered":"http:\/\/www.culturalusa.com\/news\/?p=1074"},"modified":"2013-06-05T00:05:57","modified_gmt":"2013-06-04T22:05:57","slug":"gerard-depardieu-presentera-le-festival-du-cinema-russe","status":"publish","type":"post","link":"https:\/\/www.culturalusa.com\/news\/culture\/gerard-depardieu-presentera-le-festival-du-cinema-russe\/","title":{"rendered":"G\u00e9rard Depardieu pr\u00e9sentera le festival du cin\u00e9ma russe"},"content":{"rendered":"<p><img loading=\"lazy\" decoding=\"async\" src=\"http:\/\/www.culturalusa.com\/news\/wp-content\/uploads\/2013\/06\/gerard-depardieu.jpg\" alt=\"Gerard Depardieu\" width=\"467\" height=\"270\" class=\"aligncenter size-full wp-image-1075\" srcset=\"https:\/\/www.culturalusa.com\/news\/wp-content\/uploads\/2013\/06\/gerard-depardieu.jpg 467w, https:\/\/www.culturalusa.com\/news\/wp-content\/uploads\/2013\/06\/gerard-depardieu-275x159.jpg 275w\" sizes=\"auto, (max-width: 467px) 100vw, 467px\" \/>G.Depardieu participera jeudi \u00e0 une conf\u00e9rence de pr\u00e9sentation du premier festival du cin\u00e9ma russe \u00e0 Nice, dans le sud-est de la France, programm\u00e9 du 14 au 17 juin, a annonc\u00e9 mardi la mairie de Nice.<\/p>\n<p>Cette premi\u00e8re \u00e9dition s&rsquo;inscrit dans le cadre des 400 ans de la Maison Romanov, la dynastie qui r\u00e9gna sur la Russie de 1613 jusqu&rsquo;\u00e0 la r\u00e9volution russe de 1917.<\/p>\n<p>Nicola\u00ef Borodatchev, directeur du Gosfilmofond (les archives centrales publiques du cin\u00e9ma en Russie), pr\u00e9sentera jeudi la programmation aux c\u00f4t\u00e9s du d\u00e9put\u00e9-maire de la ville Christian Estrosi. L&rsquo;acteur fran\u00e7ais a confirm\u00e9 mardi sa pr\u00e9sence, selon la mairie.<\/p>\n<p>Ag\u00e9 de 64 ans, G\u00e9rard Depardieu s&rsquo;\u00e9tait vu octroyer la nationalit\u00e9 russe en janvier par le pr\u00e9sident Vladimir Poutine, apr\u00e8s une pol\u00e9mique avec le Premier ministre fran\u00e7ais Jean-Marc Ayrault qui avait qualifi\u00e9 de \u00abminable\u00bb la d\u00e9cision de l&rsquo;acteur de quitter la France pour la Belgique pour des raisons fiscales. <\/p>\n<p>Le com\u00e9dien avait auparavant achet\u00e9 une maison en Belgique.G\u00e9rard Depardieu, qui clame d\u00e9sormais haut et fort son amour pour la Russie, tourne actuellement un film en Tch\u00e9tch\u00e9nie. <\/p>\n<p>Le film Raspoutine (2011) de la r\u00e9alisatrice fran\u00e7aise Jos\u00e9e Dayan, avec G\u00e9rard Depardieu dans le r\u00f4le principal, sera pr\u00e9sent\u00e9 en cl\u00f4ture du festival le 17 juin.<\/p>\n<p>Le festival du cin\u00e9ma russe \u00e0 Nice proposera des projections de films russes en version originale avec sous-titrage en fran\u00e7ais, issus des archives d&rsquo;Etat de la Russie, mais aussi des rencontres avec les acteurs et les r\u00e9alisateurs des films. <\/p>\n<p>Gosfilmofond &#8211; qui poss\u00e8de pr\u00e8s de 70.000 titres et 450.000 affiches, sc\u00e9narios originaux ou photographies de cin\u00e9ma &#8211; constitue le plus grand \u00e9tablissement de collection de films au monde, pr\u00e9cise la ville de Nice. <\/p>\n<p style=\"text-align:center;\"><script type=\"text\/javascript\"><!--\ngoogle_ad_client = \"ca-pub-2727717456356200\";\n\/* CulturaLusa 468x60 *\/\ngoogle_ad_slot = \"2785499263\";\ngoogle_ad_width = 468;\ngoogle_ad_height = 60;\n\/\/-->\n<\/script><br \/>\n<script type=\"text\/javascript\"\nsrc=\"http:\/\/pagead2.googlesyndication.com\/pagead\/show_ads.js\">\n<\/script><\/p>\n","protected":false},"excerpt":{"rendered":"<p>G.Depardieu participera jeudi \u00e0 une conf\u00e9rence de pr\u00e9sentation du premier festival du cin\u00e9ma russe \u00e0 Nice, dans le sud-est de la France, programm\u00e9 du 14 au 17 juin, a annonc\u00e9 mardi la mairie de Nice. Cette premi\u00e8re \u00e9dition s&rsquo;inscrit dans le cadre des 400 ans de la Maison Romanov, la dynastie qui r\u00e9gna sur la [&hellip;]<\/p>\n","protected":false},"author":1,"featured_media":0,"comment_status":"open","ping_status":"closed","sticky":false,"template":"","format":"standard","meta":{"footnotes":""},"categories":[4],"tags":[],"class_list":["post-1074","post","type-post","status-publish","format-standard","hentry","category-culture"],"aioseo_notices":[],"_links":{"self":[{"href":"https:\/\/www.culturalusa.com\/news\/wp-json\/wp\/v2\/posts\/1074","targetHints":{"allow":["GET"]}}],"collection":[{"href":"https:\/\/www.culturalusa.com\/news\/wp-json\/wp\/v2\/posts"}],"about":[{"href":"https:\/\/www.culturalusa.com\/news\/wp-json\/wp\/v2\/types\/post"}],"author":[{"embeddable":true,"href":"https:\/\/www.culturalusa.com\/news\/wp-json\/wp\/v2\/users\/1"}],"replies":[{"embeddable":true,"href":"https:\/\/www.culturalusa.com\/news\/wp-json\/wp\/v2\/comments?post=1074"}],"version-history":[{"count":0,"href":"https:\/\/www.culturalusa.com\/news\/wp-json\/wp\/v2\/posts\/1074\/revisions"}],"wp:attachment":[{"href":"https:\/\/www.culturalusa.com\/news\/wp-json\/wp\/v2\/media?parent=1074"}],"wp:term":[{"taxonomy":"category","embeddable":true,"href":"https:\/\/www.culturalusa.com\/news\/wp-json\/wp\/v2\/categories?post=1074"},{"taxonomy":"post_tag","embeddable":true,"href":"https:\/\/www.culturalusa.com\/news\/wp-json\/wp\/v2\/tags?post=1074"}],"curies":[{"name":"wp","href":"https:\/\/api.w.org\/{rel}","templated":true}]}}