{"id":10765,"date":"2022-02-19T15:45:54","date_gmt":"2022-02-19T14:45:54","guid":{"rendered":"https:\/\/www.culturalusa.com\/news\/?p=10765"},"modified":"2022-02-19T15:46:38","modified_gmt":"2022-02-19T14:46:38","slug":"accord-nucleaire-de-vienne-olaf-scholz-dit-le-moment-de-verite-est-venu","status":"publish","type":"post","link":"https:\/\/www.culturalusa.com\/news\/monde\/accord-nucleaire-de-vienne-olaf-scholz-dit-le-moment-de-verite-est-venu\/","title":{"rendered":"Accord nucl\u00e9aire de Vienne : Olaf Scholz dit \u00ab\u00a0Le moment de v\u00e9rit\u00e9 est venu\u00a0\u00bb"},"content":{"rendered":"<p><strong>Olaf Scholz<\/strong> (chancelier allemand) a averti que les chances de sauver l&rsquo;accord nucl\u00e9aire de Vienne s&rsquo;amenuisent et que \u00ab\u00a0le moment de v\u00e9rit\u00e9\u00a0\u00bb est arriv\u00e9 \u00e0 T\u00e9h\u00e9ran, affirmant que son pays n&rsquo;acceptera jamais un Iran dot\u00e9 de l&rsquo;arme nucl\u00e9aire.<\/p>\n<blockquote><p>\u00ab\u00a0Les dirigeants iraniens ont le choix. Le moment de v\u00e9rit\u00e9 est arriv\u00e9\u00a0\u00bb pour eux, a d\u00e9clar\u00e9 Scholz dans un discours \u00e0 la Conf\u00e9rence de Munich sur la s\u00e9curit\u00e9.<\/p><\/blockquote>\n<h3>\u00ab\u00a0Nous avons une opportunit\u00e9 de parvenir \u00e0 un accord qui permettra la lev\u00e9e des sanctions\u00a0\u00bb contre l&rsquo;Iran, a ajout\u00e9 la chanceli\u00e8re allemande, soulignant que si \u00ab\u00a0nous n&rsquo;y arrivons pas bient\u00f4t\u00a0\u00bb, alors \u00ab\u00a0les n\u00e9gociations risquent d&rsquo;\u00e9chouer\u00a0\u00bb.<\/h3>\n<p>Les \u00c9tats-Unis ont fait \u00e9tat jeudi de \u00ab\u00a0progr\u00e8s substantiels\u00a0\u00bb dans les pourparlers de Vienne pour sauver l&rsquo;accord sur le nucl\u00e9aire iranien, affirmant qu&rsquo;un accord serait possible \u00ab\u00a0dans les prochains jours\u00a0\u00bb si l&rsquo;Iran \u00ab\u00a0fait preuve de s\u00e9rieux\u00a0\u00bb.<\/p>\n<h3>Le ministre iranien des Affaires \u00e9trang\u00e8res doit s&rsquo;exprimer aujourd&rsquo;hui \u00e0 la conf\u00e9rence de Munich sur la s\u00e9curit\u00e9.<\/h3>\n<p>Les pourparlers de Vienne visent \u00e0 sauver l&rsquo;accord de 2015 qui a lev\u00e9 les sanctions \u00e9conomiques internationales contre l&rsquo;Iran en \u00e9change de limites strictes \u00e0 son programme nucl\u00e9aire visant \u00e0 emp\u00eacher ce pays d&rsquo;obtenir la bombe atomique.<\/p>\n","protected":false},"excerpt":{"rendered":"<p>Olaf Scholz (chancelier allemand) a averti que les chances de sauver l&rsquo;accord nucl\u00e9aire de Vienne s&rsquo;amenuisent et que \u00ab\u00a0le moment de v\u00e9rit\u00e9\u00a0\u00bb est arriv\u00e9 \u00e0 T\u00e9h\u00e9ran, affirmant que son pays n&rsquo;acceptera jamais un Iran dot\u00e9 de l&rsquo;arme nucl\u00e9aire. \u00ab\u00a0Les dirigeants iraniens ont le choix. Le moment de v\u00e9rit\u00e9 est arriv\u00e9\u00a0\u00bb pour eux, a d\u00e9clar\u00e9 Scholz [&hellip;]<\/p>\n","protected":false},"author":1,"featured_media":10766,"comment_status":"open","ping_status":"closed","sticky":false,"template":"","format":"standard","meta":{"footnotes":""},"categories":[1372],"tags":[2220,820,2221,1450],"class_list":["post-10765","post","type-post","status-publish","format-standard","has-post-thumbnail","hentry","category-monde","tag-accord-nucleaire-de-vienne","tag-nucleaire","tag-olaf-scholz","tag-vienne"],"aioseo_notices":[],"_links":{"self":[{"href":"https:\/\/www.culturalusa.com\/news\/wp-json\/wp\/v2\/posts\/10765","targetHints":{"allow":["GET"]}}],"collection":[{"href":"https:\/\/www.culturalusa.com\/news\/wp-json\/wp\/v2\/posts"}],"about":[{"href":"https:\/\/www.culturalusa.com\/news\/wp-json\/wp\/v2\/types\/post"}],"author":[{"embeddable":true,"href":"https:\/\/www.culturalusa.com\/news\/wp-json\/wp\/v2\/users\/1"}],"replies":[{"embeddable":true,"href":"https:\/\/www.culturalusa.com\/news\/wp-json\/wp\/v2\/comments?post=10765"}],"version-history":[{"count":1,"href":"https:\/\/www.culturalusa.com\/news\/wp-json\/wp\/v2\/posts\/10765\/revisions"}],"predecessor-version":[{"id":10767,"href":"https:\/\/www.culturalusa.com\/news\/wp-json\/wp\/v2\/posts\/10765\/revisions\/10767"}],"wp:featuredmedia":[{"embeddable":true,"href":"https:\/\/www.culturalusa.com\/news\/wp-json\/wp\/v2\/media\/10766"}],"wp:attachment":[{"href":"https:\/\/www.culturalusa.com\/news\/wp-json\/wp\/v2\/media?parent=10765"}],"wp:term":[{"taxonomy":"category","embeddable":true,"href":"https:\/\/www.culturalusa.com\/news\/wp-json\/wp\/v2\/categories?post=10765"},{"taxonomy":"post_tag","embeddable":true,"href":"https:\/\/www.culturalusa.com\/news\/wp-json\/wp\/v2\/tags?post=10765"}],"curies":[{"name":"wp","href":"https:\/\/api.w.org\/{rel}","templated":true}]}}