{"id":10796,"date":"2022-02-22T19:07:25","date_gmt":"2022-02-22T18:07:25","guid":{"rendered":"https:\/\/www.culturalusa.com\/news\/?p=10796"},"modified":"2022-02-22T19:09:46","modified_gmt":"2022-02-22T18:09:46","slug":"immigration-un-debat-brulant-de-la-campagne-presidentielle-2022","status":"publish","type":"post","link":"https:\/\/www.culturalusa.com\/news\/actualite\/immigration-un-debat-brulant-de-la-campagne-presidentielle-2022\/","title":{"rendered":"Immigration: un d\u00e9bat br\u00fblant de la campagne pr\u00e9sidentielle 2022"},"content":{"rendered":"<p>La <strong>droite<\/strong> et la <a href=\"https:\/\/fr.wikipedia.org\/wiki\/Conservatisme\" target=\"_blank\" rel=\"noopener\"><strong>droite conservatrice<\/strong><\/a>, le sujet migratoire est omnipr\u00e9sent dans la campagne pr\u00e9sidentielle. Une place d\u00e9mesur\u00e9e dans le d\u00e9bat, au regard des chiffres, mais r\u00e9v\u00e9latrice d&rsquo;un \u00ab\u00a0impens\u00e9\u00a0\u00bb de la France, qui ne s&rsquo;assume pas comme pays d&rsquo;immigration, estiment historiens et d\u00e9mographes.<\/p>\n<p>Si l&rsquo;ampleur prise par le sujet interpelle, les sp\u00e9cialistes, interrog\u00e9s par l&rsquo;AFP, s&rsquo;accordent \u00e0 dire que le th\u00e8me, lui, est un grand classique des scrutins pr\u00e9sidentiels, quelle que soit par ailleurs la situation du pays en mati\u00e8re de <strong>flux migratoires<\/strong>.<\/p>\n<p>\u00ab\u00a0Le pourcentage d&rsquo;immigr\u00e9s, la r\u00e9alit\u00e9 de l&rsquo;immigration, n&rsquo;a jamais eu de rapport avec l&rsquo;omnipr\u00e9sence de la question dans certaines franges politiques. C&rsquo;est un sujet cyclique et nous sommes au pic d&rsquo;un cycle\u00a0\u00bb, observe l&rsquo;historien Pascal Blanchard, auteur de l'\u00a0\u00bbAtlas des immigrations\u00a0\u00bb (2021, Autrement).<\/p>\n<p>Depuis 125 ans au moins, l&rsquo;immigration provoque des pouss\u00e9es de fi\u00e8vre politique: du massacre des travailleurs italiens \u00e0 Aigues-Mortes en 1893 et l&rsquo;assassinat du pr\u00e9sident Sadi Carnot par un anarchiste italien en 1894, en passant par l&rsquo;entre-deux guerres. A l&rsquo;\u00e9poque, en 1930, la France est le pays qui compte le plus fort taux d&rsquo;immigr\u00e9s au monde.<\/p>\n<p>Aujourd&rsquo;hui, le niveau de la demande d&rsquo;asile, symboliquement scrut\u00e9 depuis la crise migratoire de 2015, a bien atteint un record en 2019 (151.000 dossiers), qui n&rsquo;a reflu\u00e9 depuis qu&rsquo;en raison de la pand\u00e9mie.<\/p>\n<p>Mais dans l&rsquo;ensemble, la France est revenue dans le rang: elle est en dessous de la moyenne par le nombre d&rsquo;\u00e9trangers sur son sol (7,6 %), 15e sur les 27 pays de l&rsquo;Union europ\u00e9enne d&rsquo;apr\u00e8s Eurostat.<\/p>\n<p>Comment expliquer, alors, que la question soit si br\u00fblante ?<\/p>\n<h3>Amalgames<\/h3>\n<p>D&rsquo;abord parce qu&rsquo;il s&rsquo;agit d&rsquo;un th\u00e8me \u00ab\u00a0de mobilisation qui marche, qui est f\u00e9d\u00e9rateur pour la droite et l&rsquo;extr\u00eame droite\u00a0\u00bb qui le font \u00ab\u00a0monter en puissance depuis sept, huit ans\u00a0\u00bb, jusqu&rsquo;\u00e0 d\u00e9ployer aujourd&rsquo;hui \u00ab\u00a0une vision tr\u00e8s radicale\u00a0\u00bb, analyse Pascal Blanchard.<\/p>\n<p>Son explosion s&rsquo;appuie aussi sur \u00ab\u00a0un impens\u00e9 fran\u00e7ais\u00a0\u00bb: \u00ab\u00a0Nous sommes historiquement un grand pays d&rsquo;immigration qui ne s&rsquo;est jamais pens\u00e9 comme un grand pays d&rsquo;immigration\u00a0\u00bb, estime l&rsquo;historien.<\/p>\n<p>L&rsquo;immigration \u00ab\u00a0ne fait pas partie du Panth\u00e9on analytique fran\u00e7ais\u00a0\u00bb, explique-t-il. \u00ab\u00a0On met \u00e7a sous le tapis, du coup le sujet se cristallise de mani\u00e8re particuli\u00e8re\u00a0\u00bb, l\u00e0 o\u00f9 le voisin allemand, par exemple, s&rsquo;assume comme \u00ab\u00a0pays d&rsquo;assimilation\u00a0\u00bb, fut-ce en invoquant la \u00ab\u00a0rationalit\u00e9 \u00e9conomique\u00a0\u00bb.<\/p>\n<p>Le th\u00e8me fleurit aussi, depuis quelques ann\u00e9es, sur la disparition d&rsquo;un discours alternatif.<\/p>\n<p>\u00ab\u00a0Pour \u00eatre \u00e9lu, il faut forc\u00e9ment mobiliser le +nous+ fran\u00e7ais. Dans le pass\u00e9, la gauche est parvenue \u00e0 contrer ce discours identitaire en privil\u00e9giant la question sociale et en l&rsquo;\u00e9largissant aux questions humanitaires\u00a0\u00bb, rel\u00e8ve G\u00e9rard Noiriel, historien sp\u00e9cialiste de l&rsquo;immigration.<\/p>\n<p>Pour lui, \u00ab\u00a0ce qui distingue le plus notre \u00e9poque, ce n&rsquo;est pas l&rsquo;ampleur de l&rsquo;immigration, mais la tension de plus en plus vive entre un champ politique qui reste national et les autres sph\u00e8res d&rsquo;activit\u00e9 qui sont d\u00e9j\u00e0 fortement mondialis\u00e9es\u00a0\u00bb, comme l&rsquo;\u00e9conomie ou l&rsquo;immigration.<\/p>\n<blockquote><p>Enfin, au moment o\u00f9 l&rsquo;agenda fait s&rsquo;entrechoquer campagne et proc\u00e8s des attentats du 13 novembre 2015, \u00ab\u00a0l&rsquo;impact du discours sur l&rsquo;immigration dans l&rsquo;opinion s&rsquo;explique par la multiplication des attentats terroristes commis par des criminels qui se r\u00e9clament de l&rsquo;islam\u00a0\u00bb, souligne G\u00e9rard Noiriel.<\/p><\/blockquote>\n<p>Cet amalgame \u00ab\u00a0immigration, islamisme, quartiers populaires, tout \u00e7a fabrique une matrice\u00a0\u00bb qui infuse dans la soci\u00e9t\u00e9, reprend Pascal Blanchard.<\/p>\n<h3>Anachronique<\/h3>\n<p>A une \u00e9poque o\u00f9 la moindre affirmation des candidats est soumise \u00e0 v\u00e9rification, \u00ab\u00a0la bataille de chiffres pour savoir s&rsquo;il y a 250.000 ou 300.000 immigr\u00e9s entr\u00e9s en France n&rsquo;est pas le sujet\u00a0\u00bb, poursuit-il.<\/p>\n<p>\u00ab\u00a0Pour leurs \u00e9lecteurs, qu&rsquo;ils soient 7 %, 10 % ou 14 %, c&rsquo;est de toute fa\u00e7on trop. Ce n&rsquo;est pas rationnel, \u00e7a joue sur des r\u00e9alit\u00e9s visuelles, comme lorsqu&rsquo;on a entendu que l&rsquo;\u00e9quipe de France (de football) n&rsquo;\u00e9tait plus l&rsquo;\u00e9quipe de France car il y a trop de Noirs.\u00a0\u00bb<\/p>\n<p>\u00ab\u00a0Ne parler que de chiffres est une impasse\u00a0\u00bb, juge \u00e9galement l&rsquo;actuel patron de l&rsquo;Office fran\u00e7ais de l&rsquo;immigration et de l&rsquo;int\u00e9gration, Didier Leschi.<\/p>\n<p>\u00ab\u00a0La question n&rsquo;est pas +est-ce qu&rsquo;il en faut plus ou moins ?+, mais celle de l&rsquo;int\u00e9gration\u00a0\u00bb, dans un pays o\u00f9 l&rsquo;immigration est \u00ab\u00a0en grande partie li\u00e9e \u00e0 l&rsquo;\u00e9chec des esp\u00e9rances port\u00e9es par la d\u00e9colonisation\u00a0\u00bb, consid\u00e8re l&rsquo;auteur de \u00ab\u00a0Ce grand d\u00e9rangement, l&rsquo;immigration en face\u00a0\u00bb (2020, Gallimard).<\/p>\n<p>\u00ab\u00a0Or, aujourd&rsquo;hui le d\u00e9bat est port\u00e9 par des gens qui font fi de la question sociale et focalisent l&rsquo;attention sur les difficult\u00e9s d&rsquo;une partie de l&rsquo;immigration qui a du mal \u00e0 s&rsquo;int\u00e9grer.\u00a0\u00bb<\/p>\n<p>Le \u00ab\u00a0d\u00e9calage complet entre r\u00e9alit\u00e9 de l&rsquo;immigration, relativement faible, et le ressenti ou l&rsquo;affirmation\u00a0\u00bb d&rsquo;une pression migratoire insoutenable donnent \u00e0 cette campagne \u00ab\u00a0un c\u00f4t\u00e9 anachronique\u00a0\u00bb, constate le d\u00e9mographe Herv\u00e9 Le Bras.<\/p>\n<p>Et quand bien m\u00eame faudrait-il r\u00e9pondre en se basant purement sur les chiffres, le compte n&rsquo;y est pas, explique-t-il.<\/p>\n<p>\u00ab\u00a0En 2019, selon l&rsquo;Insee, il y a eu 109.000 immigr\u00e9s de plus en France. Alors sur 67 millions de Fran\u00e7ais, combien de temps faudra-t-il pour qu&rsquo;il y ait un grand remplacement ?\u00a0\u00bb (AFP)<\/p>\n","protected":false},"excerpt":{"rendered":"<p>La droite et la droite conservatrice, le sujet migratoire est omnipr\u00e9sent dans la campagne pr\u00e9sidentielle. Une place d\u00e9mesur\u00e9e dans le d\u00e9bat, au regard des chiffres, mais r\u00e9v\u00e9latrice d&rsquo;un \u00ab\u00a0impens\u00e9\u00a0\u00bb de la France, qui ne s&rsquo;assume pas comme pays d&rsquo;immigration, estiment historiens et d\u00e9mographes. Si l&rsquo;ampleur prise par le sujet interpelle, les sp\u00e9cialistes, interrog\u00e9s par l&rsquo;AFP, [&hellip;]<\/p>\n","protected":false},"author":1,"featured_media":10797,"comment_status":"open","ping_status":"closed","sticky":false,"template":"","format":"standard","meta":{"footnotes":""},"categories":[30],"tags":[2240,2241,250],"class_list":["post-10796","post","type-post","status-publish","format-standard","has-post-thumbnail","hentry","category-actualite","tag-campagne-presidentielle-2022","tag-flux-migratoires","tag-immigration"],"aioseo_notices":[],"_links":{"self":[{"href":"https:\/\/www.culturalusa.com\/news\/wp-json\/wp\/v2\/posts\/10796","targetHints":{"allow":["GET"]}}],"collection":[{"href":"https:\/\/www.culturalusa.com\/news\/wp-json\/wp\/v2\/posts"}],"about":[{"href":"https:\/\/www.culturalusa.com\/news\/wp-json\/wp\/v2\/types\/post"}],"author":[{"embeddable":true,"href":"https:\/\/www.culturalusa.com\/news\/wp-json\/wp\/v2\/users\/1"}],"replies":[{"embeddable":true,"href":"https:\/\/www.culturalusa.com\/news\/wp-json\/wp\/v2\/comments?post=10796"}],"version-history":[{"count":3,"href":"https:\/\/www.culturalusa.com\/news\/wp-json\/wp\/v2\/posts\/10796\/revisions"}],"predecessor-version":[{"id":10800,"href":"https:\/\/www.culturalusa.com\/news\/wp-json\/wp\/v2\/posts\/10796\/revisions\/10800"}],"wp:featuredmedia":[{"embeddable":true,"href":"https:\/\/www.culturalusa.com\/news\/wp-json\/wp\/v2\/media\/10797"}],"wp:attachment":[{"href":"https:\/\/www.culturalusa.com\/news\/wp-json\/wp\/v2\/media?parent=10796"}],"wp:term":[{"taxonomy":"category","embeddable":true,"href":"https:\/\/www.culturalusa.com\/news\/wp-json\/wp\/v2\/categories?post=10796"},{"taxonomy":"post_tag","embeddable":true,"href":"https:\/\/www.culturalusa.com\/news\/wp-json\/wp\/v2\/tags?post=10796"}],"curies":[{"name":"wp","href":"https:\/\/api.w.org\/{rel}","templated":true}]}}