{"id":10802,"date":"2022-02-25T15:10:59","date_gmt":"2022-02-25T14:10:59","guid":{"rendered":"https:\/\/www.culturalusa.com\/news\/?p=10802"},"modified":"2022-02-25T15:10:59","modified_gmt":"2022-02-25T14:10:59","slug":"presidentielle-2022-la-guerre-en-ukraine-force-les-candidats-a-sadapter","status":"publish","type":"post","link":"https:\/\/www.culturalusa.com\/news\/actualite\/presidentielle-2022-la-guerre-en-ukraine-force-les-candidats-a-sadapter\/","title":{"rendered":"Pr\u00e9sidentielle 2022: la guerre en Ukraine force les candidats \u00e0 s&rsquo;adapter"},"content":{"rendered":"<p>La guerre en Ukraine bouleverse l&rsquo;ordre du jour des candidats \u00e0 la pr\u00e9sidentielle, contraints d&rsquo;adapter leur strat\u00e9gie dans une campagne qui semble vou\u00e9e \u00e0 \u00eatre \u00e9trange jusqu&rsquo;au bout.<\/p>\n<blockquote><p>Un pr\u00e9sident accapar\u00e9 par la situation internationale, des candidats sans adversaire d\u00e9clar\u00e9, des Fran\u00e7ais encore peu mobilis\u00e9s et \u00e0 peine sortis de la crise sanitaire: jamais une campagne pr\u00e9sidentielle n&rsquo;avait donn\u00e9 l&rsquo;impression d&rsquo;\u00eatre comme happ\u00e9e par les \u00e9v\u00e8nements et suspendue au temps.<\/p><\/blockquote>\n<p>Emmanuel Macron, dont l&rsquo;entr\u00e9e dans l&rsquo;ar\u00e8ne est sans cesse repouss\u00e9e, est tout occup\u00e9 \u00e0 g\u00e9rer les cons\u00e9quences de l&rsquo;invasion russe en Ukraine.<\/p>\n<p>Au lendemain d&rsquo;un sommet de l&rsquo;Union europ\u00e9enne, il devait participer vendredi \u00e0 un sommet de l&rsquo;<strong>Otan<\/strong> en visioconf\u00e9rence. Il recevait \u00e9galement ses pr\u00e9d\u00e9cesseurs Fran\u00e7ois Hollande et Nicolas Sarkozy \u00e0 l\u2019\u00c9lys\u00e9e et devait s&rsquo;adresser au Parlement exceptionnellement r\u00e9uni pour entendre un message \u00e9crit du pr\u00e9sident.<\/p>\n<p>L&rsquo;entourage du chef de l\u2019\u00c9tat avait cit\u00e9 le Salon de l&rsquo;Agriculture, passage oblig\u00e9 pour tout candidat et qui s&rsquo;ouvre samedi, comme possible rampe de lancement de sa campagne pour sa r\u00e9\u00e9lection. Mais cela paraissait vendredi improbable au vu des d\u00e9veloppements.<\/p>\n<p>Le temps presse pourtant \u00e0 44 jours du premier tour pour lequel M. Macron part ultra-favori.<\/p>\n<p>Toutes les enqu\u00eates d&rsquo;opinion le donnent entre 24 \u00e0 25% des intentions de vote, largement devant la candidate du RN Marine Le Pen (17-18%). Le pr\u00e9sident sortant l&#8217;emporte \u00e9galement au second tour dans tous les sc\u00e9narios.<\/p>\n<h3>Campagne bouscul\u00e9e<\/h3>\n<p>La campagne \u00ab\u00a0est d\u00e9j\u00e0 compliqu\u00e9e (&#8230;) mais nous ne pouvons pas mettre entre parenth\u00e8se l&rsquo;\u00e9lection pr\u00e9sidentielle. Mais elle sera certainement diff\u00e9rente\u00a0\u00bb, a admis le patron des d\u00e9put\u00e9s LREM, Christophe Castaner, sur Radio J.<\/p>\n<p>\u00ab\u00a0C&rsquo;est un moment de gravit\u00e9 o\u00f9 chacun est appel\u00e9 \u00e0 \u00eatre responsable, digne. Il n&rsquo;y pas de place pour la pol\u00e9mique\u00a0\u00bb, assurait de son c\u00f4t\u00e9 sur Sud Radio Michel Barnier, soutien de la candidate LR Val\u00e9rie P\u00e9cresse, estimant toutefois que la campagne ne doit pas \u00eatre suspendue.<\/p>\n<p>Chez les candidats, on s&rsquo;adaptait tant bien que mal, eux qui peinent d\u00e9j\u00e0 \u00e0 \u00eatre audibles aupr\u00e8s des Fran\u00e7ais sur fond de craintes d&rsquo;une abstention record les 10 et 24 avril.<\/p>\n<p>La campagne \u00ab\u00a0est de fait bouscul\u00e9e par la guerre en Ukraine\u00a0\u00bb, a reconnu Marine Le Pen sur BFMTV et RMC. Interrog\u00e9e pour savoir si M. Macron serait avantag\u00e9 du fait de sa posture internationale, elle a r\u00e9pondu: \u00ab\u00a0Objectivement, je ne le souhaite pas\u00a0\u00bb mais \u00ab\u00a0il pourrait \u00eatre tent\u00e9 de r\u00e9duire\u00a0\u00bb sa campagne \u00ab\u00a0\u00e0 quelques jours\u00a0\u00bb.<\/p>\n<p>Dans l&rsquo;entourage de son rival d&rsquo;extr\u00eame droite \u00c9ric Zemmour, qui devait tenir un meeting vendredi soir \u00e0 Chamb\u00e9ry, on avoue s&rsquo;\u00eatre interrog\u00e9 sur le maintien de ce d\u00e9placement. \u00ab\u00a0Oui, on a h\u00e9sit\u00e9, du moins on s&rsquo;est pos\u00e9 la question. Mais du coup, ce soir, \u00c9ric Zemmour parlera du conflit, de la paix, relations internationales\u00a0\u00bb.<\/p>\n<p>La suite de son d\u00e9placement samedi en Haute-Savoie a en revanche \u00e9t\u00e9 annul\u00e9e.<\/p>\n<p>A gauche, l&rsquo;\u00e9cologiste Yannick Jadot, qui a biff\u00e9 de son agenda un d\u00e9placement \u00e0 Clermont-Ferrand, la socialiste Anne Hidalgo ou encore Christiane Taubira ont particip\u00e9 jeudi soir \u00e0 Paris \u00e0 des manifestations de soutien \u00e0 l&rsquo;Ukraine.<\/p>\n<p>La candidate socialiste a appel\u00e9, tout comme M. Jadot, \u00e0 fournir des armes aux Ukrainiens pour qu&rsquo;ils se d\u00e9fendent.<\/p>\n<h3>Talon d&rsquo;Achille<\/h3>\n<p>Plusieurs candidats dont Marine Le Pen et le leader insoumis Jean-Luc M\u00e9lenchon se sont inqui\u00e9t\u00e9s des cons\u00e9quences de cette guerre en Europe sur le pouvoir d&rsquo;achat des Fran\u00e7ais, leur pr\u00e9occupation num\u00e9ro un selon les sondages, avant m\u00eame que le conflit n&rsquo;\u00e9clate.<\/p>\n<p>Dans le viseur, une nouvelle augmentation des prix de l&rsquo;\u00e9nergie et les possibles r\u00e9torsions russes aux sanctions occidentales, notamment l&rsquo;approvisionnement en gaz russe, le talon d&rsquo;Achille des Europ\u00e9ens.<\/p>\n<p>De La R\u00e9union, o\u00f9 il fait campagne, M. M\u00e9lenchon a dit craindre que \u00ab\u00a0le prix du p\u00e9trole, du gaz, du bl\u00e9 va augmenter, tous les prix vont augmenter et nous serons les principales victimes\u00a0\u00bb.<\/p>\n<p>De la m\u00eame mani\u00e8re, Marine Le Pen a appel\u00e9 \u00e0 \u00ab\u00a0ne pas traiter par dessus la jambe\u00a0\u00bb les cons\u00e9quences potentiellement \u00ab\u00a0terrifiantes\u00a0\u00bb sur le pouvoir d&rsquo;achat des Fran\u00e7ais.<\/p>\n<p>\u00ab\u00a0Je dis attention \u00e0 la nature des sanctions (&#8230;). Si nous en sommes les victimes, \u00e7a n&rsquo;a aucun sens\u00a0\u00bb, a soulign\u00e9 la candidate.<\/p>\n<p>Dans une allocution t\u00e9l\u00e9vis\u00e9e jeudi, le pr\u00e9sident Macron avait lui-m\u00eame averti les Fran\u00e7ais que cet \u00ab\u00a0acte de guerre\u00a0\u00bb de la Russie aurait \u00ab\u00a0des cons\u00e9quences profondes, durables sur nos vies et la g\u00e9opolitique de notre continent\u00a0\u00bb.<\/p>\n<p>Si \u00ab\u00a0la France n&rsquo;est pas le pays le plus expos\u00e9 par rapport \u00e0 la Russie\u00a0\u00bb (&#8230;) ce \u00ab\u00a0qu&rsquo;on ne mesure pas, c&rsquo;est le niveau de r\u00e9ponses de Poutine face aux sanctions\u00a0\u00bb citant en particulier l&rsquo;approvisionnement de gaz en Europe, confie \u00e0 l&rsquo;AFP un ministre. (AFP)<\/p>\n","protected":false},"excerpt":{"rendered":"<p>La guerre en Ukraine bouleverse l&rsquo;ordre du jour des candidats \u00e0 la pr\u00e9sidentielle, contraints d&rsquo;adapter leur strat\u00e9gie dans une campagne qui semble vou\u00e9e \u00e0 \u00eatre \u00e9trange jusqu&rsquo;au bout. Un pr\u00e9sident accapar\u00e9 par la situation internationale, des candidats sans adversaire d\u00e9clar\u00e9, des Fran\u00e7ais encore peu mobilis\u00e9s et \u00e0 peine sortis de la crise sanitaire: jamais une [&hellip;]<\/p>\n","protected":false},"author":1,"featured_media":10803,"comment_status":"open","ping_status":"closed","sticky":false,"template":"","format":"standard","meta":{"footnotes":""},"categories":[30],"tags":[667,1707,388,333,173],"class_list":["post-10802","post","type-post","status-publish","format-standard","has-post-thumbnail","hentry","category-actualite","tag-otan","tag-presidentielle-2022","tag-russie","tag-ukraine","tag-union-europeenne"],"aioseo_notices":[],"_links":{"self":[{"href":"https:\/\/www.culturalusa.com\/news\/wp-json\/wp\/v2\/posts\/10802","targetHints":{"allow":["GET"]}}],"collection":[{"href":"https:\/\/www.culturalusa.com\/news\/wp-json\/wp\/v2\/posts"}],"about":[{"href":"https:\/\/www.culturalusa.com\/news\/wp-json\/wp\/v2\/types\/post"}],"author":[{"embeddable":true,"href":"https:\/\/www.culturalusa.com\/news\/wp-json\/wp\/v2\/users\/1"}],"replies":[{"embeddable":true,"href":"https:\/\/www.culturalusa.com\/news\/wp-json\/wp\/v2\/comments?post=10802"}],"version-history":[{"count":1,"href":"https:\/\/www.culturalusa.com\/news\/wp-json\/wp\/v2\/posts\/10802\/revisions"}],"predecessor-version":[{"id":10804,"href":"https:\/\/www.culturalusa.com\/news\/wp-json\/wp\/v2\/posts\/10802\/revisions\/10804"}],"wp:featuredmedia":[{"embeddable":true,"href":"https:\/\/www.culturalusa.com\/news\/wp-json\/wp\/v2\/media\/10803"}],"wp:attachment":[{"href":"https:\/\/www.culturalusa.com\/news\/wp-json\/wp\/v2\/media?parent=10802"}],"wp:term":[{"taxonomy":"category","embeddable":true,"href":"https:\/\/www.culturalusa.com\/news\/wp-json\/wp\/v2\/categories?post=10802"},{"taxonomy":"post_tag","embeddable":true,"href":"https:\/\/www.culturalusa.com\/news\/wp-json\/wp\/v2\/tags?post=10802"}],"curies":[{"name":"wp","href":"https:\/\/api.w.org\/{rel}","templated":true}]}}