{"id":10859,"date":"2022-03-25T17:43:36","date_gmt":"2022-03-25T16:43:36","guid":{"rendered":"https:\/\/www.culturalusa.com\/news\/?p=10859"},"modified":"2022-03-25T17:43:36","modified_gmt":"2022-03-25T16:43:36","slug":"ue-usa-accord-sur-un-nouveau-cadre-pour-le-transfert-des-donnees-personnelles","status":"publish","type":"post","link":"https:\/\/www.culturalusa.com\/news\/technologie\/ue-usa-accord-sur-un-nouveau-cadre-pour-le-transfert-des-donnees-personnelles\/","title":{"rendered":"UE-USA : Accord sur un nouveau cadre pour le transfert des donn\u00e9es personnelles"},"content":{"rendered":"<p>Washington et Bruxelles ont annonc\u00e9 avoir trouv\u00e9 un accord de principe sur un nouveau cadre pour le <strong>transfert des donn\u00e9es personnelles<\/strong> de l&rsquo;Union europ\u00e9enne vers les Etats-Unis, crucial pour l&rsquo;<strong>\u00e9conomie num\u00e9rique<\/strong>, apr\u00e8s l&rsquo;invalidation des pr\u00e9c\u00e9dents dispositifs par la justice europ\u00e9enne.<\/p>\n<blockquote><p>Nouveau signe de resserrement des liens transatlantiques, l&rsquo;annonce, faite \u00e0 Bruxelles par le pr\u00e9sident am\u00e9ricain Joe Biden et la pr\u00e9sidente de la Commission europ\u00e9enne Ursula von der Leyen, intervient apr\u00e8s des mois de n\u00e9gociations.<\/p><\/blockquote>\n<p>Le militant pour le respect de la vie priv\u00e9e Max Schrems a menac\u00e9 d&rsquo;intenter une nouvelle action en justice contre le futur m\u00e9canisme qui a en revanche \u00e9t\u00e9 salu\u00e9 par les g\u00e9ants de la tech.<\/p>\n<p>Ces derniers se plaignaient d&rsquo;\u00eatre dans le flou depuis l&rsquo;invalidation en juillet 2020 par la justice europ\u00e9enne du syst\u00e8me du \u00ab\u00a0Privacy Shield\u00a0\u00bb (\u00ab\u00a0bouclier de protection\u00a0\u00bb) permettant ces transferts de donn\u00e9es, en raison de craintes sur les programmes de surveillance am\u00e9ricains. Un premier accord avait d\u00e9j\u00e0 \u00e9t\u00e9 retoqu\u00e9 par la Cour de justice de l&rsquo;UE en 2015.<\/p>\n<p>Le nouvel accord \u00ab\u00a0souligne notre engagement commun en faveur de la vie priv\u00e9e, de la protection des donn\u00e9es et de l&rsquo;\u00c9tat de droit\u00a0\u00bb, a d\u00e9clar\u00e9 M. Biden lors d&rsquo;une conf\u00e9rence de presse avec Mme von der Leyen. Il \u00ab\u00a0facilitera la relation \u00e9conomique avec l&rsquo;UE qui p\u00e8se 7.100 milliards de dollars (environ 6.400 milliards d&rsquo;euros)\u00a0\u00bb, a-t-il dit.<\/p>\n<p>\u00ab\u00a0Le respect de la vie priv\u00e9e et la s\u00e9curit\u00e9 sont des \u00e9l\u00e9ments cl\u00e9s de mon programme en mati\u00e8re de num\u00e9rique\u00a0\u00bb, a-t-il assur\u00e9, ajoutant que l&rsquo;arrangement trouv\u00e9 \u00ab\u00a0am\u00e9liorait\u00a0\u00bb le \u00ab\u00a0Privacy Shield\u00a0\u00bb, et \u00ab\u00a0aiderait petites et grandes entreprises \u00e0 \u00eatre comp\u00e9titives dans l&rsquo;\u00e9conomie num\u00e9rique\u00a0\u00bb.<\/p>\n<p>La cheffe de l&rsquo;ex\u00e9cutif europ\u00e9en s&rsquo;est aussi f\u00e9licit\u00e9e de cet accord qui \u00ab\u00a0permettra des flux de donn\u00e9es pr\u00e9visibles et fiables entre l&rsquo;UE et les \u00c9tats-Unis, tout en pr\u00e9servant la vie priv\u00e9e et les libert\u00e9s individuelles\u00a0\u00bb.<\/p>\n<p>Les g\u00e9ants de la tech ont salu\u00e9 un deal qui \u00ab\u00a0r\u00e9tablira la s\u00e9curit\u00e9 juridique pour les entreprises et renforcera les garanties pour les utilisateurs\u00a0\u00bb, dans une d\u00e9claration de la Computer &amp; Communications Industry Association.<\/p>\n<p>La Software Alliance, regroupant les principales entreprises sp\u00e9cialis\u00e9es dans le cloud, a exhort\u00e9 les deux parties \u00e0 \u00ab\u00a0conclure rapidement les n\u00e9gociations\u00a0\u00bb.<\/p>\n<h3>\u00a0\u00ab\u00a0Pari sur un \u00e9chec\u00a0\u00bb<\/h3>\n<p>En juillet 2020, dans un arr\u00eat retentissant, la Cour de justice de l&rsquo;UE avait estim\u00e9 que le \u00ab\u00a0Privacy Shield\u00a0\u00bb, utilis\u00e9 par 5.000 entreprises am\u00e9ricaines, dont les g\u00e9ants comme Google ou Amazon, ne prot\u00e9geait pas de possibles \u00ab\u00a0ing\u00e9rences dans les droits fondamentaux des personnes dont les donn\u00e9es sont transf\u00e9r\u00e9es\u00a0\u00bb.<\/p>\n<p>L&rsquo;affaire avait \u00e9t\u00e9 lanc\u00e9e par une plainte contre Facebook de Max Schrems, figure de la lutte pour la protection des donn\u00e9es, d\u00e9j\u00e0 \u00e0 l&rsquo;origine de l&rsquo;arr\u00eat de 2015 sur l&rsquo;anc\u00eatre du \u00ab\u00a0Privacy Shield\u00a0\u00bb, \u00ab\u00a0Safe Harbor\u00a0\u00bb.<\/p>\n<p>Le juriste autrichien a d\u00e9nonc\u00e9 vendredi l&rsquo;absence de \u00ab\u00a0r\u00e9forme substantielle du c\u00f4t\u00e9 am\u00e9ricain\u00a0\u00bb.<\/p>\n<p>\u00ab\u00a0Le texte final va encore prendre du temps mais d\u00e8s qu&rsquo;il sera disponible nous l&rsquo;analyserons minutieusement (&#8230;) S&rsquo;il n&rsquo;est pas conforme avec le droit de l&rsquo;UE, nous ou d&rsquo;autres le porterons probablement en justice\u00a0\u00bb, a-t-il averti, faisant le \u00ab\u00a0pari a priori que cela va encore \u00e9chouer\u00a0\u00bb.<\/p>\n<p>La d\u00e9cision de la CJUE avait plong\u00e9 dans le flou juridique les entreprises op\u00e9rant dans l&rsquo;UE qui transf\u00e8rent ou font h\u00e9berger des donn\u00e9es outre-Atlantique.<\/p>\n<p>Elles ont depuis eu recours \u00e0 des solutions alternatives, \u00e0 la l\u00e9galit\u00e9 plus incertaine, pour continuer ces transferts, dans l&rsquo;attente d&rsquo;un syst\u00e8me plus solide et p\u00e9renne.<\/p>\n<p>Max Schrems s&rsquo;est attaqu\u00e9 \u00e0 ces arrangements temporaires et son ONG, NYOB, a d\u00e9pos\u00e9 des dizaines de plaintes contre Google dans toute l&rsquo;Europe.<\/p>\n<p>Meta (Facebook) avait dans son rapport annuel &#8211;publi\u00e9 le 3 f\u00e9vrier sur le site du r\u00e9gulateur am\u00e9ricain des march\u00e9s financiers, la SEC&#8211; , indiqu\u00e9 que s&rsquo;il ne lui \u00e9tait plus possible de transmettre aux \u00c9tats-Unis les donn\u00e9es recueillies en Europe, il ne serait \u00ab\u00a0probablement plus en mesure d&rsquo;offrir plusieurs de (ses) produits et services les plus importants, Facebook et Instagram inclus\u00a0\u00bb. (AFP)<\/p>\n","protected":false},"excerpt":{"rendered":"<p>Washington et Bruxelles ont annonc\u00e9 avoir trouv\u00e9 un accord de principe sur un nouveau cadre pour le transfert des donn\u00e9es personnelles de l&rsquo;Union europ\u00e9enne vers les Etats-Unis, crucial pour l&rsquo;\u00e9conomie num\u00e9rique, apr\u00e8s l&rsquo;invalidation des pr\u00e9c\u00e9dents dispositifs par la justice europ\u00e9enne. Nouveau signe de resserrement des liens transatlantiques, l&rsquo;annonce, faite \u00e0 Bruxelles par le pr\u00e9sident am\u00e9ricain [&hellip;]<\/p>\n","protected":false},"author":1,"featured_media":10860,"comment_status":"open","ping_status":"closed","sticky":false,"template":"","format":"standard","meta":{"footnotes":""},"categories":[6],"tags":[2274,663,2273,2272],"class_list":["post-10859","post","type-post","status-publish","format-standard","has-post-thumbnail","hentry","category-technologie","tag-economie-numerique","tag-donnees-personnelles","tag-transfert-des-donnees-personnelles","tag-ue-usa"],"aioseo_notices":[],"_links":{"self":[{"href":"https:\/\/www.culturalusa.com\/news\/wp-json\/wp\/v2\/posts\/10859","targetHints":{"allow":["GET"]}}],"collection":[{"href":"https:\/\/www.culturalusa.com\/news\/wp-json\/wp\/v2\/posts"}],"about":[{"href":"https:\/\/www.culturalusa.com\/news\/wp-json\/wp\/v2\/types\/post"}],"author":[{"embeddable":true,"href":"https:\/\/www.culturalusa.com\/news\/wp-json\/wp\/v2\/users\/1"}],"replies":[{"embeddable":true,"href":"https:\/\/www.culturalusa.com\/news\/wp-json\/wp\/v2\/comments?post=10859"}],"version-history":[{"count":1,"href":"https:\/\/www.culturalusa.com\/news\/wp-json\/wp\/v2\/posts\/10859\/revisions"}],"predecessor-version":[{"id":10861,"href":"https:\/\/www.culturalusa.com\/news\/wp-json\/wp\/v2\/posts\/10859\/revisions\/10861"}],"wp:featuredmedia":[{"embeddable":true,"href":"https:\/\/www.culturalusa.com\/news\/wp-json\/wp\/v2\/media\/10860"}],"wp:attachment":[{"href":"https:\/\/www.culturalusa.com\/news\/wp-json\/wp\/v2\/media?parent=10859"}],"wp:term":[{"taxonomy":"category","embeddable":true,"href":"https:\/\/www.culturalusa.com\/news\/wp-json\/wp\/v2\/categories?post=10859"},{"taxonomy":"post_tag","embeddable":true,"href":"https:\/\/www.culturalusa.com\/news\/wp-json\/wp\/v2\/tags?post=10859"}],"curies":[{"name":"wp","href":"https:\/\/api.w.org\/{rel}","templated":true}]}}