{"id":10865,"date":"2022-03-30T18:49:13","date_gmt":"2022-03-30T16:49:13","guid":{"rendered":"https:\/\/www.culturalusa.com\/news\/?p=10865"},"modified":"2022-03-30T18:50:24","modified_gmt":"2022-03-30T16:50:24","slug":"a-lonu-la-russie-est-accusee-davoir-provoque-une-crise-alimentaire-mondiale","status":"publish","type":"post","link":"https:\/\/www.culturalusa.com\/news\/actualite\/a-lonu-la-russie-est-accusee-davoir-provoque-une-crise-alimentaire-mondiale\/","title":{"rendered":"A l&rsquo;ONU, la Russie est accus\u00e9e d&rsquo;avoir provoqu\u00e9 une \u00ab\u00a0crise alimentaire mondiale\u00a0\u00bb"},"content":{"rendered":"<p>Devant le Conseil de s\u00e9curit\u00e9 de l&rsquo;ONU, la Russie a \u00e9t\u00e9 accus\u00e9e mardi d&rsquo;avoir provoqu\u00e9 une \u00ab\u00a0crise alimentaire mondiale\u00a0\u00bb voire de faire courir un risque de \u00ab\u00a0famine\u00a0\u00bb en ayant d\u00e9clench\u00e9 une guerre contre l&rsquo;Ukraine, le \u00ab\u00a0grenier \u00e0 bl\u00e9 de l&rsquo;Europe\u00a0\u00bb.<\/p>\n<blockquote><p>Le pr\u00e9sident russe \u00ab\u00a0Vladimir Poutine a commenc\u00e9 cette guerre. Il a cr\u00e9\u00e9 cette crise alimentaire mondiale. Et il est celui qui peut l&rsquo;arr\u00eater\u00a0\u00bb, a martel\u00e9 la num\u00e9ro deux de la diplomatie am\u00e9ricaine Wendy Sherman lors d&rsquo;une r\u00e9union du Conseil de s\u00e9curit\u00e9 consacr\u00e9e \u00e0 la situation humanitaire en Ukraine.<\/p><\/blockquote>\n<p>Pour la secr\u00e9taire d&rsquo;Etat adjointe, \u00ab\u00a0la Russie et le pr\u00e9sident Poutine portent, seuls, la responsabilit\u00e9 d&rsquo;avoir fait la guerre \u00e0 l&rsquo;Ukraine et des cons\u00e9quences de cette guerre sur la s\u00e9curit\u00e9 alimentaire mondiale\u00a0\u00bb.<\/p>\n<p>L&rsquo;ambassadeur de France \u00e0 l&rsquo;ONU Nicolas de Rivi\u00e8re a enfonc\u00e9 le clou: \u00ab\u00a0L&rsquo;agression de la Russie contre l&rsquo;Ukraine accro\u00eet le risque de famine \u00e0 travers le monde. Les populations des pays en voie de d\u00e9veloppement sont les premi\u00e8res touch\u00e9es\u00a0\u00bb.<\/p>\n<p>Et, a affirm\u00e9 le diplomate fran\u00e7ais, \u00ab\u00a0la Russie essaiera certainement de nous faire croire que ce sont les sanctions adopt\u00e9es \u00e0 son encontre qui d\u00e9s\u00e9quilibrent la s\u00e9curit\u00e9 alimentaire mondiale\u00a0\u00bb.<\/p>\n<h3>\u00ab\u00a0Hyst\u00e9rie\u00a0\u00bb de l&rsquo;Occident<\/h3>\n<p>De fait, a r\u00e9torqu\u00e9 son homologue russe Vassily Nebenzia, \u00ab\u00a0les v\u00e9ritables raisons des graves turbulences sur les march\u00e9s mondiaux de l&rsquo;alimentation ne sont en aucun cas dues aux agissements de la Russie, mais plut\u00f4t \u00e0 l&rsquo;hyst\u00e9rie incontr\u00f4l\u00e9e des sanctions lanc\u00e9es par l&rsquo;Occident contre\u00a0\u00bb Moscou.<\/p>\n<p>Pourtant, a averti l&rsquo;adjointe du secr\u00e9taire g\u00e9n\u00e9ral de l&rsquo;ONU pour les Affaires humanitaires Joyce Msuya, le conflit en Ukraine \u00ab\u00a0menace de faire encore empirer les choses pour les plus grandes crises humanitaires de la plan\u00e8te, comme en Afghanistan, au Y\u00e9men et dans la Corne de l&rsquo;Afrique\u00a0\u00bb.<\/p>\n<p>\u00ab\u00a0Ces pays luttent d\u00e9j\u00e0 contre l&rsquo;ins\u00e9curit\u00e9 alimentaire, la fragilit\u00e9 de leurs \u00e9conomies, l&rsquo;augmentation des prix de l&rsquo;alimentation, des carburants, des engrais qui vont affecter durement les saisons actuelle et \u00e0 venir\u00a0\u00bb, a pr\u00e9venu la Tanzanienne.<\/p>\n<p>Le directeur du Programme alimentaire mondial (PAM), David Beasley, et Wendy Sherman ont rappel\u00e9 que l&rsquo;Ukraine et la Russie \u00e9taient des \u00ab\u00a0producteurs majeurs\u00a0\u00bb de c\u00e9r\u00e9ales, repr\u00e9sentant \u00ab\u00a030 % des exportations mondiales de bl\u00e9, 20 % du ma\u00efs mondial et 75 % de l&rsquo;huile de tournesol\u00a0\u00bb.<\/p>\n<p>Quelque \u00ab\u00a050 % des c\u00e9r\u00e9ales que nous achetons viennent d&rsquo;Ukraine et nous nourrissions 125 millions de personnes\u00a0\u00bb avant la guerre, a soulign\u00e9 M. Beasley en pr\u00e9venant de l&rsquo;impact \u00ab\u00a0d\u00e9vastateur\u00a0\u00bb que la crise va avoir sur les op\u00e9rations du PAM.<\/p>\n<p>Vendredi, les Vingt-Sept de l&rsquo;Union europ\u00e9enne avaient annonc\u00e9 une initiative pour att\u00e9nuer les p\u00e9nuries alimentaires provoqu\u00e9es par la guerre. L&rsquo;UE et les Etats-Unis souhaitent un engagement multilat\u00e9ral contre les restrictions \u00e0 l&rsquo;export des mati\u00e8res premi\u00e8res agricoles.<\/p>\n<p>Des p\u00e9nuries de c\u00e9r\u00e9ales susceptibles de provoquer des \u00e9meutes de la faim sont redout\u00e9es au Moyen-Orient et en Afrique du Nord. L&rsquo;Egypte, la Turquie, le Bangladesh ou le Nigeria, des pays tr\u00e8s peupl\u00e9s, sont les principaux importateurs de c\u00e9r\u00e9ales de Russie et d&rsquo;Ukraine. (AFP)<\/p>\n","protected":false},"excerpt":{"rendered":"<p>Devant le Conseil de s\u00e9curit\u00e9 de l&rsquo;ONU, la Russie a \u00e9t\u00e9 accus\u00e9e mardi d&rsquo;avoir provoqu\u00e9 une \u00ab\u00a0crise alimentaire mondiale\u00a0\u00bb voire de faire courir un risque de \u00ab\u00a0famine\u00a0\u00bb en ayant d\u00e9clench\u00e9 une guerre contre l&rsquo;Ukraine, le \u00ab\u00a0grenier \u00e0 bl\u00e9 de l&rsquo;Europe\u00a0\u00bb. Le pr\u00e9sident russe \u00ab\u00a0Vladimir Poutine a commenc\u00e9 cette guerre. Il a cr\u00e9\u00e9 cette crise alimentaire [&hellip;]<\/p>\n","protected":false},"author":1,"featured_media":10866,"comment_status":"open","ping_status":"closed","sticky":false,"template":"","format":"standard","meta":{"footnotes":""},"categories":[30],"tags":[2276,2270,553,388],"class_list":["post-10865","post","type-post","status-publish","format-standard","has-post-thumbnail","hentry","category-actualite","tag-crise-alimentaire-mondiale","tag-invasion-de-lukraine","tag-onu","tag-russie"],"aioseo_notices":[],"_links":{"self":[{"href":"https:\/\/www.culturalusa.com\/news\/wp-json\/wp\/v2\/posts\/10865","targetHints":{"allow":["GET"]}}],"collection":[{"href":"https:\/\/www.culturalusa.com\/news\/wp-json\/wp\/v2\/posts"}],"about":[{"href":"https:\/\/www.culturalusa.com\/news\/wp-json\/wp\/v2\/types\/post"}],"author":[{"embeddable":true,"href":"https:\/\/www.culturalusa.com\/news\/wp-json\/wp\/v2\/users\/1"}],"replies":[{"embeddable":true,"href":"https:\/\/www.culturalusa.com\/news\/wp-json\/wp\/v2\/comments?post=10865"}],"version-history":[{"count":1,"href":"https:\/\/www.culturalusa.com\/news\/wp-json\/wp\/v2\/posts\/10865\/revisions"}],"predecessor-version":[{"id":10867,"href":"https:\/\/www.culturalusa.com\/news\/wp-json\/wp\/v2\/posts\/10865\/revisions\/10867"}],"wp:featuredmedia":[{"embeddable":true,"href":"https:\/\/www.culturalusa.com\/news\/wp-json\/wp\/v2\/media\/10866"}],"wp:attachment":[{"href":"https:\/\/www.culturalusa.com\/news\/wp-json\/wp\/v2\/media?parent=10865"}],"wp:term":[{"taxonomy":"category","embeddable":true,"href":"https:\/\/www.culturalusa.com\/news\/wp-json\/wp\/v2\/categories?post=10865"},{"taxonomy":"post_tag","embeddable":true,"href":"https:\/\/www.culturalusa.com\/news\/wp-json\/wp\/v2\/tags?post=10865"}],"curies":[{"name":"wp","href":"https:\/\/api.w.org\/{rel}","templated":true}]}}