{"id":1087,"date":"2013-06-08T12:12:14","date_gmt":"2013-06-08T10:12:14","guid":{"rendered":"http:\/\/www.culturalusa.com\/news\/?p=1087"},"modified":"2013-06-08T12:12:14","modified_gmt":"2013-06-08T10:12:14","slug":"laudiovisuel-public-est-il-indispensable","status":"publish","type":"post","link":"https:\/\/www.culturalusa.com\/news\/culture\/laudiovisuel-public-est-il-indispensable\/","title":{"rendered":"L&rsquo;audiovisuel public est-il indispensable"},"content":{"rendered":"<p><img loading=\"lazy\" decoding=\"async\" src=\"http:\/\/www.culturalusa.com\/news\/wp-content\/uploads\/2013\/06\/audiovisuel.jpg\" alt=\"L&#039;audiovisuel\" width=\"467\" height=\"240\" class=\"aligncenter size-full wp-image-1088\" srcset=\"https:\/\/www.culturalusa.com\/news\/wp-content\/uploads\/2013\/06\/audiovisuel.jpg 467w, https:\/\/www.culturalusa.com\/news\/wp-content\/uploads\/2013\/06\/audiovisuel-275x141.jpg 275w\" sizes=\"auto, (max-width: 467px) 100vw, 467px\" \/>\u00c0 cet \u00e9gard, les \u00e9v\u00e9nements r\u00e9cents qui se sont d\u00e9roul\u00e9s au Portugal sont \u00e9clairants. Au d\u00e9but de l&rsquo;ann\u00e9e 2013, le gouvernement portugais en proie \u00e0 une grave crise \u00e9conomique, songe \u00e0 vendre son audiovisuel public \u00e0 la d\u00e9coupe et fermer certains de ses services. <\/p>\n<p>La RTP (R\u00e1dio e Televis\u00e3o de Portugal) repr\u00e9sente 17 cha\u00eenes de t\u00e9l\u00e9visions et de radio et une part de march\u00e9 en d\u00e9liquescence. <\/p>\n<p>Une soci\u00e9t\u00e9 p\u00e9troli\u00e8re est int\u00e9ress\u00e9e. Les cha\u00eenes priv\u00e9es concurrentes, quant \u00e0 elles, ne sont pas f\u00e2ch\u00e9es de la fermeture de plusieurs antennes d&rsquo;autant plus que l&rsquo;audiovisuel est dans ce contexte de crise un enjeu important. <\/p>\n<p>Le ch\u00f4mage augmente de fa\u00e7on dramatique (son taux atteint de 17,5% en mars dernier) et le temps pass\u00e9 devant le poste de t\u00e9l\u00e9vision augmente de concert. En 2012, les portugais ont pass\u00e9 en moyenne 5h30 devant leur t\u00e9l\u00e9viseur. <\/p>\n<p>Avec le ch\u00f4mage galopant, ce temps consacr\u00e9 \u00e0 la t\u00e9l\u00e9vision a cru d&rsquo;une heure en une seule ann\u00e9e. Finalement, le gouvernement portugais a renonc\u00e9 \u00e0 ses funestes projets. On ne peut que se f\u00e9liciter de cette issue. On peut (et doit) aussi en tirer les le\u00e7ons.  <\/p>\n<p>La t\u00e9l\u00e9vision fran\u00e7aise \u00ab\u00a0se trouve \u00e0 un tournant\u00a0\u00bb face aux bouleversements num\u00e9riques, avec \u00ab\u00a0des d\u00e9fis extr\u00eamement importants\u00a0\u00bb qui doivent amener \u00e0 \u00ab\u00a0repenser son mod\u00e8le\u00a0\u00bb \u00e9conomique, a d\u00e9clar\u00e9 mercredi la ministre de la Culture Aur\u00e9lie Filippetti, en ouvrant des assises de l&rsquo;audiovisuel \u00e0 Paris.<\/p>\n<p>\u00ab\u00a0L&rsquo;audiovisuel fran\u00e7ais, et l&rsquo;audiovisuel europ\u00e9en d&rsquo;ailleurs, se trouvent \u00e0 un tournant\u00a0\u00bb, a d\u00e9clar\u00e9 Mme Filippetti devant des professionnels de la t\u00e9l\u00e9vision et parlementaires, r\u00e9unis au Grand Palais toute la journ\u00e9e pour r\u00e9fl\u00e9chir \u00e0 l&rsquo;avenir du secteur.<\/p>\n<p>\u00ab\u00a0Nous avons un imp\u00e9ratif, c&rsquo;est d&rsquo;aller plus loin qu&rsquo;une simple mise \u00e0 jour du cadre l\u00e9gislatif et r\u00e9glementaire\u00a0\u00bb, a-t-elle ajout\u00e9. \u00ab\u00a0Il y a des d\u00e9fis extr\u00eamement importants. La r\u00e9volution num\u00e9rique est une r\u00e9volution des usages et une r\u00e9volution aussi du mod\u00e8le \u00e9conomique sur lequel repose notre syst\u00e8me audiovisuel. Donc il faut repenser le mod\u00e8le, le faire \u00e9voluer\u00a0\u00bb, a-t-elle dit.<\/p>\n<p>Lors de cette journ\u00e9e, \u00ab\u00a0il ne s&rsquo;agit donc pas simplement entre nous d&rsquo;\u00e9changer des id\u00e9es, des analyses, des retours d&rsquo;exp\u00e9rience, mais bien de faire \u00e9merger des exigences et des propositions tr\u00e8s concr\u00e8tes pour permettre une action \u00e0 une \u00e9ch\u00e9ance br\u00e8ve\u00a0\u00bb, a-t-elle encore poursuivi, soulignant \u00ab\u00a0souhaiter que cela puisse d\u00e9boucher sur des \u00e9volutions r\u00e9glementaires et l\u00e9gislatives \u00e0 un horizon d&rsquo;un an\u00a0\u00bb.<\/p>\n<p>Organis\u00e9es \u00e0 la demande de la ministre de la Culture, ces assises de l&rsquo;audiovisuel doivent permettre d&rsquo;\u00e9voquer des questions li\u00e9es \u00e0 l&rsquo;impact d&rsquo;internet pour l&rsquo;audiovisuel, dans la foul\u00e9e du rapport Lescure pour faire \u00e9voluer la politique culturelle \u00e0 l&rsquo;heure du num\u00e9rique, remis \u00e0 la mi-mai.<\/p>\n<p>Elles aborderont aussi des sujets sensibles li\u00e9s au financement des cha\u00eenes de t\u00e9l\u00e9vision, tout comme l&rsquo;\u00e9pineuse question des relations entre cha\u00eenes de t\u00e9l\u00e9vision et producteurs ind\u00e9pendants, que les premi\u00e8res veulent r\u00e9former largement.<\/p>\n<p>Ce sujet des relations entre producteurs et cha\u00eenes \u00ab\u00a0est sensible et complexe\u00a0\u00bb, a reconnu Aur\u00e9lie Filippetti, pr\u00e9cisant que \u00ab\u00a0pour avancer d&rsquo;une fa\u00e7on constructive et sereine\u00a0\u00bb elle confierait \u00e0 Laurent Vallet, directeur de l&rsquo;Institut pour le financement du cin\u00e9ma et des industries culturelles (Ifcic), une mission \u00ab\u00a0pour lui permettre d&rsquo;entendre les positions de tous\u00a0\u00bb et de \u00ab\u00a0faire des propositions\u00a0\u00bb. (AFP &#038; Huffington Post)<\/p>\n<p style=\"text-align:center;\"><script type=\"text\/javascript\"><!--\ngoogle_ad_client = \"ca-pub-2727717456356200\";\n\/* CulturaLusa 468x60 *\/\ngoogle_ad_slot = \"2785499263\";\ngoogle_ad_width = 468;\ngoogle_ad_height = 60;\n\/\/-->\n<\/script><br \/>\n<script type=\"text\/javascript\"\nsrc=\"http:\/\/pagead2.googlesyndication.com\/pagead\/show_ads.js\">\n<\/script><\/p>\n","protected":false},"excerpt":{"rendered":"<p>\u00c0 cet \u00e9gard, les \u00e9v\u00e9nements r\u00e9cents qui se sont d\u00e9roul\u00e9s au Portugal sont \u00e9clairants. Au d\u00e9but de l&rsquo;ann\u00e9e 2013, le gouvernement portugais en proie \u00e0 une grave crise \u00e9conomique, songe \u00e0 vendre son audiovisuel public \u00e0 la d\u00e9coupe et fermer certains de ses services. La RTP (R\u00e1dio e Televis\u00e3o de Portugal) repr\u00e9sente 17 cha\u00eenes de [&hellip;]<\/p>\n","protected":false},"author":1,"featured_media":0,"comment_status":"open","ping_status":"closed","sticky":false,"template":"","format":"standard","meta":{"footnotes":""},"categories":[4],"tags":[],"class_list":["post-1087","post","type-post","status-publish","format-standard","hentry","category-culture"],"aioseo_notices":[],"_links":{"self":[{"href":"https:\/\/www.culturalusa.com\/news\/wp-json\/wp\/v2\/posts\/1087","targetHints":{"allow":["GET"]}}],"collection":[{"href":"https:\/\/www.culturalusa.com\/news\/wp-json\/wp\/v2\/posts"}],"about":[{"href":"https:\/\/www.culturalusa.com\/news\/wp-json\/wp\/v2\/types\/post"}],"author":[{"embeddable":true,"href":"https:\/\/www.culturalusa.com\/news\/wp-json\/wp\/v2\/users\/1"}],"replies":[{"embeddable":true,"href":"https:\/\/www.culturalusa.com\/news\/wp-json\/wp\/v2\/comments?post=1087"}],"version-history":[{"count":0,"href":"https:\/\/www.culturalusa.com\/news\/wp-json\/wp\/v2\/posts\/1087\/revisions"}],"wp:attachment":[{"href":"https:\/\/www.culturalusa.com\/news\/wp-json\/wp\/v2\/media?parent=1087"}],"wp:term":[{"taxonomy":"category","embeddable":true,"href":"https:\/\/www.culturalusa.com\/news\/wp-json\/wp\/v2\/categories?post=1087"},{"taxonomy":"post_tag","embeddable":true,"href":"https:\/\/www.culturalusa.com\/news\/wp-json\/wp\/v2\/tags?post=1087"}],"curies":[{"name":"wp","href":"https:\/\/api.w.org\/{rel}","templated":true}]}}