{"id":10871,"date":"2022-03-31T17:53:11","date_gmt":"2022-03-31T15:53:11","guid":{"rendered":"https:\/\/www.culturalusa.com\/news\/?p=10871"},"modified":"2022-03-31T17:55:45","modified_gmt":"2022-03-31T15:55:45","slug":"lukraine-rend-hommage-a-la-protection-civile-francaise-pour-aide-humanitaire","status":"publish","type":"post","link":"https:\/\/www.culturalusa.com\/news\/monde\/lukraine-rend-hommage-a-la-protection-civile-francaise-pour-aide-humanitaire\/","title":{"rendered":"L&rsquo;Ukraine rend hommage \u00e0 la Protection civile fran\u00e7aise pour l&rsquo;Aide humanitaire"},"content":{"rendered":"<p>L&rsquo;ambassade d&rsquo;Ukraine aupr\u00e8s du Conseil de l&rsquo;Europe a rendu hommage jeudi \u00e0 la Protection civile fran\u00e7aise qui a convoy\u00e9 depuis Strasbourg plus de 1.100 tonnes d&rsquo;aide humanitaire pour les r\u00e9fugi\u00e9s ukrainiens depuis le d\u00e9but de l&rsquo;invasion russe, il y a plus d&rsquo;un mois.<\/p>\n<p>\u00ab\u00a0L&rsquo;agression russe a caus\u00e9 une crise humanitaire s\u00e9rieuse en Ukraine\u00a0\u00bb, a provoqu\u00e9 la fuite \u00ab\u00a0\u00e0 l&rsquo;\u00e9tranger\u00a0\u00bb de \u00ab\u00a0plus de 4 millions d&rsquo;Ukrainiens\u00a0\u00bb et caus\u00e9 d&rsquo;importantes destructions, a d\u00e9clar\u00e9 l&rsquo;ambassadeur Borys Tarasyuk lors d&rsquo;une c\u00e9r\u00e9monie \u00e0 Strasbourg de remise de lettres de remerciements \u00e0 des b\u00e9n\u00e9voles de la Protection civile, venus de toute la France et qui ont pris part \u00e0 des convois de camions d&rsquo;aide pour l&rsquo;Ukraine.<\/p>\n<h3>La Protection civile fran\u00e7aise a \u00ab\u00a0beaucoup soutenu l&rsquo;Ukraine\u00a0\u00bb, \u00ab\u00a0d\u00e8s le d\u00e9but de la guerre\u00a0\u00bb, a soulign\u00e9 le diplomate, rappelant que le premier convoi \u00ab\u00a0de 13 camions\u00a0\u00bb \u00e9tait parti le 6 mars de Strasbourg pour rallier Lublin, en Pologne, o\u00f9 de nombreux Ukrainiens avaient fui les combats.<\/h3>\n<p>L&rsquo;association, qui revendique 30.000 b\u00e9n\u00e9voles en France, a convoy\u00e9 \u00ab\u00a010.000 palettes\u00a0\u00bb, soit plus de \u00ab\u00a01.100 tonnes\u00a0\u00bb d&rsquo;aide (mat\u00e9riel d&rsquo;hygi\u00e8ne ou m\u00e9dical, lits de camp, groupes \u00e9lectrog\u00e8nes, aliments&#8230;), a pr\u00e9cis\u00e9 Jean-Daniel Schill, vice-pr\u00e9sident de la Protection civile du Bas-Rhin.<\/p>\n<p>Au total, l&rsquo;organisation, qui collecte les aides d\u00e9pos\u00e9es en mairies, a r\u00e9colt\u00e9 \u00ab\u00a0environ 30.000 palettes de dons, un \u00e9lan de g\u00e9n\u00e9rosit\u00e9 jamais vu en France\u00a0\u00bb, selon lui.<\/p>\n<blockquote><p>L&rsquo;acheminement s&rsquo;est fait via les convois \u00ab\u00a0Orzel\u00a0\u00bb (\u00ab\u00a0aigle\u00a0\u00bb en polonais), dont quatre sont d\u00e9j\u00e0 partis, ou par des trains pr\u00eat\u00e9s gracieusement par la SNCF : mercredi dernier, onze wagons transportant 150 tonnes d&rsquo;aide ont ainsi quitt\u00e9 Strasbourg pour rejoindre Tulcea, dans l&rsquo;Est de la Roumanie.<\/p><\/blockquote>\n<p>Un convoi ferroviaire similaire prend le m\u00eame chemin jeudi, selon M. Schill.<\/p>\n<p>L&rsquo;ambassadeur a \u00e9galement rendu hommage \u00e0 l&rsquo;association alsacienne d&rsquo;aide \u00e0 l&rsquo;Ukraine PromoUkraina, qui a notamment collect\u00e9 2.000 caisses d&rsquo;aide humanitaire qu&rsquo;elle a exp\u00e9di\u00e9es directement en Ukraine.<\/p>\n<p>Par ailleurs, la soci\u00e9t\u00e9 de t\u00e9l\u00e9communications Transatel a annonc\u00e9 jeudi qu&rsquo;elle allait offrir \u00ab\u00a010.000 cartes SIM virtuelles\u00a0\u00bb \u00e0 des <strong>r\u00e9fugi\u00e9s ukrainiens<\/strong>, sous forme QR codes \u00e0 t\u00e9l\u00e9charger. Elles proposeront notamment 2 GO de donn\u00e9es pendant trois mois.<\/p>\n<p>Ces cartes virtuelles seront t\u00e9l\u00e9chargeables dans les ambassades ukrainiennes de capitales europ\u00e9ennes, selon un communiqu\u00e9 de la soci\u00e9t\u00e9.<\/p>\n","protected":false},"excerpt":{"rendered":"<p>L&rsquo;ambassade d&rsquo;Ukraine aupr\u00e8s du Conseil de l&rsquo;Europe a rendu hommage jeudi \u00e0 la Protection civile fran\u00e7aise qui a convoy\u00e9 depuis Strasbourg plus de 1.100 tonnes d&rsquo;aide humanitaire pour les r\u00e9fugi\u00e9s ukrainiens depuis le d\u00e9but de l&rsquo;invasion russe, il y a plus d&rsquo;un mois. \u00ab\u00a0L&rsquo;agression russe a caus\u00e9 une crise humanitaire s\u00e9rieuse en Ukraine\u00a0\u00bb, a provoqu\u00e9 [&hellip;]<\/p>\n","protected":false},"author":1,"featured_media":10872,"comment_status":"open","ping_status":"closed","sticky":false,"template":"","format":"standard","meta":{"footnotes":""},"categories":[1372],"tags":[2277,2278,2253,333],"class_list":["post-10871","post","type-post","status-publish","format-standard","has-post-thumbnail","hentry","category-monde","tag-aide-humanitaire","tag-protection-civile-francaise","tag-refugies-ukrainiens","tag-ukraine"],"aioseo_notices":[],"_links":{"self":[{"href":"https:\/\/www.culturalusa.com\/news\/wp-json\/wp\/v2\/posts\/10871","targetHints":{"allow":["GET"]}}],"collection":[{"href":"https:\/\/www.culturalusa.com\/news\/wp-json\/wp\/v2\/posts"}],"about":[{"href":"https:\/\/www.culturalusa.com\/news\/wp-json\/wp\/v2\/types\/post"}],"author":[{"embeddable":true,"href":"https:\/\/www.culturalusa.com\/news\/wp-json\/wp\/v2\/users\/1"}],"replies":[{"embeddable":true,"href":"https:\/\/www.culturalusa.com\/news\/wp-json\/wp\/v2\/comments?post=10871"}],"version-history":[{"count":3,"href":"https:\/\/www.culturalusa.com\/news\/wp-json\/wp\/v2\/posts\/10871\/revisions"}],"predecessor-version":[{"id":10875,"href":"https:\/\/www.culturalusa.com\/news\/wp-json\/wp\/v2\/posts\/10871\/revisions\/10875"}],"wp:featuredmedia":[{"embeddable":true,"href":"https:\/\/www.culturalusa.com\/news\/wp-json\/wp\/v2\/media\/10872"}],"wp:attachment":[{"href":"https:\/\/www.culturalusa.com\/news\/wp-json\/wp\/v2\/media?parent=10871"}],"wp:term":[{"taxonomy":"category","embeddable":true,"href":"https:\/\/www.culturalusa.com\/news\/wp-json\/wp\/v2\/categories?post=10871"},{"taxonomy":"post_tag","embeddable":true,"href":"https:\/\/www.culturalusa.com\/news\/wp-json\/wp\/v2\/tags?post=10871"}],"curies":[{"name":"wp","href":"https:\/\/api.w.org\/{rel}","templated":true}]}}