{"id":10911,"date":"2022-04-13T19:03:34","date_gmt":"2022-04-13T17:03:34","guid":{"rendered":"https:\/\/www.culturalusa.com\/news\/?p=10911"},"modified":"2022-04-13T19:06:12","modified_gmt":"2022-04-13T17:06:12","slug":"ecologie-emmanuel-macron-veut-enrichir-son-projet-avec-des-propositions-dautres-candidats","status":"publish","type":"post","link":"https:\/\/www.culturalusa.com\/news\/politique\/ecologie-emmanuel-macron-veut-enrichir-son-projet-avec-des-propositions-dautres-candidats\/","title":{"rendered":"Ecologie: Emmanuel Macron veut \u00ab\u00a0enrichir\u00a0\u00bb son projet avec des propositions d&rsquo;autres candidats"},"content":{"rendered":"<p>Emmanuel Macron a expliqu\u00e9 mercredi vouloir <strong>\u00ab\u00a0enrichir\u00a0\u00bb son programme en mati\u00e8re \u00e9cologique<\/strong> en reprenant les id\u00e9es de \u00ab\u00a0planification \u00e9cologique\u00a0\u00bb de Jean-Luc M\u00e9lenchon ou les propositions de Yannick Jadot en mati\u00e8re d'\u00a0\u00bb\u00e9conomie circulaire\u00a0\u00bb.<\/p>\n<blockquote><p>\u00ab\u00a0Je crois au socle de mon projet, mais tout ce que je peux faire pour aller plus vite, pour intensifier les choses, je suis pr\u00eat \u00e0 le reprendre\u00a0\u00bb, a-t-il d\u00e9clar\u00e9 sur France 2<\/p><\/blockquote>\n<h3>Il a fait valoir que son projet \u00e9tait \u00ab\u00a0le seul qui permette de sortir rapidement de la d\u00e9pendance aux \u00e9nergies fossiles, en particulier venant de Russie ou de pays avec lesquels nous pouvons avoir des risques g\u00e9opolitiques\u00a0\u00bb.<\/h3>\n<p>Mais il souhaite \u00ab\u00a0intensifier le rythme\u00a0\u00bb sur ses principaux axes: \u00ab\u00a0la sobri\u00e9t\u00e9\u00a0\u00bb \u00e9nerg\u00e9tique via la r\u00e9novation des logements et un syst\u00e8me de leasing de v\u00e9hicules \u00e9lectriques pour les familles modestes, le d\u00e9ploiement des \u00e9nergies renouvelables et le programme nucl\u00e9aire.<\/p>\n<p>Le pr\u00e9sident candidat \u00ab\u00a0souhaite regarder aussi ce qui, venant d&rsquo;autres propositions, permet de clarifier cette ligne avec une planification \u00e9cologique\u00a0\u00bb, a-t-il indiqu\u00e9, reprenant ainsi une id\u00e9e du candidat LFI Jean-Luc M\u00e9lenchon, arriv\u00e9 troisi\u00e8me au premier tour de la pr\u00e9sidentielle.<\/p>\n<p>\u00ab\u00a0Je ne vais pas dire que je vais sortir du nucl\u00e9aire, ce qui \u00e9tait (la) position (de Jean-Luc M\u00e9lenchon), parce que \u00e7a n&rsquo;est pas bon pour notre pays\u00a0\u00bb, a-t-il soulign\u00e9, mais il faut \u00ab\u00a0enrichir, intensifier, mettre plus d&rsquo;investissements sur l&rsquo;ensemble de ces sujets\u00a0\u00bb.<\/p>\n<p>Il a \u00e9galement cit\u00e9 les propositions de l&rsquo;\u00e9cologiste Yannick Jadot, 6e au premier tour, \u00ab\u00a0sur les sujets d&rsquo;\u00e9conomie circulaire o\u00f9 il voulait aller encore plus vite que ce qu&rsquo;on faisait\u00a0\u00bb, en pr\u00e9cisant \u00ab\u00a0croire \u00e0 l&rsquo;\u00e9cologie de solutions\u00a0\u00bb, pas \u00e0 \u00ab\u00a0des projets de d\u00e9croissance\u00a0\u00bb.<\/p>\n<p>Il a dans le m\u00eame temps attaqu\u00e9 \u00ab\u00a0le projet d&rsquo;extr\u00eame droite\u00a0\u00bb de la candidate RN Marine Le Pen qui \u00ab\u00a0se moque compl\u00e8tement du rapport du GIEC\u00a0\u00bb, et \u00ab\u00a0consiste \u00e0 d\u00e9monter les \u00e9oliennes (&#8230;), c&rsquo;est-\u00e0-dire \u00e0 d\u00e9penser des centaines de millions d&rsquo;euros pour enlever des sources d&rsquo;\u00e9nergie renouvelables, ce qui est une absurdit\u00e9 et budg\u00e9taire et \u00e9nerg\u00e9tique\u00a0\u00bb.<\/p>\n<p>Interrog\u00e9 pour savoir s&rsquo;il nommerait un nouveau Premier ministre dans les 15 jours suivant son \u00e9ventuelle r\u00e9\u00e9lection, Emmanuel Macron a soulign\u00e9 que cela d\u00e9pendait \u00ab\u00a0du contexte international\u00a0\u00bb.<\/p>\n<p>\u00ab\u00a0Evidemment si je suis \u00e9lu, c&rsquo;est pour renouveler les choses et pouvoir aller aux \u00e9lections\u00a0\u00bb l\u00e9gislatives de juin, mais il y a \u00ab\u00a0une r\u00e9serve: c&rsquo;est qu&rsquo;il n&rsquo;y ait pas des circonstances exceptionnelles qui supposent de prendre des d\u00e9cisions rapides, avec un gouvernement en place\u00a0\u00bb, a-t-il expliqu\u00e9 en citant la guerre en Ukraine. (AFP)<\/p>\n","protected":false},"excerpt":{"rendered":"<p>Emmanuel Macron a expliqu\u00e9 mercredi vouloir \u00ab\u00a0enrichir\u00a0\u00bb son programme en mati\u00e8re \u00e9cologique en reprenant les id\u00e9es de \u00ab\u00a0planification \u00e9cologique\u00a0\u00bb de Jean-Luc M\u00e9lenchon ou les propositions de Yannick Jadot en mati\u00e8re d&rsquo;\u00a0\u00bb\u00e9conomie circulaire\u00a0\u00bb. \u00ab\u00a0Je crois au socle de mon projet, mais tout ce que je peux faire pour aller plus vite, pour intensifier les choses, je [&hellip;]<\/p>\n","protected":false},"author":1,"featured_media":10913,"comment_status":"open","ping_status":"closed","sticky":false,"template":"","format":"standard","meta":{"footnotes":""},"categories":[1494],"tags":[2240,976,642,2294],"class_list":["post-10911","post","type-post","status-publish","format-standard","has-post-thumbnail","hentry","category-politique","tag-campagne-presidentielle-2022","tag-ecologie","tag-emmanuel-macron","tag-risques-geopolitiques"],"aioseo_notices":[],"_links":{"self":[{"href":"https:\/\/www.culturalusa.com\/news\/wp-json\/wp\/v2\/posts\/10911","targetHints":{"allow":["GET"]}}],"collection":[{"href":"https:\/\/www.culturalusa.com\/news\/wp-json\/wp\/v2\/posts"}],"about":[{"href":"https:\/\/www.culturalusa.com\/news\/wp-json\/wp\/v2\/types\/post"}],"author":[{"embeddable":true,"href":"https:\/\/www.culturalusa.com\/news\/wp-json\/wp\/v2\/users\/1"}],"replies":[{"embeddable":true,"href":"https:\/\/www.culturalusa.com\/news\/wp-json\/wp\/v2\/comments?post=10911"}],"version-history":[{"count":4,"href":"https:\/\/www.culturalusa.com\/news\/wp-json\/wp\/v2\/posts\/10911\/revisions"}],"predecessor-version":[{"id":10916,"href":"https:\/\/www.culturalusa.com\/news\/wp-json\/wp\/v2\/posts\/10911\/revisions\/10916"}],"wp:featuredmedia":[{"embeddable":true,"href":"https:\/\/www.culturalusa.com\/news\/wp-json\/wp\/v2\/media\/10913"}],"wp:attachment":[{"href":"https:\/\/www.culturalusa.com\/news\/wp-json\/wp\/v2\/media?parent=10911"}],"wp:term":[{"taxonomy":"category","embeddable":true,"href":"https:\/\/www.culturalusa.com\/news\/wp-json\/wp\/v2\/categories?post=10911"},{"taxonomy":"post_tag","embeddable":true,"href":"https:\/\/www.culturalusa.com\/news\/wp-json\/wp\/v2\/tags?post=10911"}],"curies":[{"name":"wp","href":"https:\/\/api.w.org\/{rel}","templated":true}]}}