{"id":10925,"date":"2022-04-19T18:38:19","date_gmt":"2022-04-19T16:38:19","guid":{"rendered":"https:\/\/www.culturalusa.com\/news\/?p=10925"},"modified":"2022-04-19T18:38:19","modified_gmt":"2022-04-19T16:38:19","slug":"la-secheresse-en-lafrique-menace-de-famine-20-millions-de-personnes","status":"publish","type":"post","link":"https:\/\/www.culturalusa.com\/news\/monde\/la-secheresse-en-lafrique-menace-de-famine-20-millions-de-personnes\/","title":{"rendered":"La s\u00e9cheresse en l&rsquo;Afrique menace de famine 20 millions de personnes"},"content":{"rendered":"<p>Au moins 20 millions de personnes font face \u00e0 un risque de famine cette ann\u00e9e en raison de la s\u00e9cheresse qui s&rsquo;aggrave au <strong>Kenya, en Somalie et en Ethiopie<\/strong>, s&rsquo;est alarm\u00e9 mardi le Programme alimentaire mondial (PAM) des Nations unies.<\/p>\n<blockquote><p>De longs mois de s\u00e9cheresse dans la Corne de l&rsquo;Afrique ont ravag\u00e9 les cultures et le b\u00e9tail et forc\u00e9 de nombreuses personnes \u00e0 quitter leur foyer en qu\u00eate d&rsquo;eau et de nourriture.<\/p><\/blockquote>\n<p>Un mois apr\u00e8s le d\u00e9but th\u00e9orique de la saison des pluies, \u00ab\u00a0le nombre de personnes qui ont faim en raison de la s\u00e9cheresse pourrait monter en fl\u00e8che, passant de l&rsquo;estimation actuelle de 14 millions \u00e0 20 millions en 2022\u00a0\u00bb, a d\u00e9clar\u00e9 le PAM dans un communiqu\u00e9.<\/p>\n<p>Ainsi, six millions de Somaliens, soit pr\u00e8s de 40% de la population de ce pays, font face \u00e0 des niveaux extr\u00eames d&rsquo;ins\u00e9curit\u00e9 alimentaire et, sans am\u00e9lioration de la situation, \u00e0 \u00ab\u00a0un risque tr\u00e8s r\u00e9el de famine dans les mois \u00e0 venir\u00a0\u00bb, s&rsquo;inqui\u00e8te le PAM.<\/p>\n<p>Au Kenya, 500.000 personnes se dirigent vers une crise alimentaire, particuli\u00e8rement au sein de communaut\u00e9s du nord qui vivent du b\u00e9tail.<\/p>\n<p>En Ethiopie, o\u00f9 la guerre fait rage depuis 17 mois dans le nord, les taux de malnutrition dans le sud et le sud-est ont d\u00e9pass\u00e9 les niveaux d&rsquo;urgence.<\/p>\n<p>Certaines zones touch\u00e9es par la s\u00e9cheresse dans la Corne de l&rsquo;Afrique subissent par ailleurs les effets cumul\u00e9s de conflits, de la pauvret\u00e9 et d&rsquo;une invasion de criquets, a soulign\u00e9 mardi l&rsquo;Organisation des Nations unies pour l&rsquo;alimentation et l&rsquo;agriculture (FAO).<\/p>\n<h3>\u00ab\u00a0Nous devons agir maintenant (&#8230;) si nous voulons pr\u00e9venir une catastrophe humanitaire\u00a0\u00bb, a d\u00e9clar\u00e9 lors d&rsquo;un briefing \u00e0 Gen\u00e8ve Chimimba David Phiri, le repr\u00e9sentant de la FAO aupr\u00e8s de l&rsquo;Union africaine.<\/h3>\n<p>De plus, la situation est aggrav\u00e9e par le conflit en Ukraine, qui a contribu\u00e9 \u00e0 l&rsquo;augmentation des prix alimentaires et du carburant et a perturb\u00e9 les cha\u00eenes d&rsquo;approvisionnement, souligne le PAM.<\/p>\n<p>L&rsquo;agence note que le manque de fonds dans cette r\u00e9gion du monde pourrait conduire \u00e0 une catastrophe et lance un appel \u00e0 financements de 473 millions de dollars (438 millions d&rsquo;euros) sur les six prochains mois.<\/p>\n<p>En f\u00e9vrier, un pr\u00e9c\u00e9dent appel avait r\u00e9uni moins de 4% des sommes n\u00e9cessaires, note-t-elle.<\/p>\n<p>\u00ab\u00a0Nous savons d&rsquo;exp\u00e9riences pass\u00e9es que pour \u00e9viter une catastrophe humanitaire, r\u00e9agir rapidement est vital, mais notre capacit\u00e9 \u00e0 enclencher la r\u00e9ponse a \u00e9t\u00e9 limit\u00e9e par un manque de financements \u00e0 ce jour\u00a0\u00bb, d\u00e9clare Michael Dunford, le directeur r\u00e9gional du PAM pour l&rsquo;Afrique de l&rsquo;Est.<\/p>\n<p>De son c\u00f4t\u00e9, il manque \u00e0 la FAO plus de 60% des fonds requis pour aider les 1,5 million de personnes que cette agence veut soutenir dans les trois pays.<\/p>\n<p>En 2017, une mobilisation humanitaire pr\u00e9coce avait permis d&rsquo;\u00e9viter une famine en Somalie, contrairement \u00e0 2011 o\u00f9 260.000 personnes &#8211; dont la moiti\u00e9 d&rsquo;enfants de moins de six ans &#8211; \u00e9taient mortes de faim ou de troubles li\u00e9s \u00e0 la faim.<\/p>\n<p>Selon les experts, les \u00e9v\u00e9nements climatiques sont plus fr\u00e9quents et plus intenses en raison du changement climatique.<\/p>\n","protected":false},"excerpt":{"rendered":"<p>Au moins 20 millions de personnes font face \u00e0 un risque de famine cette ann\u00e9e en raison de la s\u00e9cheresse qui s&rsquo;aggrave au Kenya, en Somalie et en Ethiopie, s&rsquo;est alarm\u00e9 mardi le Programme alimentaire mondial (PAM) des Nations unies. De longs mois de s\u00e9cheresse dans la Corne de l&rsquo;Afrique ont ravag\u00e9 les cultures et [&hellip;]<\/p>\n","protected":false},"author":1,"featured_media":10926,"comment_status":"open","ping_status":"closed","sticky":false,"template":"","format":"standard","meta":{"footnotes":""},"categories":[1372],"tags":[1833,2301,2300,2299],"class_list":["post-10925","post","type-post","status-publish","format-standard","has-post-thumbnail","hentry","category-monde","tag-afrique","tag-catastrophe-humanitaire","tag-famine","tag-secheresse"],"aioseo_notices":[],"_links":{"self":[{"href":"https:\/\/www.culturalusa.com\/news\/wp-json\/wp\/v2\/posts\/10925","targetHints":{"allow":["GET"]}}],"collection":[{"href":"https:\/\/www.culturalusa.com\/news\/wp-json\/wp\/v2\/posts"}],"about":[{"href":"https:\/\/www.culturalusa.com\/news\/wp-json\/wp\/v2\/types\/post"}],"author":[{"embeddable":true,"href":"https:\/\/www.culturalusa.com\/news\/wp-json\/wp\/v2\/users\/1"}],"replies":[{"embeddable":true,"href":"https:\/\/www.culturalusa.com\/news\/wp-json\/wp\/v2\/comments?post=10925"}],"version-history":[{"count":1,"href":"https:\/\/www.culturalusa.com\/news\/wp-json\/wp\/v2\/posts\/10925\/revisions"}],"predecessor-version":[{"id":10927,"href":"https:\/\/www.culturalusa.com\/news\/wp-json\/wp\/v2\/posts\/10925\/revisions\/10927"}],"wp:featuredmedia":[{"embeddable":true,"href":"https:\/\/www.culturalusa.com\/news\/wp-json\/wp\/v2\/media\/10926"}],"wp:attachment":[{"href":"https:\/\/www.culturalusa.com\/news\/wp-json\/wp\/v2\/media?parent=10925"}],"wp:term":[{"taxonomy":"category","embeddable":true,"href":"https:\/\/www.culturalusa.com\/news\/wp-json\/wp\/v2\/categories?post=10925"},{"taxonomy":"post_tag","embeddable":true,"href":"https:\/\/www.culturalusa.com\/news\/wp-json\/wp\/v2\/tags?post=10925"}],"curies":[{"name":"wp","href":"https:\/\/api.w.org\/{rel}","templated":true}]}}